{"id":4581,"date":"2014-08-11T13:44:56","date_gmt":"2014-08-11T13:44:56","guid":{"rendered":"http:\/\/folhadosudeste.com\/site\/?p=4581"},"modified":"2014-08-11T14:07:10","modified_gmt":"2014-08-11T14:07:10","slug":"abertas-as-inscricoes-para-vagas-de-cursos-de-qualificacao-profissional","status":"publish","type":"post","link":"https:\/\/folhadosudeste.com\/site\/?p=4581","title":{"rendered":"Abertas as inscri\u00e7\u00f5es para vagas de cursos de qualifica\u00e7\u00e3o profissional"},"content":{"rendered":"<p align=\"center\"><a href=\"http:\/\/folhadosudeste.com\/site\/wp-content\/uploads\/2014\/08\/profissional.jpg\"><img loading=\"lazy\" decoding=\"async\" class=\"aligncenter size-full wp-image-4582\" alt=\"profissional\" src=\"http:\/\/folhadosudeste.com\/site\/wp-content\/uploads\/2014\/08\/profissional.jpg\" width=\"600\" height=\"407\" srcset=\"https:\/\/folhadosudeste.com\/site\/wp-content\/uploads\/2014\/08\/profissional.jpg 600w, https:\/\/folhadosudeste.com\/site\/wp-content\/uploads\/2014\/08\/profissional-300x203.jpg 300w\" sizes=\"auto, (max-width: 600px) 100vw, 600px\" \/><\/a><\/p>\n<p align=\"center\"><b>Abertas as inscri\u00e7\u00f5es para vagas de cursos de qualifica\u00e7\u00e3o profissional<\/b><\/p>\n<p>A Prefeitura de Muria\u00e9, atrav\u00e9s da Secretaria Municipal de Desenvolvimento Social, informa que est\u00e3o abertas as inscri\u00e7\u00f5es de duas modalidades de cursos presenciais de qualifica\u00e7\u00e3o profissional.<\/p>\n<p>Para os interessados em aprenderem o of\u00edcio de costurar h\u00e1 30 vagas dispon\u00edveis. As aulas, que acontecer\u00e3o todas as segundas, quartas e sextas-feiras, das 13 \u00e0s 17 horas, nas depend\u00eancias do Servi\u00e7o Nacional de Aprendizagem Industrial (SENAI), ter\u00e3o in\u00edcio dia 18 de agosto, com previs\u00e3o de t\u00e9rmino para 12 de dezembro. \u00c9 necess\u00e1rio que os alunos tenham escolaridade m\u00ednima at\u00e9 a 4\u00aa s\u00e9rie.<\/p>\n<p>A outra op\u00e7\u00e3o de curso ofertado \u00e9 o de aplicador de revestimento cer\u00e2mico. H\u00e1 20 vagas e as aulas tamb\u00e9m ser\u00e3o ministradas no SENAI, todas as segundas, ter\u00e7as, quartas e quintas-feiras, das 18h30 \u00e0s 22h30. O curso ser\u00e1 iniciado dia 18 de agosto e previsto para encerrar em 26 de novembro. Para esta modalidade de estudo o aluno dever\u00e1 ter escolaridade m\u00ednima at\u00e9 a 5\u00aa s\u00e9rie.<\/p>\n<p>Garanta j\u00e1 a sua vaga! Capacite-se para o mercado de trabalho! Matricule-se na Secretaria Municipal de Desenvolvimento Social. Mais esclarecimento ligue para (32) 3696-3387.<\/p>\n<p>Fonte: Nath\u00e1lia Aquino Sigiliano<\/p>\n","protected":false},"excerpt":{"rendered":"<p>Abertas as inscri\u00e7\u00f5es para vagas de cursos de qualifica\u00e7\u00e3o profissional A Prefeitura de Muria\u00e9, atrav\u00e9s da Secretaria Municipal de Desenvolvimento Social, informa que est\u00e3o abertas as inscri\u00e7\u00f5es de duas modalidades de cursos presenciais de qualifica\u00e7\u00e3o profissional. Para os interessados em aprenderem o of\u00edcio de costurar h\u00e1 30 vagas dispon\u00edveis. As aulas, que acontecer\u00e3o todas as [&hellip;]<\/p>\n","protected":false},"author":4,"featured_media":4582,"comment_status":"open","ping_status":"closed","sticky":false,"template":"","format":"standard","meta":{"_joinchat":[],"footnotes":""},"categories":[1],"tags":[],"class_list":["post-4581","post","type-post","status-publish","format-standard","has-post-thumbnail","hentry","category-sem-categoria"],"_links":{"self":[{"href":"https:\/\/folhadosudeste.com\/site\/index.php?rest_route=\/wp\/v2\/posts\/4581","targetHints":{"allow":["GET"]}}],"collection":[{"href":"https:\/\/folhadosudeste.com\/site\/index.php?rest_route=\/wp\/v2\/posts"}],"about":[{"href":"https:\/\/folhadosudeste.com\/site\/index.php?rest_route=\/wp\/v2\/types\/post"}],"author":[{"embeddable":true,"href":"https:\/\/folhadosudeste.com\/site\/index.php?rest_route=\/wp\/v2\/users\/4"}],"replies":[{"embeddable":true,"href":"https:\/\/folhadosudeste.com\/site\/index.php?rest_route=%2Fwp%2Fv2%2Fcomments&post=4581"}],"version-history":[{"count":3,"href":"https:\/\/folhadosudeste.com\/site\/index.php?rest_route=\/wp\/v2\/posts\/4581\/revisions"}],"predecessor-version":[{"id":4592,"href":"https:\/\/folhadosudeste.com\/site\/index.php?rest_route=\/wp\/v2\/posts\/4581\/revisions\/4592"}],"wp:featuredmedia":[{"embeddable":true,"href":"https:\/\/folhadosudeste.com\/site\/index.php?rest_route=\/wp\/v2\/media\/4582"}],"wp:attachment":[{"href":"https:\/\/folhadosudeste.com\/site\/index.php?rest_route=%2Fwp%2Fv2%2Fmedia&parent=4581"}],"wp:term":[{"taxonomy":"category","embeddable":true,"href":"https:\/\/folhadosudeste.com\/site\/index.php?rest_route=%2Fwp%2Fv2%2Fcategories&post=4581"},{"taxonomy":"post_tag","embeddable":true,"href":"https:\/\/folhadosudeste.com\/site\/index.php?rest_route=%2Fwp%2Fv2%2Ftags&post=4581"}],"curies":[{"name":"wp","href":"https:\/\/api.w.org\/{rel}","templated":true}]}}