{"id":4593,"date":"2014-08-11T14:23:42","date_gmt":"2014-08-11T14:23:42","guid":{"rendered":"http:\/\/folhadosudeste.com\/site\/?p=4593"},"modified":"2014-08-11T14:23:42","modified_gmt":"2014-08-11T14:23:42","slug":"folha-policial-ocorrencias-em-destaques-4","status":"publish","type":"post","link":"https:\/\/folhadosudeste.com\/site\/?p=4593","title":{"rendered":"FOLHA POLICIAL &#8211; OCORR\u00caNCIAS EM DESTAQUES"},"content":{"rendered":"<p style=\"text-align: justify;\"><a href=\"http:\/\/folhadosudeste.com\/site\/wp-content\/uploads\/2014\/08\/viatura-pm1.jpg\"><img loading=\"lazy\" decoding=\"async\" class=\"aligncenter size-full wp-image-4594\" alt=\"viatura-pm1\" src=\"http:\/\/folhadosudeste.com\/site\/wp-content\/uploads\/2014\/08\/viatura-pm1.jpg\" width=\"620\" height=\"346\" srcset=\"https:\/\/folhadosudeste.com\/site\/wp-content\/uploads\/2014\/08\/viatura-pm1.jpg 620w, https:\/\/folhadosudeste.com\/site\/wp-content\/uploads\/2014\/08\/viatura-pm1-300x167.jpg 300w\" sizes=\"auto, (max-width: 620px) 100vw, 620px\" \/><\/a><\/p>\n<p><b>PM EFETUA PRIS\u00c3O A UM DOS ENVOLVIDOS EM ROUBO A CORRESPONDENTE BANC\u00c1RIO EM MURIA\u00c9<\/b><b>\u00a0<\/b><\/p>\n<p>Em 08\/08\/2014, por volta das 15h30min, na Rua Benedito Valadares, no Bairro Barra, militares fizeram contato com L. C.P. de 47 anos e este relatou que viu 02 indiv\u00edduos em atitudes suspeitas, sendo E.J.N.C. de 27 anos e F.A.L.G.J. de 26 anos. Que fez contato via 190, mas logo ap\u00f3s este \u00faltimo invadiu o estabelecimento portando uma arma de fogo, rev\u00f3lver cal.38, e com a cabe\u00e7a coberta por um tecido anunciou o roubo, levando aproximadamente de R$ 6000,00 A R$7000,00. Ap\u00f3s o roubo, o autor evadiu sentido a rua OSVALDO CRUZ. Em rastreamento, M.J.R. relatou que foi abordado por um dos suspeitos que subtraiu sua mochila e que nela continha R$300,00, usando a mesma para levar o dinheiro roubado no estabelecimento CAIXA AQUI. Posteriormente, o taxista J.L. informou que realizou uma \u201ccorrida\u201d ao bairro PLANALTO, levando um dos autores, deixando-o na rua FRANCISCO DE ASSIS MATOS DE OLIVEIRA. Em dilig\u00eancia na casa do segundo suspeito, sua m\u00e3e relatou que seu filho chegou em casa e trocou de roupa, a qual foi recolhida. Segundo ele, teria conversado com o indiv\u00edduo em fuga, mas nega participa\u00e7\u00e3o no roubo. Ante ao exposto, foi dada voz de pris\u00e3o ao autor a este e conduzido\u00a0 \u00e0 DPJ. O autor segundo indiv\u00edduo n\u00e3o foi localizado.<\/p>\n<p><b>PM EFETUA PRIS\u00c3O POR TR\u00c1FICO IL\u00cdCITO DE DROGAS EM MURIA\u00c9<\/b><\/p>\n<p>Em 08\/08\/2014, por volta das 19h40min, na Rua \u00c9tori Mazzine, no Bairro Barra, ap\u00f3s diversas den\u00fancias dando conta que F.L.S. De 21 anos estava \u201crecrutando\u201d menores para a pr\u00e1tica de tr\u00e1fico de drogas e que este e os menores teriam invadido resid\u00eancias abandonadas e instalado uma &#8220;boca de fumo&#8221;, militares visualizaram o indiv\u00edduo em um quintal aberto, portando uma arma de fogo, rev\u00f3lver, tendo dispensado-a e, tentado evadir, sendo dada voz de pris\u00e3o em flagrante e o rev\u00f3lver cal .32 TAURUS, municiado com 6 cartuchos recolhido. Posteriormente, foram localizados L.S.P. de 14 anos e L.E.S.O. de 13 anos, no interior do im\u00f3vel, onde foram recolhidos v\u00e1rios sacol\u00e9s utilizados para embalar droga, 02 aparelhos celulares, 01 cartela contendo 07 muni\u00e7\u00f5es cal .32 intactas, 01 balan\u00e7a de precis\u00e3o, 03 buchas de maconha, 16 pedras de crack, 05 buchas de coca\u00edna, 03 bicicletas utilizadas para transportar drogas, R$284,55 e ainda uma corrente e um cadeado que eram utilizados para trancar um port\u00e3o de acesso ao local. Os adolescentes confirmaram que vendiam drogas a mando do autor. Pris\u00e3o ratificada.<\/p>\n<p><b>PM EFETUA PRIS\u00c3O POR PORTE ILEGAL DE ARMA DE FOGO EM LARANJAL<\/b><\/p>\n<p>Em 10\/08\/2014, por volta de 00h, na Rua Ant\u00f4nio Boalento, no Centro, durante FESTA DE EXPOSI\u00c7\u00c3O da cidade de LARANJAL, militares foram informados que um indiv\u00edduo estava armado entre transeuntes. Ent\u00e3o depararam com o autor o qual evadiu, mas foi alcan\u00e7ado, sendo localizado pr\u00f3ximo a ele um rev\u00f3lver cal .38, oxidado, ROSSI, numera\u00e7\u00e3o raspada, municiado com 05 cartuchos intactos e uma meia, contendo em seu interior 10 muni\u00e7\u00f5es cal .38. O autor V.L.M.S. de 23 anos confirmou a propriedade da arma, sendo dada a ele voz de pris\u00e3o em flagrante e conduzido \u00e0 DPJ. Pris\u00e3o Ratificada.<\/p>\n<p><b>PM EFETUA PRIS\u00c3O POR POSSE ILEGAL DE ARMA DE FOGO EM DIVINO<\/b><\/p>\n<p>Em 08\/08\/2014, por volta das 16h40min, na Zona Rural de Divino, foi realizada opera\u00e7\u00e3o conjunta PM\/PC em cumprimento de MBA na resid\u00eancia de A.S.C. de 62 anos e de seu filho C.A.C. de 32 anos, sendo apreendidos os seguintes materiais: 01 rev\u00f3lver TAURUS cal. 32, 01 garrucha cal. 22, 12 muni\u00e7\u00f5es cal.22, 01 muni\u00e7\u00e3o cal. 38, 02 muni\u00e7\u00f5es cal. 28, um recipiente contendo 100 bagos de chumbo para recarga de arma de fogo, 06 aparelhos celulares, 01 PLAYSTATION 2 SONY, 01 notebook SAMSUNG, 01 tablet CCE pertencente ao ESTADO DE MINAS GERAIS, com patrim\u00f4nio C5735544-4, provavelmente furtado de escola p\u00fablica de ORIZ\u00c2NIA, 01 bin\u00f3culo, 01 aparelho de som TOSHIBA, 01 p\u00e1ssaro TRINCA FERRO, 01 VW\/GOL 16V KOM-5198-MURIA\u00c3\u2030-MG, cor vermelha, e 01 VW\/GOL 1.0 MTN-6298, IBATIBA-ES, cor azul. O homem assumiu a propriedade das armas de fogo. Quanto aos demais objetos, disse pertencer a seu filho. Diante dos fatos, foi dada voz de pris\u00e3o a este sendo conduzido \u00e0 DPJ.<\/p>\n<p>Fonte: 47bpm<\/p>\n","protected":false},"excerpt":{"rendered":"<p>PM EFETUA PRIS\u00c3O A UM DOS ENVOLVIDOS EM ROUBO A CORRESPONDENTE BANC\u00c1RIO EM MURIA\u00c9\u00a0 Em 08\/08\/2014, por volta das 15h30min, na Rua Benedito Valadares, no Bairro Barra, militares fizeram contato com L. C.P. de 47 anos e este relatou que viu 02 indiv\u00edduos em atitudes suspeitas, sendo E.J.N.C. de 27 anos e F.A.L.G.J. de 26 [&hellip;]<\/p>\n","protected":false},"author":4,"featured_media":4594,"comment_status":"open","ping_status":"closed","sticky":false,"template":"","format":"standard","meta":{"_joinchat":[],"footnotes":""},"categories":[1],"tags":[],"class_list":["post-4593","post","type-post","status-publish","format-standard","has-post-thumbnail","hentry","category-sem-categoria"],"_links":{"self":[{"href":"https:\/\/folhadosudeste.com\/site\/index.php?rest_route=\/wp\/v2\/posts\/4593","targetHints":{"allow":["GET"]}}],"collection":[{"href":"https:\/\/folhadosudeste.com\/site\/index.php?rest_route=\/wp\/v2\/posts"}],"about":[{"href":"https:\/\/folhadosudeste.com\/site\/index.php?rest_route=\/wp\/v2\/types\/post"}],"author":[{"embeddable":true,"href":"https:\/\/folhadosudeste.com\/site\/index.php?rest_route=\/wp\/v2\/users\/4"}],"replies":[{"embeddable":true,"href":"https:\/\/folhadosudeste.com\/site\/index.php?rest_route=%2Fwp%2Fv2%2Fcomments&post=4593"}],"version-history":[{"count":1,"href":"https:\/\/folhadosudeste.com\/site\/index.php?rest_route=\/wp\/v2\/posts\/4593\/revisions"}],"predecessor-version":[{"id":4595,"href":"https:\/\/folhadosudeste.com\/site\/index.php?rest_route=\/wp\/v2\/posts\/4593\/revisions\/4595"}],"wp:featuredmedia":[{"embeddable":true,"href":"https:\/\/folhadosudeste.com\/site\/index.php?rest_route=\/wp\/v2\/media\/4594"}],"wp:attachment":[{"href":"https:\/\/folhadosudeste.com\/site\/index.php?rest_route=%2Fwp%2Fv2%2Fmedia&parent=4593"}],"wp:term":[{"taxonomy":"category","embeddable":true,"href":"https:\/\/folhadosudeste.com\/site\/index.php?rest_route=%2Fwp%2Fv2%2Fcategories&post=4593"},{"taxonomy":"post_tag","embeddable":true,"href":"https:\/\/folhadosudeste.com\/site\/index.php?rest_route=%2Fwp%2Fv2%2Ftags&post=4593"}],"curies":[{"name":"wp","href":"https:\/\/api.w.org\/{rel}","templated":true}]}}