{"id":73915,"date":"2021-03-05T20:56:34","date_gmt":"2021-03-05T20:56:34","guid":{"rendered":"http:\/\/folhadosudeste.com\/site\/?p=73915"},"modified":"2021-03-05T20:56:34","modified_gmt":"2021-03-05T20:56:34","slug":"eduardo-antonio-de-alcantara-e-reeleito-presidente-do-sindicato-dos-trabalhadores-rurais","status":"publish","type":"post","link":"https:\/\/folhadosudeste.com\/site\/?p=73915","title":{"rendered":"Eduardo Ant\u00f4nio de Alc\u00e2ntara \u00e9 reeleito presidente do Sindicato dos Trabalhadores Rurais"},"content":{"rendered":"<p><a href=\"http:\/\/folhadosudeste.com\/site\/wp-content\/uploads\/2021\/03\/DSC_0031.jpg\"><img loading=\"lazy\" decoding=\"async\" class=\"alignnone size-full wp-image-73916\" src=\"http:\/\/folhadosudeste.com\/site\/wp-content\/uploads\/2021\/03\/DSC_0031.jpg\" alt=\"\" width=\"2048\" height=\"1356\" srcset=\"https:\/\/folhadosudeste.com\/site\/wp-content\/uploads\/2021\/03\/DSC_0031.jpg 2048w, https:\/\/folhadosudeste.com\/site\/wp-content\/uploads\/2021\/03\/DSC_0031-300x199.jpg 300w, https:\/\/folhadosudeste.com\/site\/wp-content\/uploads\/2021\/03\/DSC_0031-768x509.jpg 768w, https:\/\/folhadosudeste.com\/site\/wp-content\/uploads\/2021\/03\/DSC_0031-1024x678.jpg 1024w, https:\/\/folhadosudeste.com\/site\/wp-content\/uploads\/2021\/03\/DSC_0031-120x80.jpg 120w, https:\/\/folhadosudeste.com\/site\/wp-content\/uploads\/2021\/03\/DSC_0031-590x390.jpg 590w\" sizes=\"auto, (max-width: 2048px) 100vw, 2048px\" \/><\/a><\/p>\n<p style=\"text-align: justify;\">Aconteceu no dia 30 de janeiro, a elei\u00e7\u00e3o da nova diretoria do Sindicato dos Trabalhadores Rurais de Muria\u00e9, Bar\u00e3o do Monte Alto, Ros\u00e1rio da Limeira e S\u00e3o Sebasti\u00e3o da Vargem Alegre. A vota\u00e7\u00e3o tamb\u00e9m ocorreu em Muria\u00e9, Ros\u00e1rio da Limeira, Bar\u00e3o do Monte Alto, Macuco, Itamuri, Boa Fam\u00edlia, Belis\u00e1rio e Vermelho, e, ap\u00f3s o encerramento, foi declarada a reelei\u00e7\u00e3o da chapa \u00fanica, encabe\u00e7ada pelo o atual presidente Eduardo Ant\u00f4nio de Alc\u00e2ntara. Feliz com o resultado, ele concedeu uma entrevista \u00e0 nossa reda\u00e7\u00e3o e deu detalhes sobre suas expectativas para o novo mandato.<\/p>\n<p style=\"text-align: justify;\">&#8220;Nosso mandato 2017\/2021 vence no in\u00edcio de mar\u00e7o, mas, pelo nosso Estatuto, o presidente pode se candidatar \u00e0 reelei\u00e7\u00e3o. Ent\u00e3o, eu fui indicado e aceitei o desafio novamente. N\u00f3s t\u00ednhamos cerca de 500 associados aptos a votar, dos quais 304 compareceram \u00e0 vota\u00e7\u00e3o e aprovaram a nossa chapa \u00fanica. Em Muria\u00e9, nunca tivemos concorrentes, e a n\u00f3s foi confiado o voto dos eleitores para que possamos seguir no cargo por mais quatro anos, no mandato 2021\/2025&#8221;, explicou Eduardo.<\/p>\n<p style=\"text-align: justify;\">Ele tamb\u00e9m demonstrou sua gratid\u00e3o por todo o apoio que recebeu durante estas elei\u00e7\u00f5es. &#8220;Temos muito a agradecer a Deus, \u00e0 fam\u00edlia, que nos apoiou; \u00e0 diretoria atual, que novamente indicou o meu nome; e aos parceiros e associados. Obrigado por reservarem um tempo em um per\u00edodo t\u00e3o dif\u00edcil para darem um voto de confian\u00e7a no nosso trabalho, perante a nossa administra\u00e7\u00e3o&#8221;, disse.<\/p>\n<p style=\"text-align: justify;\">Quando perguntado sobre como \u00e9 o processo para que um trabalhador rural se torne membro do Sindicato, ele frisou que envolve certas condi\u00e7\u00f5es, mas seguramente vale a pena. &#8220;Para tornar-se associado, \u00e9 necess\u00e1rio cumprir alguns requisitos. N\u00e3o basta apenas ter uma propriedade, mas sim se dedicar a este of\u00edcio, como os pequenos propriet\u00e1rios de terra, os parceiros, os comodat\u00e1rios e os arrendat\u00e1rios. Quanto ao nosso funcionamento, o Sindicato busca a representa\u00e7\u00e3o e luta pelos direitos dos Trabalhadores Rurais&#8221;, relatou.<\/p>\n<p><!--more--><\/p>\n<p style=\"text-align: justify;\">Ele ainda avaliou seu primeiro mandato e deu algumas previs\u00f5es para este novo passo na hist\u00f3ria do Sindicato, que completou, em janeiro, 35 anos de trabalho na regi\u00e3o. &#8220;Foi um desafio para a nossa gest\u00e3o passar por um momento t\u00e3o dif\u00edcil, no qual tivemos tr\u00eas Presidentes da Rep\u00fablica em um \u00fanico mandato. E, em cada um, passamos por grandes desafios, como a Reforma Trabalhista, a Reforma da Previd\u00eancia, a terceiriza\u00e7\u00e3o e a perda de direitos que j\u00e1 haviam sido conquistados desde o in\u00edcio dos movimentos sindicais. Foi triste, mas nos unimos e nos manifestamos em atos para defender alguns direitos. Mesmo que a Reforma tenha passado, conseguimos mudar alguns pontos atrav\u00e9s da nossa luta. N\u00e3o \u00e9 um per\u00edodo f\u00e1cil e a conjuntura pol\u00edtica n\u00e3o nos ajuda, mas vamos seguir lutando, defendendo nossos direitos e oferecendo muitos servi\u00e7os de qualidade para nossos associados, com renova\u00e7\u00e3o e esperan\u00e7a. Pretendemos sempre lhes transmitir informa\u00e7\u00f5es, para que eles tenham seus direitos assegurados e estejam cientes dos acontecimentos pol\u00edticos que afetam a classe. O foco \u00e9 trabalhar cada vez mais a partir da uni\u00e3o de for\u00e7as dos nossos associados e parceiros, para que possamos prosseguir com o nosso trabalho&#8221;, ressaltou.<\/p>\n<p style=\"text-align: justify;\">Ao final da entrevista, ele deixou um recado para as mulheres, em celebra\u00e7\u00e3o ao pr\u00f3ximo 8 de mar\u00e7o. &#8220;Sempre fazemos algum evento nesta data para prestigiar as mulheres e deixar claro a import\u00e2ncia do trabalho feminino na nossa \u00e1rea. Oito dos dezesseis integrantes da nossa diretoria s\u00e3o mulheres, ent\u00e3o seus direitos constituem um tema muito importante para n\u00f3s. Dedico um grande abra\u00e7o em nome do Sindicato a cada mulher em comemora\u00e7\u00e3o a este dia&#8221;, finalizou.<\/p>\n<p><a href=\"http:\/\/folhadosudeste.com\/site\/wp-content\/uploads\/2021\/03\/DSC_0025.jpg\"><img loading=\"lazy\" decoding=\"async\" class=\"alignnone size-full wp-image-73917\" src=\"http:\/\/folhadosudeste.com\/site\/wp-content\/uploads\/2021\/03\/DSC_0025.jpg\" alt=\"\" width=\"2048\" height=\"1356\" srcset=\"https:\/\/folhadosudeste.com\/site\/wp-content\/uploads\/2021\/03\/DSC_0025.jpg 2048w, https:\/\/folhadosudeste.com\/site\/wp-content\/uploads\/2021\/03\/DSC_0025-300x199.jpg 300w, https:\/\/folhadosudeste.com\/site\/wp-content\/uploads\/2021\/03\/DSC_0025-768x509.jpg 768w, https:\/\/folhadosudeste.com\/site\/wp-content\/uploads\/2021\/03\/DSC_0025-1024x678.jpg 1024w, https:\/\/folhadosudeste.com\/site\/wp-content\/uploads\/2021\/03\/DSC_0025-120x80.jpg 120w, https:\/\/folhadosudeste.com\/site\/wp-content\/uploads\/2021\/03\/DSC_0025-590x390.jpg 590w\" sizes=\"auto, (max-width: 2048px) 100vw, 2048px\" \/><\/a> <a href=\"http:\/\/folhadosudeste.com\/site\/wp-content\/uploads\/2021\/03\/DSC_0033.jpg\"><img loading=\"lazy\" decoding=\"async\" class=\"alignnone size-full wp-image-73918\" src=\"http:\/\/folhadosudeste.com\/site\/wp-content\/uploads\/2021\/03\/DSC_0033.jpg\" alt=\"\" width=\"2048\" height=\"1356\" srcset=\"https:\/\/folhadosudeste.com\/site\/wp-content\/uploads\/2021\/03\/DSC_0033.jpg 2048w, https:\/\/folhadosudeste.com\/site\/wp-content\/uploads\/2021\/03\/DSC_0033-300x199.jpg 300w, https:\/\/folhadosudeste.com\/site\/wp-content\/uploads\/2021\/03\/DSC_0033-768x509.jpg 768w, https:\/\/folhadosudeste.com\/site\/wp-content\/uploads\/2021\/03\/DSC_0033-1024x678.jpg 1024w, https:\/\/folhadosudeste.com\/site\/wp-content\/uploads\/2021\/03\/DSC_0033-120x80.jpg 120w, https:\/\/folhadosudeste.com\/site\/wp-content\/uploads\/2021\/03\/DSC_0033-590x390.jpg 590w\" sizes=\"auto, (max-width: 2048px) 100vw, 2048px\" \/><\/a><\/p>\n","protected":false},"excerpt":{"rendered":"<p>Aconteceu no dia 30 de janeiro, a elei\u00e7\u00e3o da nova diretoria do Sindicato dos Trabalhadores Rurais de Muria\u00e9, Bar\u00e3o do Monte Alto, Ros\u00e1rio da Limeira e S\u00e3o Sebasti\u00e3o da Vargem Alegre. A vota\u00e7\u00e3o tamb\u00e9m ocorreu em Muria\u00e9, Ros\u00e1rio da Limeira, Bar\u00e3o do Monte Alto, Macuco, Itamuri, Boa Fam\u00edlia, Belis\u00e1rio e Vermelho, e, ap\u00f3s o encerramento, [&hellip;]<\/p>\n","protected":false},"author":6,"featured_media":0,"comment_status":"open","ping_status":"closed","sticky":false,"template":"","format":"standard","meta":{"_joinchat":[],"footnotes":""},"categories":[1],"tags":[],"class_list":["post-73915","post","type-post","status-publish","format-standard","hentry","category-sem-categoria"],"_links":{"self":[{"href":"https:\/\/folhadosudeste.com\/site\/index.php?rest_route=\/wp\/v2\/posts\/73915","targetHints":{"allow":["GET"]}}],"collection":[{"href":"https:\/\/folhadosudeste.com\/site\/index.php?rest_route=\/wp\/v2\/posts"}],"about":[{"href":"https:\/\/folhadosudeste.com\/site\/index.php?rest_route=\/wp\/v2\/types\/post"}],"author":[{"embeddable":true,"href":"https:\/\/folhadosudeste.com\/site\/index.php?rest_route=\/wp\/v2\/users\/6"}],"replies":[{"embeddable":true,"href":"https:\/\/folhadosudeste.com\/site\/index.php?rest_route=%2Fwp%2Fv2%2Fcomments&post=73915"}],"version-history":[{"count":1,"href":"https:\/\/folhadosudeste.com\/site\/index.php?rest_route=\/wp\/v2\/posts\/73915\/revisions"}],"predecessor-version":[{"id":73921,"href":"https:\/\/folhadosudeste.com\/site\/index.php?rest_route=\/wp\/v2\/posts\/73915\/revisions\/73921"}],"wp:attachment":[{"href":"https:\/\/folhadosudeste.com\/site\/index.php?rest_route=%2Fwp%2Fv2%2Fmedia&parent=73915"}],"wp:term":[{"taxonomy":"category","embeddable":true,"href":"https:\/\/folhadosudeste.com\/site\/index.php?rest_route=%2Fwp%2Fv2%2Fcategories&post=73915"},{"taxonomy":"post_tag","embeddable":true,"href":"https:\/\/folhadosudeste.com\/site\/index.php?rest_route=%2Fwp%2Fv2%2Ftags&post=73915"}],"curies":[{"name":"wp","href":"https:\/\/api.w.org\/{rel}","templated":true}]}}