{"id":73982,"date":"2021-03-16T00:11:58","date_gmt":"2021-03-16T00:11:58","guid":{"rendered":"http:\/\/folhadosudeste.com\/site\/?p=73982"},"modified":"2021-03-16T00:11:58","modified_gmt":"2021-03-16T00:11:58","slug":"zema-coloca-todo-estado-de-mg-na-onda-roxa-com-toque-de-recolher","status":"publish","type":"post","link":"https:\/\/folhadosudeste.com\/site\/?p=73982","title":{"rendered":"Zema coloca todo Estado de MG na onda roxa com toque de recolher"},"content":{"rendered":"<h5 class=\"subtitle\" style=\"text-align: justify;\"><a href=\"http:\/\/folhadosudeste.com\/site\/wp-content\/uploads\/2021\/03\/0E6F80D7-BFC7-4EBD-BA55-94E800084E9A.jpeg\"><img loading=\"lazy\" decoding=\"async\" class=\"alignnone size-full wp-image-73983\" src=\"http:\/\/folhadosudeste.com\/site\/wp-content\/uploads\/2021\/03\/0E6F80D7-BFC7-4EBD-BA55-94E800084E9A.jpeg\" alt=\"\" width=\"679\" height=\"452\" srcset=\"https:\/\/folhadosudeste.com\/site\/wp-content\/uploads\/2021\/03\/0E6F80D7-BFC7-4EBD-BA55-94E800084E9A.jpeg 679w, https:\/\/folhadosudeste.com\/site\/wp-content\/uploads\/2021\/03\/0E6F80D7-BFC7-4EBD-BA55-94E800084E9A-300x200.jpeg 300w, https:\/\/folhadosudeste.com\/site\/wp-content\/uploads\/2021\/03\/0E6F80D7-BFC7-4EBD-BA55-94E800084E9A-120x80.jpeg 120w, https:\/\/folhadosudeste.com\/site\/wp-content\/uploads\/2021\/03\/0E6F80D7-BFC7-4EBD-BA55-94E800084E9A-345x230.jpeg 345w\" sizes=\"auto, (max-width: 679px) 100vw, 679px\" \/><\/a><br \/>\nRestri\u00e7\u00e3o come\u00e7ar\u00e1 a valer nesta quarta-feira (17) e deve ficar em vigor por ao menos 15 dias; circula\u00e7\u00e3o de pessoas fica limitada<\/h5>\n<p style=\"text-align: justify;\">O governador Romeu Zema (NOVO) determinou que todas as 853 cidades mineiras sejam classificadas na <a title=\"onda roxa\" href=\"https:\/\/noticias.r7.com\/minas-gerais\/lockdown-em-mg-veja-o-que-abre-e-fecha-nas-cidades-com-restricao-04032021\" target=\"_top\"><strong>onda roxa<\/strong><\/a>, a mais restritiva do programa Minas Consciente, a partir desta quarta-feira (17).<\/p>\n<p style=\"text-align: justify;\">Nesta fase, a popula\u00e7\u00e3o s\u00f3 pode sair de casa para realizar tarefas essenciais <em>(veja a lista abaixo)<\/em> e h\u00e1 toque de recolher di\u00e1rio, das 20 horas \u00e0s 5 horas.<\/p>\n<p><!--more--><\/p>\n<p style=\"text-align: justify;\">A informa\u00e7\u00e3o foi confirmada pelo pr\u00f3prio governador, ap\u00f3s reuni\u00e3o com prefeitos, na noite desta segunda-feira (15). Zema alegou que foi necess\u00e1rio tomar a decis\u00e3o diante um avan\u00e7o simult\u00e2neo da pandemia em todas as regi\u00f5es do Estado.<\/p>\n<p style=\"text-align: justify;\">\u2014 \u00c9 uma medida dura, mas extremamente necess\u00e1ria no momento para evitar um cen\u00e1rio pior do que este que j\u00e1 estamos vivendo.<\/p>\n<p style=\"text-align: justify;\">Segundo o governador, as restri\u00e7\u00f5es devem valer por ao menos 15 dias. O chefe de Estado convocou a PM (Pol\u00edcia Militar) para endurecer a fiscaliza\u00e7\u00e3o nas ruas e evitar aglomera\u00e7\u00f5es.<\/p>\n<p style=\"text-align: justify;\">F\u00e1bio Baccheretti, secret\u00e1rio de Sa\u00fade rec\u00e9m-empossado, tamb\u00e9m participou do encontro e destacou que sua equipe vai trabalhar para abrir mais vagas de interna\u00e7\u00e3o nos hospitais.<\/p>\n<p style=\"text-align: justify;\"><strong>Ades\u00e3o obrigat\u00f3ria<\/strong><\/p>\n<p style=\"text-align: justify;\">Segundo o governo de Minas, diferentemente do que ocorre com as outras tr\u00eas fases do Minas Consciente, a ades\u00e3o \u00e0 onda roxa \u00e9 obrigat\u00f3ria.<\/p>\n<div class=\"article-body\">\n<p style=\"text-align: justify;\">A situa\u00e7\u00e3o, no entanto, divide opini\u00f5es. Na \u00faltima semana, o secret\u00e1rio de Sa\u00fade de Belo Horizonte, Jackson Machado, afirmou que caso fosse decretada a fase roxa para a regi\u00e3o, a capital mineira n\u00e3o iria seguir o plano.<\/p>\n<p style=\"text-align: justify;\">Machado defendeu que o protocolo adotado pela Prefeitura de BH tem restri\u00e7\u00f5es eficientes e que o STF (Supremo Tribunal Federal) d\u00e1 abertura aos munic\u00edpios para decidirem o que deve fechar e abrir.<\/p>\n<p style=\"text-align: justify;\">A reportagem procurou a prefeitura da capital mineira para saber se a cidade vai seguir as novas determina\u00e7\u00f5es, mas ainda n\u00e3o teve retorno. At\u00e9 a manh\u00e3 desta segunda-feira (15), <a title=\"294 cidades \" href=\"https:\/\/noticias.r7.com\/minas-gerais\/covid-19-minas-tem-quase-300-cidades-com-restricao-maxima-15032021\" target=\"_top\"><strong>294 cidades <\/strong><\/a>estavam enquadradas na onda roxa.<\/p>\n<div class=\"intertitle\" style=\"text-align: justify;\">\n<h3>Veja as proibi\u00e7\u00f5es da onda roxa:<\/h3>\n<\/div>\n<p style=\"text-align: justify;\">&nbsp;&nbsp;&nbsp;&nbsp; \u2022 Proibi\u00e7\u00e3o de circula\u00e7\u00e3o de pessoas e ve\u00edculos para atividades n\u00e3o essenciais;<br \/>\n&nbsp;&nbsp;&nbsp; \u2022 Toque de recolher entre 20h e 5h;<br \/>\n&nbsp;&nbsp;&nbsp; \u2022 Proibi\u00e7\u00e3o de circula\u00e7\u00e3o de pessoas sem m\u00e1scara, em qualquer espa\u00e7o p\u00fablico ou de uso coletivo;<br \/>\n&nbsp;&nbsp;&nbsp; \u2022 Proibi\u00e7\u00e3o de circula\u00e7\u00e3o de pessoas com sintomas de gripe, exceto para atendimentos m\u00e9dicos;<br \/>\n&nbsp;&nbsp;&nbsp; \u2022 Proibi\u00e7\u00e3o de realiza\u00e7\u00e3o de reuni\u00f5es presenciais, inclusive de pessoas da mesma fam\u00edlia que n\u00e3o moram na mesma casa;<br \/>\n&nbsp;&nbsp;&nbsp; \u2022 Proibi\u00e7\u00e3o de qualquer tipo de evento, p\u00fablico ou privado, que possa causar aglomera\u00e7\u00e3o;<br \/>\n&nbsp;&nbsp;&nbsp; \u2022 Cria\u00e7\u00e3o de barreiras sanit\u00e1rias de vigil\u00e2ncia.<\/p>\n<div class=\"intertitle\" style=\"text-align: justify;\">\n<h3>O que pode abrir na onda roxa:<\/h3>\n<\/div>\n<p style=\"text-align: justify;\">&nbsp;&nbsp;&nbsp; \u2022 Setor de alimentos (exclu\u00eddos bares e restaurantes que s\u00f3 podem funcionar via delivery);<br \/>\n&nbsp;&nbsp;&nbsp; \u2022 Servi\u00e7os de sa\u00fade (atendimento, ind\u00fastrias, veterin\u00e1rias, etc.);<br \/>\n&nbsp;&nbsp;&nbsp; \u2022 Bancos;<br \/>\n&nbsp;&nbsp;&nbsp; \u2022 Transporte p\u00fablico (descolocamento para atividades essenciais)<br \/>\n&nbsp;&nbsp;&nbsp; \u2022 Energia, g\u00e1s, petr\u00f3leo, combust\u00edveis e derivados;<br \/>\n&nbsp;&nbsp;&nbsp; \u2022 Manuten\u00e7\u00e3o de equipamentos e ve\u00edculos;<br \/>\n&nbsp;&nbsp;&nbsp; \u2022 Constru\u00e7\u00e3o civil;<br \/>\n&nbsp;&nbsp;&nbsp; \u2022 Ind\u00fastrias (apenas da cadeia de atividades essenciais);<br \/>\n&nbsp;&nbsp;&nbsp; \u2022 Lavanderias;<br \/>\n&nbsp;&nbsp;&nbsp; \u2022 Servi\u00e7os de TI, dados, imprensa e comunica\u00e7\u00e3o;<br \/>\n&nbsp;&nbsp;&nbsp; \u2022 Servi\u00e7os de interesse p\u00fablico (\u00e1gua, esgoto, funer\u00e1rio, correios, etc).<\/p>\n<\/div>\n","protected":false},"excerpt":{"rendered":"<p>Restri\u00e7\u00e3o come\u00e7ar\u00e1 a valer nesta quarta-feira (17) e deve ficar em vigor por ao menos 15 dias; circula\u00e7\u00e3o de pessoas fica limitada O governador Romeu Zema (NOVO) determinou que todas as 853 cidades mineiras sejam classificadas na onda roxa, a mais restritiva do programa Minas Consciente, a partir desta quarta-feira (17). Nesta fase, a popula\u00e7\u00e3o [&hellip;]<\/p>\n","protected":false},"author":6,"featured_media":0,"comment_status":"open","ping_status":"closed","sticky":false,"template":"","format":"standard","meta":{"_joinchat":[],"footnotes":""},"categories":[1],"tags":[],"class_list":["post-73982","post","type-post","status-publish","format-standard","hentry","category-sem-categoria"],"_links":{"self":[{"href":"https:\/\/folhadosudeste.com\/site\/index.php?rest_route=\/wp\/v2\/posts\/73982","targetHints":{"allow":["GET"]}}],"collection":[{"href":"https:\/\/folhadosudeste.com\/site\/index.php?rest_route=\/wp\/v2\/posts"}],"about":[{"href":"https:\/\/folhadosudeste.com\/site\/index.php?rest_route=\/wp\/v2\/types\/post"}],"author":[{"embeddable":true,"href":"https:\/\/folhadosudeste.com\/site\/index.php?rest_route=\/wp\/v2\/users\/6"}],"replies":[{"embeddable":true,"href":"https:\/\/folhadosudeste.com\/site\/index.php?rest_route=%2Fwp%2Fv2%2Fcomments&post=73982"}],"version-history":[{"count":1,"href":"https:\/\/folhadosudeste.com\/site\/index.php?rest_route=\/wp\/v2\/posts\/73982\/revisions"}],"predecessor-version":[{"id":73984,"href":"https:\/\/folhadosudeste.com\/site\/index.php?rest_route=\/wp\/v2\/posts\/73982\/revisions\/73984"}],"wp:attachment":[{"href":"https:\/\/folhadosudeste.com\/site\/index.php?rest_route=%2Fwp%2Fv2%2Fmedia&parent=73982"}],"wp:term":[{"taxonomy":"category","embeddable":true,"href":"https:\/\/folhadosudeste.com\/site\/index.php?rest_route=%2Fwp%2Fv2%2Fcategories&post=73982"},{"taxonomy":"post_tag","embeddable":true,"href":"https:\/\/folhadosudeste.com\/site\/index.php?rest_route=%2Fwp%2Fv2%2Ftags&post=73982"}],"curies":[{"name":"wp","href":"https:\/\/api.w.org\/{rel}","templated":true}]}}