{"id":73990,"date":"2021-03-16T14:53:46","date_gmt":"2021-03-16T14:53:46","guid":{"rendered":"http:\/\/folhadosudeste.com\/site\/?p=73990"},"modified":"2021-03-19T15:18:01","modified_gmt":"2021-03-19T15:18:01","slug":"farmacia-indiana-inaugurou-mais-uma-unidade-em-muriae","status":"publish","type":"post","link":"https:\/\/folhadosudeste.com\/site\/?p=73990","title":{"rendered":"Indiana inaugura quarta farm\u00e1cia em Muria\u00e9 e a segunda na Barra"},"content":{"rendered":"<p><a href=\"http:\/\/folhadosudeste.com\/site\/wp-content\/uploads\/2021\/03\/DSC_0023.jpg\"><img loading=\"lazy\" decoding=\"async\" class=\"alignnone size-full wp-image-74002\" src=\"http:\/\/folhadosudeste.com\/site\/wp-content\/uploads\/2021\/03\/DSC_0023.jpg\" alt=\"\" width=\"2048\" height=\"1356\" srcset=\"https:\/\/folhadosudeste.com\/site\/wp-content\/uploads\/2021\/03\/DSC_0023.jpg 2048w, https:\/\/folhadosudeste.com\/site\/wp-content\/uploads\/2021\/03\/DSC_0023-300x199.jpg 300w, https:\/\/folhadosudeste.com\/site\/wp-content\/uploads\/2021\/03\/DSC_0023-768x509.jpg 768w, https:\/\/folhadosudeste.com\/site\/wp-content\/uploads\/2021\/03\/DSC_0023-1024x678.jpg 1024w, https:\/\/folhadosudeste.com\/site\/wp-content\/uploads\/2021\/03\/DSC_0023-120x80.jpg 120w, https:\/\/folhadosudeste.com\/site\/wp-content\/uploads\/2021\/03\/DSC_0023-590x390.jpg 590w\" sizes=\"auto, (max-width: 2048px) 100vw, 2048px\" \/><\/a><img decoding=\"async\" src=\"https:\/\/odiarioregional.com.br\/wp-content\/uploads\/2021\/03\/IMG_0721-1069x600.jpg\"><\/p>\n<p>Desde que chegou na cidade h\u00e1 um ano, a rede de farm\u00e1cias Indiana vem mostrando sucesso e aceita\u00e7\u00e3o entre a popula\u00e7\u00e3o muriaense. Uma das maiores empresas do ramo farmac\u00eautico do pa\u00eds, a marca j\u00e1 soma 86 anos de mercado e mais de 120 unidades em territ\u00f3rio brasileiro, das quais 13 est\u00e3o localizadas na Zona da Mata de Mineira. Na sexta-feira 12 de mar\u00e7o, a rede abriu a quarta unidade em Muria\u00e9, que promete seguir o caminho de sucesso das outras. Em um ambiente amplo, climatizado e com estacionamento para clientes, a inaugura\u00e7\u00e3o da Indiana ocorreu no bairro da Barra e de acordo com os padr\u00f5es preconizados pela OMS para a preven\u00e7\u00e3o do cont\u00e1gio por Covid-19. Al\u00e9m disso, vale frisar que a rede de Farm\u00e1cias Indiana prima por um trabalho \u00e9tico, valorizando e respeitando os seus mais de 4000 colaboradores e buscando ser reconhecida por seus clientes como a melhor empresa do ramo farmac\u00eautico.<\/p>\n<p>O Diretor Comercial da Indiana, Alexandre Matta Neto, em entrevista ao Jornal Folha do Sudeste falou sobre a estrutura da nova loja. &#8220;A Indiana chegou em Muria\u00e9 h\u00e1 dois anos e foi muito bem recebida pela popula\u00e7\u00e3o da regi\u00e3o. \u00c9 uma farm\u00e1cia diferenciada onde o cliente encontra tudo o que precisa. Al\u00e9m disso, a linha de medicamentos \u00e9 tratada da forma mais profissional poss\u00edvel, com farmac\u00eauticos presentes durante todo o hor\u00e1rio de funcionamento, uma sala espec\u00edfica para pacientes e v\u00e1rios programas de aten\u00e7\u00e3o farmac\u00eautica. Tamb\u00e9m temos salas de vacina\u00e7\u00e3o, venda de testes de Covid-19, uma equipe muito bem preparada e a oferta de todos os programas de descontos da ind\u00fastria farmac\u00eautica nacional. Tamb\u00e9m procuramos trazer mais facilidades de pagamento para a popula\u00e7\u00e3o, com op\u00e7\u00f5es de parcelamento em at\u00e9 tr\u00eas vezes no credi\u00e1rio; ou seja, \u00e9 uma forma de democratiza\u00e7\u00e3o do acesso aos medicamentos. Trabalhamos em hor\u00e1rio estendido de funcionamento, com linhas de produtos de conveni\u00eancia, cosm\u00e9ticos e dermocosm\u00e9ticos, materiais cir\u00fargicos e hospitalares, etc. \u00c9 a partir de um trabalho com \u00e9tica, seriedade, valores e respeito que a Indiana cresce e trabalha atendendo toda a popula\u00e7\u00e3o&#8221;, frisou.<\/p>\n<p><!--more--><\/p>\n<p>Fabiano Garcia Tavares, supervisor comercial da Indiana, disse que \u00e9 uma satisfa\u00e7\u00e3o muito grande em inaugurar a quarta Indiana em Muria\u00e9. \u201cH\u00e1 mais de um ano instalamos a primeira loja e temos como compromisso trazer um servi\u00e7o de qualidade, \u00e9tica no atendimento, produtos com pre\u00e7os justos, um ambiente agrad\u00e1vel, climatizado, tudo isso para buscar a satisfa\u00e7\u00e3o do cliente perante nosso atendimento\u201d, salientou.<\/p>\n<p>Jessica Rodrigues Dias, gerente farmac\u00eautica da nova unidade da Indiana, tamb\u00e9m conversou com a nossa reportagem e mostrou-se animada com o novo empreendimento. &#8220;Estamos abrindo mais uma unidade mais pr\u00f3xima a bairros mais afastados, como Dornelas e Gaspar. Funcionando diariamente das 7h \u00e0s 22h, seremos um novo ponto de refer\u00eancia para a compra de medicamentos e outros produtos de conveni\u00eancia. Estamos muito animados com esta inaugura\u00e7\u00e3o e por poder proporcionar mais vinte empregos na cidade, com todas as vagas preenchidas por colaboradores de Muria\u00e9. \u00c9 um reflexo de como a Indiana est\u00e1 cada vez mais presente na sociedade, fornecendo todo o suporte aos nossos clientes e funcion\u00e1rios&#8221;, disse.<\/p>\n<p>Rafael Gonzalez Badar\u00f3, farmac\u00eautico e sub gerente da Indiana, falou sobre os trabalhos sociais em que a marca tem atuado. &#8220;Temos um programa voltado para institui\u00e7\u00f5es beneficentes. As outras unidades, por exemplo, ajudam o Lar Ozanam. A nossa, por sua vez, escolheu fazer diferente. Como estamos pr\u00f3ximos da Casa Lar, decidimos prestar um apoio \u00e0s crian\u00e7as da entidade a partir de contribui\u00e7\u00f5es feitas pelos nossos clientes. Como se trata de uma \u00e9poca dif\u00edcil, cada doa\u00e7\u00e3o \u00e9 sempre bem-vinda&#8221;, explicou.<\/p>\n<p>Para conhecer a nova unidade da Farm\u00e1cia Indiana, \u00e9 s\u00f3 ir at\u00e9 a Pra\u00e7a Coronel Tib\u00farcio, n\u00famero 50 quadra 36, na Barra, pr\u00f3ximo ao Karlos Papelaria. Voc\u00ea tamb\u00e9m pode ir at\u00e9 as outras unidades da Indiana, na Rua Bar\u00e3o do Monte Alto, n\u00b0 87, no Centro; na Rua Benedito Valadares, n\u00ba 386, na Barra; e na Rua Dr. Alves Pequeno, n\u00b0 221, no Centro.<\/p>\n<p><a href=\"http:\/\/folhadosudeste.com\/site\/wp-content\/uploads\/2021\/03\/DSC_0001.jpg\"><img loading=\"lazy\" decoding=\"async\" class=\"alignnone size-full wp-image-73995\" src=\"http:\/\/folhadosudeste.com\/site\/wp-content\/uploads\/2021\/03\/DSC_0001.jpg\" alt=\"\" width=\"2048\" height=\"1356\" srcset=\"https:\/\/folhadosudeste.com\/site\/wp-content\/uploads\/2021\/03\/DSC_0001.jpg 2048w, https:\/\/folhadosudeste.com\/site\/wp-content\/uploads\/2021\/03\/DSC_0001-300x199.jpg 300w, https:\/\/folhadosudeste.com\/site\/wp-content\/uploads\/2021\/03\/DSC_0001-768x509.jpg 768w, https:\/\/folhadosudeste.com\/site\/wp-content\/uploads\/2021\/03\/DSC_0001-1024x678.jpg 1024w, https:\/\/folhadosudeste.com\/site\/wp-content\/uploads\/2021\/03\/DSC_0001-120x80.jpg 120w, https:\/\/folhadosudeste.com\/site\/wp-content\/uploads\/2021\/03\/DSC_0001-590x390.jpg 590w\" sizes=\"auto, (max-width: 2048px) 100vw, 2048px\" \/><\/a> <a href=\"http:\/\/folhadosudeste.com\/site\/wp-content\/uploads\/2021\/03\/DSC_0005-1.jpg\"><img loading=\"lazy\" decoding=\"async\" class=\"alignnone size-full wp-image-73996\" src=\"http:\/\/folhadosudeste.com\/site\/wp-content\/uploads\/2021\/03\/DSC_0005-1.jpg\" alt=\"\" width=\"2048\" height=\"1356\" srcset=\"https:\/\/folhadosudeste.com\/site\/wp-content\/uploads\/2021\/03\/DSC_0005-1.jpg 2048w, https:\/\/folhadosudeste.com\/site\/wp-content\/uploads\/2021\/03\/DSC_0005-1-300x199.jpg 300w, https:\/\/folhadosudeste.com\/site\/wp-content\/uploads\/2021\/03\/DSC_0005-1-768x509.jpg 768w, https:\/\/folhadosudeste.com\/site\/wp-content\/uploads\/2021\/03\/DSC_0005-1-1024x678.jpg 1024w, https:\/\/folhadosudeste.com\/site\/wp-content\/uploads\/2021\/03\/DSC_0005-1-120x80.jpg 120w, https:\/\/folhadosudeste.com\/site\/wp-content\/uploads\/2021\/03\/DSC_0005-1-590x390.jpg 590w\" sizes=\"auto, (max-width: 2048px) 100vw, 2048px\" \/><\/a> <a href=\"http:\/\/folhadosudeste.com\/site\/wp-content\/uploads\/2021\/03\/DSC_0010.jpg\"><img loading=\"lazy\" decoding=\"async\" class=\"alignnone size-full wp-image-73997\" src=\"http:\/\/folhadosudeste.com\/site\/wp-content\/uploads\/2021\/03\/DSC_0010.jpg\" alt=\"\" width=\"2048\" height=\"1356\" srcset=\"https:\/\/folhadosudeste.com\/site\/wp-content\/uploads\/2021\/03\/DSC_0010.jpg 2048w, https:\/\/folhadosudeste.com\/site\/wp-content\/uploads\/2021\/03\/DSC_0010-300x199.jpg 300w, https:\/\/folhadosudeste.com\/site\/wp-content\/uploads\/2021\/03\/DSC_0010-768x509.jpg 768w, https:\/\/folhadosudeste.com\/site\/wp-content\/uploads\/2021\/03\/DSC_0010-1024x678.jpg 1024w, https:\/\/folhadosudeste.com\/site\/wp-content\/uploads\/2021\/03\/DSC_0010-120x80.jpg 120w, https:\/\/folhadosudeste.com\/site\/wp-content\/uploads\/2021\/03\/DSC_0010-590x390.jpg 590w\" sizes=\"auto, (max-width: 2048px) 100vw, 2048px\" \/><\/a> <a href=\"http:\/\/folhadosudeste.com\/site\/wp-content\/uploads\/2021\/03\/DSC_0027.jpg\"><img loading=\"lazy\" decoding=\"async\" class=\"alignnone size-full wp-image-73998\" src=\"http:\/\/folhadosudeste.com\/site\/wp-content\/uploads\/2021\/03\/DSC_0027.jpg\" alt=\"\" width=\"2048\" height=\"1356\" srcset=\"https:\/\/folhadosudeste.com\/site\/wp-content\/uploads\/2021\/03\/DSC_0027.jpg 2048w, https:\/\/folhadosudeste.com\/site\/wp-content\/uploads\/2021\/03\/DSC_0027-300x199.jpg 300w, https:\/\/folhadosudeste.com\/site\/wp-content\/uploads\/2021\/03\/DSC_0027-768x509.jpg 768w, https:\/\/folhadosudeste.com\/site\/wp-content\/uploads\/2021\/03\/DSC_0027-1024x678.jpg 1024w, https:\/\/folhadosudeste.com\/site\/wp-content\/uploads\/2021\/03\/DSC_0027-120x80.jpg 120w, https:\/\/folhadosudeste.com\/site\/wp-content\/uploads\/2021\/03\/DSC_0027-590x390.jpg 590w\" sizes=\"auto, (max-width: 2048px) 100vw, 2048px\" \/><\/a> <a href=\"http:\/\/folhadosudeste.com\/site\/wp-content\/uploads\/2021\/03\/DSC_0033-1.jpg\"><img loading=\"lazy\" decoding=\"async\" class=\"alignnone size-full wp-image-73999\" src=\"http:\/\/folhadosudeste.com\/site\/wp-content\/uploads\/2021\/03\/DSC_0033-1.jpg\" alt=\"\" width=\"2048\" height=\"1356\" srcset=\"https:\/\/folhadosudeste.com\/site\/wp-content\/uploads\/2021\/03\/DSC_0033-1.jpg 2048w, https:\/\/folhadosudeste.com\/site\/wp-content\/uploads\/2021\/03\/DSC_0033-1-300x199.jpg 300w, https:\/\/folhadosudeste.com\/site\/wp-content\/uploads\/2021\/03\/DSC_0033-1-768x509.jpg 768w, https:\/\/folhadosudeste.com\/site\/wp-content\/uploads\/2021\/03\/DSC_0033-1-1024x678.jpg 1024w, https:\/\/folhadosudeste.com\/site\/wp-content\/uploads\/2021\/03\/DSC_0033-1-120x80.jpg 120w, https:\/\/folhadosudeste.com\/site\/wp-content\/uploads\/2021\/03\/DSC_0033-1-590x390.jpg 590w\" sizes=\"auto, (max-width: 2048px) 100vw, 2048px\" \/><\/a> <a href=\"http:\/\/folhadosudeste.com\/site\/wp-content\/uploads\/2021\/03\/DSC_0035.jpg\"><img loading=\"lazy\" decoding=\"async\" class=\"alignnone size-full wp-image-74000\" src=\"http:\/\/folhadosudeste.com\/site\/wp-content\/uploads\/2021\/03\/DSC_0035.jpg\" alt=\"\" width=\"2048\" height=\"1356\" srcset=\"https:\/\/folhadosudeste.com\/site\/wp-content\/uploads\/2021\/03\/DSC_0035.jpg 2048w, https:\/\/folhadosudeste.com\/site\/wp-content\/uploads\/2021\/03\/DSC_0035-300x199.jpg 300w, https:\/\/folhadosudeste.com\/site\/wp-content\/uploads\/2021\/03\/DSC_0035-768x509.jpg 768w, https:\/\/folhadosudeste.com\/site\/wp-content\/uploads\/2021\/03\/DSC_0035-1024x678.jpg 1024w, https:\/\/folhadosudeste.com\/site\/wp-content\/uploads\/2021\/03\/DSC_0035-120x80.jpg 120w, https:\/\/folhadosudeste.com\/site\/wp-content\/uploads\/2021\/03\/DSC_0035-590x390.jpg 590w\" sizes=\"auto, (max-width: 2048px) 100vw, 2048px\" \/><\/a> <a href=\"http:\/\/folhadosudeste.com\/site\/wp-content\/uploads\/2021\/03\/DSC_0039.jpg\"><img loading=\"lazy\" decoding=\"async\" class=\"alignnone size-full wp-image-74001\" src=\"http:\/\/folhadosudeste.com\/site\/wp-content\/uploads\/2021\/03\/DSC_0039.jpg\" alt=\"\" width=\"2048\" height=\"1356\" srcset=\"https:\/\/folhadosudeste.com\/site\/wp-content\/uploads\/2021\/03\/DSC_0039.jpg 2048w, https:\/\/folhadosudeste.com\/site\/wp-content\/uploads\/2021\/03\/DSC_0039-300x199.jpg 300w, https:\/\/folhadosudeste.com\/site\/wp-content\/uploads\/2021\/03\/DSC_0039-768x509.jpg 768w, https:\/\/folhadosudeste.com\/site\/wp-content\/uploads\/2021\/03\/DSC_0039-1024x678.jpg 1024w, https:\/\/folhadosudeste.com\/site\/wp-content\/uploads\/2021\/03\/DSC_0039-120x80.jpg 120w, https:\/\/folhadosudeste.com\/site\/wp-content\/uploads\/2021\/03\/DSC_0039-590x390.jpg 590w\" sizes=\"auto, (max-width: 2048px) 100vw, 2048px\" \/><\/a><\/p>\n<p style=\"text-align: justify;\"><img decoding=\"async\" src=\"https:\/\/odiarioregional.com.br\/wp-content\/uploads\/2021\/03\/IMG_0724-1069x600.jpg\"><\/p>\n<p style=\"text-align: justify;\"><img decoding=\"async\" src=\"https:\/\/odiarioregional.com.br\/wp-content\/uploads\/2021\/03\/IMG_0751-1069x600.jpg\"><\/p>\n<p style=\"text-align: justify;\"><img decoding=\"async\" src=\"https:\/\/odiarioregional.com.br\/wp-content\/uploads\/2021\/03\/IMG_0726-1069x600.jpg\"><\/p>\n<p style=\"text-align: justify;\"><img decoding=\"async\" src=\"https:\/\/odiarioregional.com.br\/wp-content\/uploads\/2021\/03\/IMG_0727-1069x600.jpg\"><\/p>\n<p style=\"text-align: justify;\"><img decoding=\"async\" src=\"https:\/\/odiarioregional.com.br\/wp-content\/uploads\/2021\/03\/IMG_0761-1069x600.jpg\"><\/p>\n<p style=\"text-align: justify;\"><img decoding=\"async\" src=\"https:\/\/odiarioregional.com.br\/wp-content\/uploads\/2021\/03\/IMG_0766-1069x600.jpg\"><\/p>\n<p style=\"text-align: justify;\"><img decoding=\"async\" src=\"https:\/\/odiarioregional.com.br\/wp-content\/uploads\/2021\/03\/IMG_0773-1069x600.jpg\"><\/p>\n<p style=\"text-align: justify;\"><img decoding=\"async\" src=\"https:\/\/odiarioregional.com.br\/wp-content\/uploads\/2021\/03\/IMG_0759-1-1069x600.jpg\"><\/p>\n","protected":false},"excerpt":{"rendered":"<p>Desde que chegou na cidade h\u00e1 um ano, a rede de farm\u00e1cias Indiana vem mostrando sucesso e aceita\u00e7\u00e3o entre a popula\u00e7\u00e3o muriaense. Uma das maiores empresas do ramo farmac\u00eautico do pa\u00eds, a marca j\u00e1 soma 86 anos de mercado e mais de 120 unidades em territ\u00f3rio brasileiro, das quais 13 est\u00e3o localizadas na Zona da [&hellip;]<\/p>\n","protected":false},"author":6,"featured_media":0,"comment_status":"open","ping_status":"closed","sticky":false,"template":"","format":"standard","meta":{"_joinchat":[],"footnotes":""},"categories":[1],"tags":[],"class_list":["post-73990","post","type-post","status-publish","format-standard","hentry","category-sem-categoria"],"_links":{"self":[{"href":"https:\/\/folhadosudeste.com\/site\/index.php?rest_route=\/wp\/v2\/posts\/73990","targetHints":{"allow":["GET"]}}],"collection":[{"href":"https:\/\/folhadosudeste.com\/site\/index.php?rest_route=\/wp\/v2\/posts"}],"about":[{"href":"https:\/\/folhadosudeste.com\/site\/index.php?rest_route=\/wp\/v2\/types\/post"}],"author":[{"embeddable":true,"href":"https:\/\/folhadosudeste.com\/site\/index.php?rest_route=\/wp\/v2\/users\/6"}],"replies":[{"embeddable":true,"href":"https:\/\/folhadosudeste.com\/site\/index.php?rest_route=%2Fwp%2Fv2%2Fcomments&post=73990"}],"version-history":[{"count":5,"href":"https:\/\/folhadosudeste.com\/site\/index.php?rest_route=\/wp\/v2\/posts\/73990\/revisions"}],"predecessor-version":[{"id":74013,"href":"https:\/\/folhadosudeste.com\/site\/index.php?rest_route=\/wp\/v2\/posts\/73990\/revisions\/74013"}],"wp:attachment":[{"href":"https:\/\/folhadosudeste.com\/site\/index.php?rest_route=%2Fwp%2Fv2%2Fmedia&parent=73990"}],"wp:term":[{"taxonomy":"category","embeddable":true,"href":"https:\/\/folhadosudeste.com\/site\/index.php?rest_route=%2Fwp%2Fv2%2Fcategories&post=73990"},{"taxonomy":"post_tag","embeddable":true,"href":"https:\/\/folhadosudeste.com\/site\/index.php?rest_route=%2Fwp%2Fv2%2Ftags&post=73990"}],"curies":[{"name":"wp","href":"https:\/\/api.w.org\/{rel}","templated":true}]}}