{"id":74006,"date":"2021-03-17T19:30:45","date_gmt":"2021-03-17T19:30:45","guid":{"rendered":"http:\/\/folhadosudeste.com\/site\/?p=74006"},"modified":"2021-03-17T19:30:45","modified_gmt":"2021-03-17T19:30:45","slug":"com-municipio-na-onda-roxa-camara-suspende-atendimento-ao-publico-para-prevenir-coronavirus","status":"publish","type":"post","link":"https:\/\/folhadosudeste.com\/site\/?p=74006","title":{"rendered":"Com munic\u00edpio na Onda Roxa, C\u00e2mara suspende atendimento ao p\u00fablico para prevenir coronav\u00edrus"},"content":{"rendered":"<p><a href=\"http:\/\/folhadosudeste.com\/site\/wp-content\/uploads\/2021\/03\/WhatsApp-Image-2021-03-17-at-11.21.23.jpeg\"><img loading=\"lazy\" decoding=\"async\" class=\"alignnone size-full wp-image-74007\" src=\"http:\/\/folhadosudeste.com\/site\/wp-content\/uploads\/2021\/03\/WhatsApp-Image-2021-03-17-at-11.21.23.jpeg\" alt=\"\" width=\"1280\" height=\"846\" srcset=\"https:\/\/folhadosudeste.com\/site\/wp-content\/uploads\/2021\/03\/WhatsApp-Image-2021-03-17-at-11.21.23.jpeg 1280w, https:\/\/folhadosudeste.com\/site\/wp-content\/uploads\/2021\/03\/WhatsApp-Image-2021-03-17-at-11.21.23-300x198.jpeg 300w, https:\/\/folhadosudeste.com\/site\/wp-content\/uploads\/2021\/03\/WhatsApp-Image-2021-03-17-at-11.21.23-768x508.jpeg 768w, https:\/\/folhadosudeste.com\/site\/wp-content\/uploads\/2021\/03\/WhatsApp-Image-2021-03-17-at-11.21.23-1024x677.jpeg 1024w, https:\/\/folhadosudeste.com\/site\/wp-content\/uploads\/2021\/03\/WhatsApp-Image-2021-03-17-at-11.21.23-120x80.jpeg 120w, https:\/\/folhadosudeste.com\/site\/wp-content\/uploads\/2021\/03\/WhatsApp-Image-2021-03-17-at-11.21.23-590x390.jpeg 590w\" sizes=\"auto, (max-width: 1280px) 100vw, 1280px\" \/><\/a><\/p>\n<p style=\"text-align: justify;\">Sess\u00f5es ser\u00e3o transmitidas ao vivo pela rede social da Casa. Trabalho ser\u00e1 feito de forma remata para garantir mais seguran\u00e7a a usu\u00e1rios e servidores<\/p>\n<p style=\"text-align: justify;\">Em cumprimento \u00e0s diretrizes exigidas pela Onda Roxa do Programa Minas Consciente, o presidente da C\u00e2mara de Muria\u00e9, Afonso da Sa\u00fade (PTB), determinou medidas que ser\u00e3o adotadas a partir desta quarta-feira, 17, como forma de preven\u00e7\u00e3o ao coronav\u00edrus.<\/p>\n<p style=\"text-align: justify;\">A Portaria 67\/2021 estabelece que o acesso \u00e0s depend\u00eancias da C\u00e2mara est\u00e1 restrita a vereadores, servidores, estagi\u00e1rios e contratados. Portanto, o atendimento presencial \u00e0 popula\u00e7\u00e3o est\u00e1 temporariamente suspenso.<\/p>\n<p style=\"text-align: justify;\">As atividades presenciais na Casa tamb\u00e9m est\u00e3o suspensas, como sess\u00f5es ordin\u00e1rias, extraordin\u00e1rias e de comiss\u00f5es. Apenas servidores que desempenham servi\u00e7os essenciais para o funcionamento da sede do Legislativo poder\u00e3o circular no local. Os demais funcion\u00e1rios realizar\u00e3o o trabalho de forma remota.<\/p>\n<p><!--more--><\/p>\n<p style=\"text-align: justify;\">Ainda de acordo com a portaria, tamb\u00e9m est\u00e3o suspensas a realiza\u00e7\u00e3o de outras atividades que envolvam a participa\u00e7\u00e3o do p\u00fablico externo, como eventos institucionais, incluindo semin\u00e1rios, f\u00f3runs t\u00e9cnicos, ciclos de debates, debates p\u00fablicos, homenagens, acesso do p\u00fablico aos gabinetes parlamentares, programas de visita\u00e7\u00e3o \u00e0 C\u00e2mara e cess\u00e3o de espa\u00e7os para conven\u00e7\u00f5es partid\u00e1rias e outros encontros.<\/p>\n<p style=\"text-align: justify;\">Para a popula\u00e7\u00e3o acompanhar as movimenta\u00e7\u00f5es do Legislativo, as sess\u00f5es ser\u00e3o transmitidas ao vivo na p\u00e1gina da C\u00e2mara no Facebook. Os vereadores participar\u00e3o das sess\u00f5es tamb\u00e9m na modalidade de home office.<\/p>\n<p style=\"text-align: justify;\">J\u00e1 as convoca\u00e7\u00f5es e publica\u00e7\u00f5es feitas aos vereadores ser\u00e3o cumpridas atrav\u00e9s de WhatsApp, email, liga\u00e7\u00e3o telef\u00f4nica ou outro meio remoto. Para o regular seguimento das atividades legislativas, as mat\u00e9rias, projetos e outros documentos dever\u00e3o ser enviados para o cmm@camaramuriae.mg.gov.br ou legislativo@camaramuriae.mg.gov.br.<\/p>\n<p><a href=\"http:\/\/folhadosudeste.com\/site\/wp-content\/uploads\/2021\/03\/WhatsApp-Image-2021-03-17-at-11.21.23-1.jpeg\"><img loading=\"lazy\" decoding=\"async\" class=\"alignnone size-full wp-image-74008\" src=\"http:\/\/folhadosudeste.com\/site\/wp-content\/uploads\/2021\/03\/WhatsApp-Image-2021-03-17-at-11.21.23-1.jpeg\" alt=\"\" width=\"1280\" height=\"779\" srcset=\"https:\/\/folhadosudeste.com\/site\/wp-content\/uploads\/2021\/03\/WhatsApp-Image-2021-03-17-at-11.21.23-1.jpeg 1280w, https:\/\/folhadosudeste.com\/site\/wp-content\/uploads\/2021\/03\/WhatsApp-Image-2021-03-17-at-11.21.23-1-300x183.jpeg 300w, https:\/\/folhadosudeste.com\/site\/wp-content\/uploads\/2021\/03\/WhatsApp-Image-2021-03-17-at-11.21.23-1-768x467.jpeg 768w, https:\/\/folhadosudeste.com\/site\/wp-content\/uploads\/2021\/03\/WhatsApp-Image-2021-03-17-at-11.21.23-1-1024x623.jpeg 1024w\" sizes=\"auto, (max-width: 1280px) 100vw, 1280px\" \/><\/a><\/p>\n","protected":false},"excerpt":{"rendered":"<p>Sess\u00f5es ser\u00e3o transmitidas ao vivo pela rede social da Casa. Trabalho ser\u00e1 feito de forma remata para garantir mais seguran\u00e7a a usu\u00e1rios e servidores Em cumprimento \u00e0s diretrizes exigidas pela Onda Roxa do Programa Minas Consciente, o presidente da C\u00e2mara de Muria\u00e9, Afonso da Sa\u00fade (PTB), determinou medidas que ser\u00e3o adotadas a partir desta quarta-feira, [&hellip;]<\/p>\n","protected":false},"author":6,"featured_media":0,"comment_status":"open","ping_status":"closed","sticky":false,"template":"","format":"standard","meta":{"_joinchat":[],"footnotes":""},"categories":[1],"tags":[],"class_list":["post-74006","post","type-post","status-publish","format-standard","hentry","category-sem-categoria"],"_links":{"self":[{"href":"https:\/\/folhadosudeste.com\/site\/index.php?rest_route=\/wp\/v2\/posts\/74006","targetHints":{"allow":["GET"]}}],"collection":[{"href":"https:\/\/folhadosudeste.com\/site\/index.php?rest_route=\/wp\/v2\/posts"}],"about":[{"href":"https:\/\/folhadosudeste.com\/site\/index.php?rest_route=\/wp\/v2\/types\/post"}],"author":[{"embeddable":true,"href":"https:\/\/folhadosudeste.com\/site\/index.php?rest_route=\/wp\/v2\/users\/6"}],"replies":[{"embeddable":true,"href":"https:\/\/folhadosudeste.com\/site\/index.php?rest_route=%2Fwp%2Fv2%2Fcomments&post=74006"}],"version-history":[{"count":1,"href":"https:\/\/folhadosudeste.com\/site\/index.php?rest_route=\/wp\/v2\/posts\/74006\/revisions"}],"predecessor-version":[{"id":74009,"href":"https:\/\/folhadosudeste.com\/site\/index.php?rest_route=\/wp\/v2\/posts\/74006\/revisions\/74009"}],"wp:attachment":[{"href":"https:\/\/folhadosudeste.com\/site\/index.php?rest_route=%2Fwp%2Fv2%2Fmedia&parent=74006"}],"wp:term":[{"taxonomy":"category","embeddable":true,"href":"https:\/\/folhadosudeste.com\/site\/index.php?rest_route=%2Fwp%2Fv2%2Fcategories&post=74006"},{"taxonomy":"post_tag","embeddable":true,"href":"https:\/\/folhadosudeste.com\/site\/index.php?rest_route=%2Fwp%2Fv2%2Ftags&post=74006"}],"curies":[{"name":"wp","href":"https:\/\/api.w.org\/{rel}","templated":true}]}}