{"id":74038,"date":"2021-03-24T19:57:43","date_gmt":"2021-03-24T19:57:43","guid":{"rendered":"http:\/\/folhadosudeste.com\/site\/?p=74038"},"modified":"2021-03-24T19:57:43","modified_gmt":"2021-03-24T19:57:43","slug":"cba-faz-estudo-sobre-plantio-de-nativas-para-ampliar-a-biodiversidade-na-zona-da-mata","status":"publish","type":"post","link":"https:\/\/folhadosudeste.com\/site\/?p=74038","title":{"rendered":"CBA faz estudo sobre plantio de nativas para ampliar a biodiversidade na Zona da Mata"},"content":{"rendered":"<p><a href=\"http:\/\/folhadosudeste.com\/site\/wp-content\/uploads\/2021\/03\/CBA_Espa\u00e7amentoNativas_Itamarati-de-Minas-1_530x530-530x405.jpg\"><img loading=\"lazy\" decoding=\"async\" class=\"alignnone  wp-image-74039\" src=\"http:\/\/folhadosudeste.com\/site\/wp-content\/uploads\/2021\/03\/CBA_Espa\u00e7amentoNativas_Itamarati-de-Minas-1_530x530-530x405.jpg\" alt=\"\" width=\"811\" height=\"620\" srcset=\"https:\/\/folhadosudeste.com\/site\/wp-content\/uploads\/2021\/03\/CBA_Espa\u00e7amentoNativas_Itamarati-de-Minas-1_530x530-530x405.jpg 530w, https:\/\/folhadosudeste.com\/site\/wp-content\/uploads\/2021\/03\/CBA_Espa\u00e7amentoNativas_Itamarati-de-Minas-1_530x530-530x405-300x229.jpg 300w\" sizes=\"auto, (max-width: 811px) 100vw, 811px\" \/><\/a><\/p>\n<p style=\"text-align: justify;\"><em>As \u00e1rvores plantadas propiciam a forma\u00e7\u00e3o de um corredor ecol\u00f3gico<\/em><\/p>\n<p style=\"text-align: justify;\">A Companhia Brasileira de Alum\u00ednio (CBA) e a Universidade Federal de Vi\u00e7osa (UFV) est\u00e3o desenvolvendo mais um projeto em parceria de restaura\u00e7\u00e3o florestal. O estudo visa avaliar o plantio de \u00e1rvores nativas com diferentes espa\u00e7amentos no munic\u00edpio de Itamarati de Minas, na Zona da Mata mineira. O objetivo do experimento \u00e9 plantar um n\u00famero maior de \u00e1rvores em uma \u00e1rea menor, a fim de preencher mais rapidamente o local, analisando o impacto do espa\u00e7amento no desenvolvimento das esp\u00e9cies, a qualidade do solo, o potencial de regenera\u00e7\u00e3o natural e os ganhos em biodiversidade.<br \/>\nEntre os benef\u00edcios para a fauna e a flora local est\u00e3o: avalia\u00e7\u00e3o das taxas de crescimento das mudas, \u00edndices de cobertura, fechamento de dossel (parte superior da floresta formada pelas copas das \u00e1rvores) e as propriedades do solo, para quali-quantificar as melhorias promovidas pelo adensamento da floresta.<\/p>\n<p><!--more--><\/p>\n<p style=\"text-align: justify;\">O professor de restaura\u00e7\u00e3o florestal da UFV, Sebasti\u00e3o Ven\u00e2ncio Martins, coordenador do projeto junto com a CBA, aponta que, quanto mais eficiente o fechamento de copa, por exemplo, maior a produ\u00e7\u00e3o de serapilheira e ciclagem de nutrientes. \u201cIsso viabiliza o reaproveitamento dos nutrientes e a melhor restaura\u00e7\u00e3o f\u00edsica, qu\u00edmica e biol\u00f3gica da qualidade do solo. \u201cAs coletas e as medi\u00e7\u00f5es j\u00e1 iniciaram e, a partir do primeiro ano do estudo, vamos realizar o monitoramento da fauna no local, da cobertura de copas, da serapilheira, entre outros, e, assim, teremos mais indicativos. Estamos otimistas sobre o experimento\u201d, completa. O gerente das unidades da CBA na Zona da Mata, Christian Fonseca de Andrade, destaca que o estudo est\u00e1 alinhado \u00e0 estrat\u00e9gia de Sustentabilidade da Companhia. \u201cTrabalhamos fortemente com a UFV h\u00e1 13 anos com pesquisa e desenvolvimento de tecnologias ambientais. Os experimentos sempre trazem descobertas e resultados importantes para o meio ambiente e, consequentemente, promovem a evolu\u00e7\u00e3o cont\u00ednua das pr\u00e1ticas ambientais da Companhia. Esse \u00e9 um grande legado que estamos deixando para a opera\u00e7\u00e3o mineira, a universidade, os cientistas \u2013 que podem desenvolver seus estudos dentro de um ambiente industrial e, principalmente, para a sociedade\u201d, ressalta.<\/p>\n<p><a href=\"http:\/\/folhadosudeste.com\/site\/wp-content\/uploads\/2021\/03\/CBA_Espa\u00e7amentoNativas_Itamarati-de-Minas-3-1.jpg\"><img loading=\"lazy\" decoding=\"async\" class=\"alignnone size-full wp-image-74040\" src=\"http:\/\/folhadosudeste.com\/site\/wp-content\/uploads\/2021\/03\/CBA_Espa\u00e7amentoNativas_Itamarati-de-Minas-3-1.jpg\" alt=\"\" width=\"768\" height=\"1024\" srcset=\"https:\/\/folhadosudeste.com\/site\/wp-content\/uploads\/2021\/03\/CBA_Espa\u00e7amentoNativas_Itamarati-de-Minas-3-1.jpg 768w, https:\/\/folhadosudeste.com\/site\/wp-content\/uploads\/2021\/03\/CBA_Espa\u00e7amentoNativas_Itamarati-de-Minas-3-1-225x300.jpg 225w\" sizes=\"auto, (max-width: 768px) 100vw, 768px\" \/><\/a><\/p>\n<p style=\"text-align: justify;\">Projeto Restaura\u00e7\u00e3o Florestal: Desde 2011, o projeto de Restaura\u00e7\u00e3o Florestal faz parte da parceria da CBA com o LARF (Laborat\u00f3rio de Restaura\u00e7\u00e3o Florestal da UFV) e visa desenvolver pesquisas e orienta\u00e7\u00f5es t\u00e9cnicas sobre restaura\u00e7\u00e3o de florestas nativas, tanto em \u00e1reas mineradas como em \u00e1reas de compensa\u00e7\u00e3o ambiental nas cidades de Mira\u00ed e Itamarati de Minas, localizadas na Zona da Mata mineira. A partir das pesquisas de monitoramento s\u00e3o desenvolvidas uma s\u00e9rie de disserta\u00e7\u00f5es, teses e pesquisas de inicia\u00e7\u00e3o cient\u00edfica, que j\u00e1 resultaram em dezenas de artigos cient\u00edficos, cap\u00edtulos de livros e trabalhos em congressos.<\/p>\n<p style=\"text-align: justify;\">Em 2019, os trabalhos de pesquisa e desenvolvimento de tecnologias em restaura\u00e7\u00e3o florestal receberam um importante reconhecimento internacional. Foi publicado nos Estados Unidos o livro Recent Advances in Ecological Restoration, pela editora Nova Science Publishers, uma das mais importantes do mundo nessa tem\u00e1tica. Dois cap\u00edtulos da obra s\u00e3o dedicados aos trabalhos de Restaura\u00e7\u00e3o Florestal nas \u00e1reas mineradas da CBA, refletindo a sustentabilidade da atividade desenvolvida pela empresa na Zona da Mata mineira.<\/p>\n<p style=\"text-align: justify;\">Tamb\u00e9m em 2019, o trabalho de inicia\u00e7\u00e3o cient\u00edfica \u201cRegenera\u00e7\u00e3o natural, crescimento e sobreviv\u00eancia de mudas em uma \u00e1rea em restaura\u00e7\u00e3o no ambiente de minera\u00e7\u00e3o de bauxita, Mira\u00ed, MG\u201d, da estudante de Engenharia Florestal Patr\u00edcia Aparecida Laviola Ricardo, orientada pelo prof. Sebasti\u00e3o Ven\u00e2ncio Martins, foi premiado como o Melhor Trabalho de Pesquisa do Centro de Ci\u00eancias Agr\u00e1rias da UFV, apresentado no Simp\u00f3sio de Integra\u00e7\u00e3o Acad\u00eamica (SIA 2019).<\/p>\n<p style=\"text-align: justify;\">Em 2020, foi publicada a disserta\u00e7\u00e3o \u201cIndica\u00e7\u00e3o de \u00e1reas priorit\u00e1rias para restaura\u00e7\u00e3o florestal compensat\u00f3ria \u00e0 minera\u00e7\u00e3o de bauxita na Zona da Mata de Minas Gerais\u201d, do estudante Luiz Henrique Elias Cosimo.<\/p>\n<p><a href=\"http:\/\/folhadosudeste.com\/site\/wp-content\/uploads\/2021\/03\/CBA_Espa\u00e7amentoNativas_Itamarati-de-Minas-4.jpg\"><img loading=\"lazy\" decoding=\"async\" class=\"alignnone size-full wp-image-74041\" src=\"http:\/\/folhadosudeste.com\/site\/wp-content\/uploads\/2021\/03\/CBA_Espa\u00e7amentoNativas_Itamarati-de-Minas-4.jpg\" alt=\"\" width=\"720\" height=\"480\" srcset=\"https:\/\/folhadosudeste.com\/site\/wp-content\/uploads\/2021\/03\/CBA_Espa\u00e7amentoNativas_Itamarati-de-Minas-4.jpg 720w, https:\/\/folhadosudeste.com\/site\/wp-content\/uploads\/2021\/03\/CBA_Espa\u00e7amentoNativas_Itamarati-de-Minas-4-300x200.jpg 300w, https:\/\/folhadosudeste.com\/site\/wp-content\/uploads\/2021\/03\/CBA_Espa\u00e7amentoNativas_Itamarati-de-Minas-4-120x80.jpg 120w, https:\/\/folhadosudeste.com\/site\/wp-content\/uploads\/2021\/03\/CBA_Espa\u00e7amentoNativas_Itamarati-de-Minas-4-345x230.jpg 345w\" sizes=\"auto, (max-width: 720px) 100vw, 720px\" \/><\/a><\/p>\n","protected":false},"excerpt":{"rendered":"<p>As \u00e1rvores plantadas propiciam a forma\u00e7\u00e3o de um corredor ecol\u00f3gico A Companhia Brasileira de Alum\u00ednio (CBA) e a Universidade Federal de Vi\u00e7osa (UFV) est\u00e3o desenvolvendo mais um projeto em parceria de restaura\u00e7\u00e3o florestal. O estudo visa avaliar o plantio de \u00e1rvores nativas com diferentes espa\u00e7amentos no munic\u00edpio de Itamarati de Minas, na Zona da Mata [&hellip;]<\/p>\n","protected":false},"author":6,"featured_media":0,"comment_status":"open","ping_status":"closed","sticky":false,"template":"","format":"standard","meta":{"_joinchat":[],"footnotes":""},"categories":[1],"tags":[],"class_list":["post-74038","post","type-post","status-publish","format-standard","hentry","category-sem-categoria"],"_links":{"self":[{"href":"https:\/\/folhadosudeste.com\/site\/index.php?rest_route=\/wp\/v2\/posts\/74038","targetHints":{"allow":["GET"]}}],"collection":[{"href":"https:\/\/folhadosudeste.com\/site\/index.php?rest_route=\/wp\/v2\/posts"}],"about":[{"href":"https:\/\/folhadosudeste.com\/site\/index.php?rest_route=\/wp\/v2\/types\/post"}],"author":[{"embeddable":true,"href":"https:\/\/folhadosudeste.com\/site\/index.php?rest_route=\/wp\/v2\/users\/6"}],"replies":[{"embeddable":true,"href":"https:\/\/folhadosudeste.com\/site\/index.php?rest_route=%2Fwp%2Fv2%2Fcomments&post=74038"}],"version-history":[{"count":1,"href":"https:\/\/folhadosudeste.com\/site\/index.php?rest_route=\/wp\/v2\/posts\/74038\/revisions"}],"predecessor-version":[{"id":74042,"href":"https:\/\/folhadosudeste.com\/site\/index.php?rest_route=\/wp\/v2\/posts\/74038\/revisions\/74042"}],"wp:attachment":[{"href":"https:\/\/folhadosudeste.com\/site\/index.php?rest_route=%2Fwp%2Fv2%2Fmedia&parent=74038"}],"wp:term":[{"taxonomy":"category","embeddable":true,"href":"https:\/\/folhadosudeste.com\/site\/index.php?rest_route=%2Fwp%2Fv2%2Fcategories&post=74038"},{"taxonomy":"post_tag","embeddable":true,"href":"https:\/\/folhadosudeste.com\/site\/index.php?rest_route=%2Fwp%2Fv2%2Ftags&post=74038"}],"curies":[{"name":"wp","href":"https:\/\/api.w.org\/{rel}","templated":true}]}}