{"id":74043,"date":"2021-03-24T20:00:16","date_gmt":"2021-03-24T20:00:16","guid":{"rendered":"http:\/\/folhadosudeste.com\/site\/?p=74043"},"modified":"2021-03-25T20:27:51","modified_gmt":"2021-03-25T20:27:51","slug":"aplicacao-da-segunda-dose-da-coronavac-acontece-nesta-sexta-em-muriae","status":"publish","type":"post","link":"https:\/\/folhadosudeste.com\/site\/?p=74043","title":{"rendered":"Aplica\u00e7\u00e3o da segunda dose da Coronavac acontece nesta sexta em Muria\u00e9"},"content":{"rendered":"<div>\n<p><a href=\"http:\/\/folhadosudeste.com\/site\/wp-content\/uploads\/2021\/03\/WhatsApp-Image-2021-03-25-at-17.19.30.jpeg\"><img loading=\"lazy\" decoding=\"async\" class=\"alignnone size-full wp-image-74056\" src=\"http:\/\/folhadosudeste.com\/site\/wp-content\/uploads\/2021\/03\/WhatsApp-Image-2021-03-25-at-17.19.30.jpeg\" alt=\"\" width=\"720\" height=\"1280\" srcset=\"https:\/\/folhadosudeste.com\/site\/wp-content\/uploads\/2021\/03\/WhatsApp-Image-2021-03-25-at-17.19.30.jpeg 720w, https:\/\/folhadosudeste.com\/site\/wp-content\/uploads\/2021\/03\/WhatsApp-Image-2021-03-25-at-17.19.30-169x300.jpeg 169w, https:\/\/folhadosudeste.com\/site\/wp-content\/uploads\/2021\/03\/WhatsApp-Image-2021-03-25-at-17.19.30-576x1024.jpeg 576w\" sizes=\"auto, (max-width: 720px) 100vw, 720px\" \/><\/a><\/p>\n<p style=\"text-align: justify;\">Na pr\u00f3xima sexta-feira (26), a Secretaria Municipal de Sa\u00fade promove a aplica\u00e7\u00e3o da segunda dose da&nbsp;Coronavac&nbsp;para as pessoas que receberam a primeira dose nos dias 10, 11 e 12 de mar\u00e7o. A vacina\u00e7\u00e3o ser\u00e1 em sistema drive-through, novamente no Parque de Exposi\u00e7\u00f5es, com entrada pelo portao inferior (em frente \u00e0 Ferrobr\u00e1s). O hor\u00e1rio de atendimento ser\u00e1 das 8h \u00e0s 13h. \u00c9 obrigat\u00f3rio levar: CPF, documento de identidade e cart\u00e3o de vacinas para confirma\u00e7\u00e3o da data e do imunizante recebido na primeira aplica\u00e7\u00e3o.<\/p>\n<p style=\"text-align: justify;\">Vale lembrar que n\u00e3o \u00e9 necess\u00e1rio formar fila na madrugada, uma vez que a segunda dose \u00e9 garantida para todos que j\u00e1 receberam a dose inicial da&nbsp;Coronavac.<\/p>\n<p style=\"text-align: justify;\">VACINA\u00c7\u00c3O COVID-19 EM MURIA\u00c9 &#8211; SEGUNDA DOSE DA&nbsp;CORONAVAC<br \/>\nData: 26\/03<br \/>\nHor\u00e1rio: de 8h at\u00e9 13h<br \/>\nLocal: Parque de Exposi\u00e7\u00f5es (drive-through com acesso pelo port\u00e3o inferior)<br \/>\nVacina\u00e7\u00e3o exclusiva para pessoas que receberam a primeira dose da&nbsp;Coronavac&nbsp;nos dias 10, 11 e 12 de mar\u00e7o<br \/>\nObrigat\u00f3rio levar: CPF, identidade e cart\u00e3o de vacinas com a comprova\u00e7\u00e3o da primeira dose.<\/p>\n<\/div>\n","protected":false},"excerpt":{"rendered":"<p>Na pr\u00f3xima sexta-feira (26), a Secretaria Municipal de Sa\u00fade promove a aplica\u00e7\u00e3o da segunda dose da&nbsp;Coronavac&nbsp;para as pessoas que receberam a primeira dose nos dias 10, 11 e 12 de mar\u00e7o. A vacina\u00e7\u00e3o ser\u00e1 em sistema drive-through, novamente no Parque de Exposi\u00e7\u00f5es, com entrada pelo portao inferior (em frente \u00e0 Ferrobr\u00e1s). O hor\u00e1rio de atendimento [&hellip;]<\/p>\n","protected":false},"author":6,"featured_media":0,"comment_status":"open","ping_status":"closed","sticky":false,"template":"","format":"standard","meta":{"_joinchat":[],"footnotes":""},"categories":[1],"tags":[],"class_list":["post-74043","post","type-post","status-publish","format-standard","hentry","category-sem-categoria"],"_links":{"self":[{"href":"https:\/\/folhadosudeste.com\/site\/index.php?rest_route=\/wp\/v2\/posts\/74043","targetHints":{"allow":["GET"]}}],"collection":[{"href":"https:\/\/folhadosudeste.com\/site\/index.php?rest_route=\/wp\/v2\/posts"}],"about":[{"href":"https:\/\/folhadosudeste.com\/site\/index.php?rest_route=\/wp\/v2\/types\/post"}],"author":[{"embeddable":true,"href":"https:\/\/folhadosudeste.com\/site\/index.php?rest_route=\/wp\/v2\/users\/6"}],"replies":[{"embeddable":true,"href":"https:\/\/folhadosudeste.com\/site\/index.php?rest_route=%2Fwp%2Fv2%2Fcomments&post=74043"}],"version-history":[{"count":5,"href":"https:\/\/folhadosudeste.com\/site\/index.php?rest_route=\/wp\/v2\/posts\/74043\/revisions"}],"predecessor-version":[{"id":74060,"href":"https:\/\/folhadosudeste.com\/site\/index.php?rest_route=\/wp\/v2\/posts\/74043\/revisions\/74060"}],"wp:attachment":[{"href":"https:\/\/folhadosudeste.com\/site\/index.php?rest_route=%2Fwp%2Fv2%2Fmedia&parent=74043"}],"wp:term":[{"taxonomy":"category","embeddable":true,"href":"https:\/\/folhadosudeste.com\/site\/index.php?rest_route=%2Fwp%2Fv2%2Fcategories&post=74043"},{"taxonomy":"post_tag","embeddable":true,"href":"https:\/\/folhadosudeste.com\/site\/index.php?rest_route=%2Fwp%2Fv2%2Ftags&post=74043"}],"curies":[{"name":"wp","href":"https:\/\/api.w.org\/{rel}","templated":true}]}}