{"id":74050,"date":"2021-03-24T20:04:56","date_gmt":"2021-03-24T20:04:56","guid":{"rendered":"http:\/\/folhadosudeste.com\/site\/?p=74050"},"modified":"2021-03-24T20:04:56","modified_gmt":"2021-03-24T20:04:56","slug":"empresa-coletivos-uniao-volta-atras-e-desiste-de-cancelar-quatro-linhas-nesta-segunda-feira","status":"publish","type":"post","link":"https:\/\/folhadosudeste.com\/site\/?p=74050","title":{"rendered":"Empresa Coletivos Uni\u00e3o volta atr\u00e1s e desiste de cancelar quatro linhas nesta segunda-feira"},"content":{"rendered":"<p><a href=\"http:\/\/folhadosudeste.com\/site\/wp-content\/uploads\/2021\/03\/52eeedebcb37dbf699630defa96c66b7.ec95358be0ee82baab72a9779acc9bb0.ac4d79e30ebd5a4a9b435152b7d9516a.via\u00e7\u00e3o-uni\u00e3o.jpg\"><img loading=\"lazy\" decoding=\"async\" class=\"alignnone size-full wp-image-74051\" src=\"http:\/\/folhadosudeste.com\/site\/wp-content\/uploads\/2021\/03\/52eeedebcb37dbf699630defa96c66b7.ec95358be0ee82baab72a9779acc9bb0.ac4d79e30ebd5a4a9b435152b7d9516a.via\u00e7\u00e3o-uni\u00e3o.jpg\" alt=\"\" width=\"700\" height=\"525\" srcset=\"https:\/\/folhadosudeste.com\/site\/wp-content\/uploads\/2021\/03\/52eeedebcb37dbf699630defa96c66b7.ec95358be0ee82baab72a9779acc9bb0.ac4d79e30ebd5a4a9b435152b7d9516a.via\u00e7\u00e3o-uni\u00e3o.jpg 700w, https:\/\/folhadosudeste.com\/site\/wp-content\/uploads\/2021\/03\/52eeedebcb37dbf699630defa96c66b7.ec95358be0ee82baab72a9779acc9bb0.ac4d79e30ebd5a4a9b435152b7d9516a.via\u00e7\u00e3o-uni\u00e3o-300x225.jpg 300w\" sizes=\"auto, (max-width: 700px) 100vw, 700px\" \/><\/a><\/p>\n<p style=\"text-align: justify;\">A Empresa Coletivos Uni\u00e3o voltou atr\u00e1s e n\u00e3o ir\u00e1 mais cancelar as linhas Circular, Bela Vista, Napole\u00e3o e Aeroporto. De acordo com a empresa de transporte p\u00fablico, nesta segunda-feira (22) as linhas operar\u00e3o normalmente.<\/p>\n<p style=\"text-align: justify;\">A decis\u00e3o foi tomada ap\u00f3s a procuradoria do munic\u00edpio entrar em contato com a diretoria da empresa e solicitar que os servi\u00e7os n\u00e3o podem deixar de ser prestado \u00e0 popula\u00e7\u00e3o.<\/p>\n<p style=\"text-align: justify;\">Na sexta-feira, ap\u00f3s receber a informa\u00e7\u00e3o do cancelamento das linhas, o&nbsp;<a href=\"https:\/\/radiomuriae.com.br\/noticias\/coletivos-uniao-cancela-mais-quatro-linhas-demite-funcionarios-e-alega-crise-financeira\"><strong>d<\/strong><\/a><strong><a href=\"https:\/\/radiomuriae.com.br\/noticias\/coletivos-uniao-cancela-mais-quatro-linhas-demite-funcionarios-e-alega-crise-financeira\">epartamento de jornalismo da R\u00e1dio Muria\u00e9<\/a><\/strong><a href=\"https:\/\/radiomuriae.com.br\/noticias\/coletivos-uniao-cancela-mais-quatro-linhas-demite-funcionarios-e-alega-crise-financeira\">&nbsp;publicou uma reportagem informando a decis\u00e3o e fez um levantamento explicando o motivo da inefici\u00eancia do grupo e apresentando suas d\u00edvidas.<\/a>&nbsp;Atualmente o Coletivos Uni\u00e3o possui um d\u00e9ficit de mais de mais de R$ 100 mil, sem contar que o d\u00e9cimo terceiro dos funcion\u00e1rios de 2020 ainda n\u00e3o foram pagos.<\/p>\n<p style=\"text-align: justify;\">Recentemente as linhas Encoberta, S\u00e3o Francisco, Planalto, Jo\u00e3o XXIII, e Dornelas II tamb\u00e9m pararam de circular. Desde o in\u00edcio da pandemia 75 funcion\u00e1rios foram demitidos. Fonte: R\u00e1dio Muria\u00e9<\/p>\n","protected":false},"excerpt":{"rendered":"<p>A Empresa Coletivos Uni\u00e3o voltou atr\u00e1s e n\u00e3o ir\u00e1 mais cancelar as linhas Circular, Bela Vista, Napole\u00e3o e Aeroporto. De acordo com a empresa de transporte p\u00fablico, nesta segunda-feira (22) as linhas operar\u00e3o normalmente. A decis\u00e3o foi tomada ap\u00f3s a procuradoria do munic\u00edpio entrar em contato com a diretoria da empresa e solicitar que os [&hellip;]<\/p>\n","protected":false},"author":6,"featured_media":0,"comment_status":"open","ping_status":"closed","sticky":false,"template":"","format":"standard","meta":{"_joinchat":[],"footnotes":""},"categories":[1],"tags":[],"class_list":["post-74050","post","type-post","status-publish","format-standard","hentry","category-sem-categoria"],"_links":{"self":[{"href":"https:\/\/folhadosudeste.com\/site\/index.php?rest_route=\/wp\/v2\/posts\/74050","targetHints":{"allow":["GET"]}}],"collection":[{"href":"https:\/\/folhadosudeste.com\/site\/index.php?rest_route=\/wp\/v2\/posts"}],"about":[{"href":"https:\/\/folhadosudeste.com\/site\/index.php?rest_route=\/wp\/v2\/types\/post"}],"author":[{"embeddable":true,"href":"https:\/\/folhadosudeste.com\/site\/index.php?rest_route=\/wp\/v2\/users\/6"}],"replies":[{"embeddable":true,"href":"https:\/\/folhadosudeste.com\/site\/index.php?rest_route=%2Fwp%2Fv2%2Fcomments&post=74050"}],"version-history":[{"count":1,"href":"https:\/\/folhadosudeste.com\/site\/index.php?rest_route=\/wp\/v2\/posts\/74050\/revisions"}],"predecessor-version":[{"id":74052,"href":"https:\/\/folhadosudeste.com\/site\/index.php?rest_route=\/wp\/v2\/posts\/74050\/revisions\/74052"}],"wp:attachment":[{"href":"https:\/\/folhadosudeste.com\/site\/index.php?rest_route=%2Fwp%2Fv2%2Fmedia&parent=74050"}],"wp:term":[{"taxonomy":"category","embeddable":true,"href":"https:\/\/folhadosudeste.com\/site\/index.php?rest_route=%2Fwp%2Fv2%2Fcategories&post=74050"},{"taxonomy":"post_tag","embeddable":true,"href":"https:\/\/folhadosudeste.com\/site\/index.php?rest_route=%2Fwp%2Fv2%2Ftags&post=74050"}],"curies":[{"name":"wp","href":"https:\/\/api.w.org\/{rel}","templated":true}]}}