{"id":74109,"date":"2021-04-02T03:04:36","date_gmt":"2021-04-02T03:04:36","guid":{"rendered":"http:\/\/folhadosudeste.com\/site\/?p=74109"},"modified":"2021-04-02T03:04:36","modified_gmt":"2021-04-02T03:04:36","slug":"camara-aprova-mais-de-r10-milhoes-para-saude-e-cerca-de-r2-milhoes-para-manutencao-de-estradas-rurais","status":"publish","type":"post","link":"https:\/\/folhadosudeste.com\/site\/?p=74109","title":{"rendered":"C\u00e2mara aprova mais de R$10 milh\u00f5es para Sa\u00fade e cerca de R$2 milh\u00f5es para manuten\u00e7\u00e3o de estradas rurais"},"content":{"rendered":"<p><a href=\"http:\/\/folhadosudeste.com\/site\/wp-content\/uploads\/2021\/04\/camara.jpg\"><img loading=\"lazy\" decoding=\"async\" class=\"alignnone size-full wp-image-74110\" src=\"http:\/\/folhadosudeste.com\/site\/wp-content\/uploads\/2021\/04\/camara.jpg\" alt=\"\" width=\"1280\" height=\"801\" srcset=\"https:\/\/folhadosudeste.com\/site\/wp-content\/uploads\/2021\/04\/camara.jpg 1280w, https:\/\/folhadosudeste.com\/site\/wp-content\/uploads\/2021\/04\/camara-300x188.jpg 300w, https:\/\/folhadosudeste.com\/site\/wp-content\/uploads\/2021\/04\/camara-768x481.jpg 768w, https:\/\/folhadosudeste.com\/site\/wp-content\/uploads\/2021\/04\/camara-1024x641.jpg 1024w\" sizes=\"auto, (max-width: 1280px) 100vw, 1280px\" \/><\/a><\/p>\n<p>Em sess\u00e3o remota devido \u00e0 Onda Roxa, os vereadores aprovaram recursos no valor de R$10.187.488,00 para a Sa\u00fade. Deste total, cerca de R$10 milh\u00f5es (PL 74\/2021) ser\u00e3o destinados para a Funda\u00e7\u00e3o Cristiano Varella, para refor\u00e7o do custeio das a\u00e7\u00f5es e servi\u00e7os, e R$400 mil (PL 25\/2021) ser\u00e3o para manuten\u00e7\u00e3o das atividades da Secretaria Municipal de Sa\u00fade, como loca\u00e7\u00e3o de m\u00e3o de obra, Laborat\u00f3rio Municipal, material de consumo e manuten\u00e7\u00e3o da Aten\u00e7\u00e3o B\u00e1sica, como a limpeza das Unidades B\u00e1sicas de Sa\u00fade.<\/p>\n<p>Ambas as mat\u00e9rias s\u00e3o de autoria do Executivo municipal e foram aprovadas por unanimidade.<\/p>\n<p><!--more--><\/p>\n<p>O PL 74 deu entrada na C\u00e2mara na \u00faltima sexta-feira, 26, e, por determina\u00e7\u00e3o do presidente da Casa, Afonso da Sa\u00fade (PTB), o mesmo foi lido e votado em car\u00e1ter de urg\u00eancia, visto que, em seu entender, todos os projetos vinculados a esta \u00e1rea devem tramitar com prioridade.<\/p>\n<p>Ao todo, sete projetos foram aprovados na sess\u00e3o desta ter\u00e7a-feira, 30 de mar\u00e7o, como o PL 24\/2021, que autoriza o chefe do Executivo a efetivar abertura de cr\u00e9dito adicional suplementar na Lei Or\u00e7ament\u00e1ria de R$1.650.000 destinados \u00e0 Secretaria Municipal de Agricultura, para manuten\u00e7\u00e3o das estradas rurais do munic\u00edpio e de m\u00e1quinas, equipamentos e ve\u00edculos.<\/p>\n<p>Tamb\u00e9m foi aprovado o PL 71\/2021, que acrescenta ao T\u00edtulo Mulher Muriaeense a nomenclatura Comenda Bernadete Carneiro Garcia. Criado em 2017, o t\u00edtulo \u00e9 concedido pela C\u00e2mara na \u00faltima semana de mar\u00e7o, em comemora\u00e7\u00e3o ao Dia Internacional da Mulher.<\/p>\n<p>A vereadora autora do projeto, Miriam Facchini (PP), cita que \u201cBernadete Carneiro foi uma personalidade marcante na hist\u00f3ria de Muria\u00e9\u201d. Ela foi a primeira mulher eleita vereadora no munic\u00edpio, al\u00e9m de ter contribu\u00eddo de diversas formas para a educa\u00e7\u00e3o e projetos sociais. Natural de Patroc\u00ednio do Muria\u00e9, Bernadete faleceu no dia 7 de janeiro de 2009.<\/p>\n<p>Al\u00e9m destes, tamb\u00e9m foram aprovados os PL\u2019s 45 e 61, que denominam logradouros p\u00fablicos; e o PL 69\/2021, que altera e inclui dispositivos na Lei 2.183 de 30 de dezembro de 1997.<\/p>\n<p>Delfim de volta \u00e0s atividades parlamentares &#8211; Ap\u00f3s ficar internado por nove dias por conta da Covid, o vereador Carlos Delfim voltou \u00e0s atividades parlamentares de forma remota. Delfim recebeu alta na \u00faltima sexta-feira, 26, e j\u00e1 participou da sess\u00e3o online desta semana.<\/p>\n<p><a href=\"http:\/\/folhadosudeste.com\/site\/wp-content\/uploads\/2021\/04\/aaa.jpg\"><img loading=\"lazy\" decoding=\"async\" class=\"alignnone size-full wp-image-74111\" src=\"http:\/\/folhadosudeste.com\/site\/wp-content\/uploads\/2021\/04\/aaa.jpg\" alt=\"\" width=\"1280\" height=\"720\" srcset=\"https:\/\/folhadosudeste.com\/site\/wp-content\/uploads\/2021\/04\/aaa.jpg 1280w, https:\/\/folhadosudeste.com\/site\/wp-content\/uploads\/2021\/04\/aaa-300x169.jpg 300w, https:\/\/folhadosudeste.com\/site\/wp-content\/uploads\/2021\/04\/aaa-768x432.jpg 768w, https:\/\/folhadosudeste.com\/site\/wp-content\/uploads\/2021\/04\/aaa-1024x576.jpg 1024w\" sizes=\"auto, (max-width: 1280px) 100vw, 1280px\" \/><\/a><\/p>\n","protected":false},"excerpt":{"rendered":"<p>Em sess\u00e3o remota devido \u00e0 Onda Roxa, os vereadores aprovaram recursos no valor de R$10.187.488,00 para a Sa\u00fade. Deste total, cerca de R$10 milh\u00f5es (PL 74\/2021) ser\u00e3o destinados para a Funda\u00e7\u00e3o Cristiano Varella, para refor\u00e7o do custeio das a\u00e7\u00f5es e servi\u00e7os, e R$400 mil (PL 25\/2021) ser\u00e3o para manuten\u00e7\u00e3o das atividades da Secretaria Municipal de [&hellip;]<\/p>\n","protected":false},"author":6,"featured_media":0,"comment_status":"open","ping_status":"closed","sticky":false,"template":"","format":"standard","meta":{"_joinchat":[],"footnotes":""},"categories":[1],"tags":[],"class_list":["post-74109","post","type-post","status-publish","format-standard","hentry","category-sem-categoria"],"_links":{"self":[{"href":"https:\/\/folhadosudeste.com\/site\/index.php?rest_route=\/wp\/v2\/posts\/74109","targetHints":{"allow":["GET"]}}],"collection":[{"href":"https:\/\/folhadosudeste.com\/site\/index.php?rest_route=\/wp\/v2\/posts"}],"about":[{"href":"https:\/\/folhadosudeste.com\/site\/index.php?rest_route=\/wp\/v2\/types\/post"}],"author":[{"embeddable":true,"href":"https:\/\/folhadosudeste.com\/site\/index.php?rest_route=\/wp\/v2\/users\/6"}],"replies":[{"embeddable":true,"href":"https:\/\/folhadosudeste.com\/site\/index.php?rest_route=%2Fwp%2Fv2%2Fcomments&post=74109"}],"version-history":[{"count":1,"href":"https:\/\/folhadosudeste.com\/site\/index.php?rest_route=\/wp\/v2\/posts\/74109\/revisions"}],"predecessor-version":[{"id":74112,"href":"https:\/\/folhadosudeste.com\/site\/index.php?rest_route=\/wp\/v2\/posts\/74109\/revisions\/74112"}],"wp:attachment":[{"href":"https:\/\/folhadosudeste.com\/site\/index.php?rest_route=%2Fwp%2Fv2%2Fmedia&parent=74109"}],"wp:term":[{"taxonomy":"category","embeddable":true,"href":"https:\/\/folhadosudeste.com\/site\/index.php?rest_route=%2Fwp%2Fv2%2Fcategories&post=74109"},{"taxonomy":"post_tag","embeddable":true,"href":"https:\/\/folhadosudeste.com\/site\/index.php?rest_route=%2Fwp%2Fv2%2Ftags&post=74109"}],"curies":[{"name":"wp","href":"https:\/\/api.w.org\/{rel}","templated":true}]}}