{"id":74118,"date":"2021-04-07T00:09:25","date_gmt":"2021-04-07T00:09:25","guid":{"rendered":"http:\/\/folhadosudeste.com\/site\/?p=74118"},"modified":"2021-04-07T00:09:25","modified_gmt":"2021-04-07T00:09:25","slug":"vereadores-querem-hospital-de-campanha-em-muriae","status":"publish","type":"post","link":"https:\/\/folhadosudeste.com\/site\/?p=74118","title":{"rendered":"Vereadores querem Hospital de Campanha em Muria\u00e9"},"content":{"rendered":"<p><img decoding=\"async\" src=\"https:\/\/public-rf-upload.minhawebradio.net\/30417\/editor\/b6b503d725e2ee0bd19fbd4215407d0b.jpeg\"><\/p>\n<p style=\"text-align: justify;\">Por determina\u00e7\u00e3o do presidente da C\u00e2mara, Afonso da Sa\u00fade (PTB), o Projeto de Lei 83\/2021, que disp\u00f5e sobre a cria\u00e7\u00e3o de um Hospital de Campanha em Muria\u00e9, ser\u00e1 lido e colocado em vota\u00e7\u00e3o em car\u00e1ter de urg\u00eancia na sess\u00e3o desta ter\u00e7a-feira, 6.<\/p>\n<p style=\"text-align: justify;\">No entender do presidente, tal vota\u00e7\u00e3o em car\u00e1ter de urg\u00eancia se faz necess\u00e1ria para viabilizar a disponibilidade de mais leitos para atendimento espec\u00edfico contra a covid na cidade, a fim de amenizar os impactos e contribuir para a reabertura do com\u00e9rcio, ao desafogar o sistema de sa\u00fade e aumentar a capacidade de atendimento, caso necess\u00e1rio.&nbsp;<\/p>\n<p style=\"text-align: justify;\">De autoria do vereador Dr. Frederico (PTB) presidente da comiss\u00e3o de S\u00e1ude e Saneamento B\u00e1sico, o PL conta com as assinaturas do presidente Afonso da Sa\u00fade ( PTB)&nbsp; e do vereador Delegado Rangel (PSB).<\/p>\n<p style=\"text-align: justify;\">Devido \u00e0 Onda Roxa, as sess\u00f5es est\u00e3o acontecendo de forma remota, com transmiss\u00e3o ao vivo pelo Facebook da C\u00e2mara.<\/p>\n<p style=\"text-align: justify;\">Se aprovado, caber\u00e1 ao prefeito sancionar a lei e mandar instalar o Hospital na cidade.<\/p>\n<p style=\"text-align: justify;\">&#8220;Sou profissional da Medicina, atuo como m\u00e9dico cardiologista e sei da import\u00e2ncia que \u00e9 a instala\u00e7\u00e3o deste hospital em momentos de crise.Precisamos, urgentemente solucionar este problema que est\u00e1 em nossa porta&#8221;, disse o vereador Dr. Frederico Faria.<\/p>\n<p style=\"text-align: justify;\"><strong>Confira abaixo os demais projetos que ser\u00e3o votados:&nbsp;<\/strong><\/p>\n<p><!--more--><\/p>\n<p style=\"text-align: justify;\">&nbsp;&#8211; PL 75\/2021: acrescenta dispositivo \u00e0 Lei Municipal 6.002, de abril de 2020<\/p>\n<p style=\"text-align: justify;\">Autoria: Executivo municipal<\/p>\n<p style=\"text-align: justify;\">&nbsp;&#8211; PL 76\/2021: autoriza o chefe do Executivo a efetivar abertura de cr\u00e9dito adicional especial de R$392 mil para a Secretaria Municipal de Sa\u00fade, na presta\u00e7\u00e3o do servi\u00e7o de aten\u00e7\u00e3o domiciliar.&nbsp;&nbsp;<\/p>\n<p style=\"text-align: justify;\">Autoria: Executivo municipal<\/p>\n<p style=\"text-align: justify;\">&nbsp;&#8211; PL 77\/2021: acrescenta a\u00e7\u00e3o \u00e0s Metas F\u00edsicas da Lei 5.571\/2017, Plano Plurianual de Muria\u00e9<\/p>\n<p style=\"text-align: justify;\">Autoria: Executivo municipal<\/p>\n<p style=\"text-align: justify;\">&nbsp;&#8211; PL 78\/2021: autoriza o chefe do Executivo a efetivar abertura de cr\u00e9dito adicional especial de R$1.069.000, destinados ao enfrentamento da covid em Muria\u00e9 e \u00e0 compra de rem\u00e9dios para a Farm\u00e1cia Municipal.<\/p>\n<p style=\"text-align: justify;\">Autoria: Executivo municipal<\/p>\n<p style=\"text-align: justify;\">&nbsp;&#8211; PL 79\/2021: altera e inclui dispositivos na Lei 2.183\/1997<\/p>\n<p style=\"text-align: justify;\">Autoria: Executivo municipal<\/p>\n<p style=\"text-align: justify;\">&nbsp;&nbsp;&#8211; Projeto de Resolu\u00e7\u00e3o 05\/2020: disp\u00f5e sobre a presta\u00e7\u00e3o de contas do ex-prefeito de Muria\u00e9 Ioannis Konstantinos Grammatikopoulos<\/p>\n<p><strong>Fonte: cidadademuriae<\/strong><\/p>\n<p><img decoding=\"async\" src=\"https:\/\/public-rf-upload.minhawebradio.net\/30417\/editor\/9ae2f41a5889fbee3138803b1f7eea4c.jpeg\"><\/p>\n<p><img decoding=\"async\" src=\"https:\/\/public-rf-upload.minhawebradio.net\/30417\/editor\/aea6a3d6211aa9e0fbc3b47fb94f5f62.jpeg\"><\/p>\n<p><img decoding=\"async\" src=\"https:\/\/public-rf-upload.minhawebradio.net\/30417\/editor\/35725a60db27f5021dc3b943654e84bc.jpg\"><\/p>\n<p><img decoding=\"async\" src=\"https:\/\/public-rf-upload.minhawebradio.net\/30417\/editor\/a16bdda748e927e994fa9fe9fa7a9c8c.jpg\"><\/p>\n<p><img decoding=\"async\" src=\"https:\/\/public-rf-upload.minhawebradio.net\/30417\/editor\/c3842e71d89ae3f9cbd2627be189b1bc.jpg\"><\/p>\n<p>&nbsp;<\/p>\n","protected":false},"excerpt":{"rendered":"<p>Por determina\u00e7\u00e3o do presidente da C\u00e2mara, Afonso da Sa\u00fade (PTB), o Projeto de Lei 83\/2021, que disp\u00f5e sobre a cria\u00e7\u00e3o de um Hospital de Campanha em Muria\u00e9, ser\u00e1 lido e colocado em vota\u00e7\u00e3o em car\u00e1ter de urg\u00eancia na sess\u00e3o desta ter\u00e7a-feira, 6. No entender do presidente, tal vota\u00e7\u00e3o em car\u00e1ter de urg\u00eancia se faz necess\u00e1ria [&hellip;]<\/p>\n","protected":false},"author":6,"featured_media":0,"comment_status":"open","ping_status":"closed","sticky":false,"template":"","format":"standard","meta":{"_joinchat":[],"footnotes":""},"categories":[1],"tags":[],"class_list":["post-74118","post","type-post","status-publish","format-standard","hentry","category-sem-categoria"],"_links":{"self":[{"href":"https:\/\/folhadosudeste.com\/site\/index.php?rest_route=\/wp\/v2\/posts\/74118","targetHints":{"allow":["GET"]}}],"collection":[{"href":"https:\/\/folhadosudeste.com\/site\/index.php?rest_route=\/wp\/v2\/posts"}],"about":[{"href":"https:\/\/folhadosudeste.com\/site\/index.php?rest_route=\/wp\/v2\/types\/post"}],"author":[{"embeddable":true,"href":"https:\/\/folhadosudeste.com\/site\/index.php?rest_route=\/wp\/v2\/users\/6"}],"replies":[{"embeddable":true,"href":"https:\/\/folhadosudeste.com\/site\/index.php?rest_route=%2Fwp%2Fv2%2Fcomments&post=74118"}],"version-history":[{"count":1,"href":"https:\/\/folhadosudeste.com\/site\/index.php?rest_route=\/wp\/v2\/posts\/74118\/revisions"}],"predecessor-version":[{"id":74119,"href":"https:\/\/folhadosudeste.com\/site\/index.php?rest_route=\/wp\/v2\/posts\/74118\/revisions\/74119"}],"wp:attachment":[{"href":"https:\/\/folhadosudeste.com\/site\/index.php?rest_route=%2Fwp%2Fv2%2Fmedia&parent=74118"}],"wp:term":[{"taxonomy":"category","embeddable":true,"href":"https:\/\/folhadosudeste.com\/site\/index.php?rest_route=%2Fwp%2Fv2%2Fcategories&post=74118"},{"taxonomy":"post_tag","embeddable":true,"href":"https:\/\/folhadosudeste.com\/site\/index.php?rest_route=%2Fwp%2Fv2%2Ftags&post=74118"}],"curies":[{"name":"wp","href":"https:\/\/api.w.org\/{rel}","templated":true}]}}