{"id":74125,"date":"2021-04-07T14:00:52","date_gmt":"2021-04-07T14:00:52","guid":{"rendered":"http:\/\/folhadosudeste.com\/site\/?p=74125"},"modified":"2021-04-07T14:00:52","modified_gmt":"2021-04-07T14:00:52","slug":"vacinacao-de-segunda-dose-acontece-a-partir-desta-quarta-no-parque-de-exposicoes","status":"publish","type":"post","link":"https:\/\/folhadosudeste.com\/site\/?p=74125","title":{"rendered":"Vacina\u00e7\u00e3o de SEGUNDA DOSE acontece a partir desta quarta no Parque de Exposi\u00e7\u00f5es"},"content":{"rendered":"<p><a href=\"http:\/\/folhadosudeste.com\/site\/wp-content\/uploads\/2021\/04\/3db63175-ca50-472f-8079-3418b754d5af.jpg\"><img loading=\"lazy\" decoding=\"async\" class=\"alignnone size-full wp-image-74126\" src=\"http:\/\/folhadosudeste.com\/site\/wp-content\/uploads\/2021\/04\/3db63175-ca50-472f-8079-3418b754d5af.jpg\" alt=\"\" width=\"720\" height=\"1280\" srcset=\"https:\/\/folhadosudeste.com\/site\/wp-content\/uploads\/2021\/04\/3db63175-ca50-472f-8079-3418b754d5af.jpg 720w, https:\/\/folhadosudeste.com\/site\/wp-content\/uploads\/2021\/04\/3db63175-ca50-472f-8079-3418b754d5af-169x300.jpg 169w, https:\/\/folhadosudeste.com\/site\/wp-content\/uploads\/2021\/04\/3db63175-ca50-472f-8079-3418b754d5af-576x1024.jpg 576w\" sizes=\"auto, (max-width: 720px) 100vw, 720px\" \/><\/a><\/p>\n<p style=\"text-align: left;\">A Secretaria Municipal de Sa\u00fade realiza a partir desta quarta-feira (7) mais uma etapa da aplica\u00e7\u00e3o de segunda dose da vacina Coronavac.<\/p>\n<p style=\"text-align: left;\">\u00c9 importante ter aten\u00e7\u00e3o ao local: a vacina\u00e7\u00e3o de segunda dose ser\u00e1 no Parque de Exposi\u00e7\u00f5es, das 8h \u00e0s 12h.<\/p>\n<p><!--more--><\/p>\n<p style=\"text-align: left;\">&nbsp;<\/p>\n<p style=\"text-align: left;\">Veja o cronograma:<\/p>\n<p style=\"text-align: left;\">&nbsp;<\/p>\n<p style=\"text-align: left;\">Quarta-feira, 7 de abril &#8211; pessoas que tomaram a primeira dose em 24 de mar\u00e7o (77 e 76 anos)<\/p>\n<p style=\"text-align: left;\">Quinta-feira, 8 de abril &#8211; pessoas que tomaram a primeira dose em 25 de mar\u00e7o (77 e 76 anos)<\/p>\n<p style=\"text-align: left;\">Sexta-feira, 9 de abril &#8211; pessoas que tomaram a primeira dose em 26 de mar\u00e7o (75 anos)<\/p>\n<p style=\"text-align: left;\">&nbsp;<\/p>\n<p style=\"text-align: left;\">Vale ressaltar para n\u00e3o confundir: a aplica\u00e7\u00e3o da segunda dose vai acontecer apenas no Parque de Exposi\u00e7\u00f5es.<\/p>\n<p style=\"text-align: left;\">&nbsp;<\/p>\n<p style=\"text-align: left;\">A vacina\u00e7\u00e3o nas escolas \u00e9 apenas para quem ainda vai receber a primeira dose do imunizante.<\/p>\n<p>Fonte:&nbsp;Assessoria de Comunica\u00e7\u00e3o PMM\/Foto: internauta Roberta&nbsp;&nbsp;<\/p>\n","protected":false},"excerpt":{"rendered":"<p>A Secretaria Municipal de Sa\u00fade realiza a partir desta quarta-feira (7) mais uma etapa da aplica\u00e7\u00e3o de segunda dose da vacina Coronavac. \u00c9 importante ter aten\u00e7\u00e3o ao local: a vacina\u00e7\u00e3o de segunda dose ser\u00e1 no Parque de Exposi\u00e7\u00f5es, das 8h \u00e0s 12h.<\/p>\n","protected":false},"author":6,"featured_media":0,"comment_status":"open","ping_status":"closed","sticky":false,"template":"","format":"standard","meta":{"_joinchat":[],"footnotes":""},"categories":[1],"tags":[],"class_list":["post-74125","post","type-post","status-publish","format-standard","hentry","category-sem-categoria"],"_links":{"self":[{"href":"https:\/\/folhadosudeste.com\/site\/index.php?rest_route=\/wp\/v2\/posts\/74125","targetHints":{"allow":["GET"]}}],"collection":[{"href":"https:\/\/folhadosudeste.com\/site\/index.php?rest_route=\/wp\/v2\/posts"}],"about":[{"href":"https:\/\/folhadosudeste.com\/site\/index.php?rest_route=\/wp\/v2\/types\/post"}],"author":[{"embeddable":true,"href":"https:\/\/folhadosudeste.com\/site\/index.php?rest_route=\/wp\/v2\/users\/6"}],"replies":[{"embeddable":true,"href":"https:\/\/folhadosudeste.com\/site\/index.php?rest_route=%2Fwp%2Fv2%2Fcomments&post=74125"}],"version-history":[{"count":1,"href":"https:\/\/folhadosudeste.com\/site\/index.php?rest_route=\/wp\/v2\/posts\/74125\/revisions"}],"predecessor-version":[{"id":74127,"href":"https:\/\/folhadosudeste.com\/site\/index.php?rest_route=\/wp\/v2\/posts\/74125\/revisions\/74127"}],"wp:attachment":[{"href":"https:\/\/folhadosudeste.com\/site\/index.php?rest_route=%2Fwp%2Fv2%2Fmedia&parent=74125"}],"wp:term":[{"taxonomy":"category","embeddable":true,"href":"https:\/\/folhadosudeste.com\/site\/index.php?rest_route=%2Fwp%2Fv2%2Fcategories&post=74125"},{"taxonomy":"post_tag","embeddable":true,"href":"https:\/\/folhadosudeste.com\/site\/index.php?rest_route=%2Fwp%2Fv2%2Ftags&post=74125"}],"curies":[{"name":"wp","href":"https:\/\/api.w.org\/{rel}","templated":true}]}}