{"id":74142,"date":"2021-04-07T14:45:59","date_gmt":"2021-04-07T14:45:59","guid":{"rendered":"http:\/\/folhadosudeste.com\/site\/?p=74142"},"modified":"2021-04-07T14:47:13","modified_gmt":"2021-04-07T14:47:13","slug":"secretaria-e-deputados-visitam-delegacia-da-mulher-e-do-menor-de-muriae-local-pode-receber-reforma-em-breve","status":"publish","type":"post","link":"https:\/\/folhadosudeste.com\/site\/?p=74142","title":{"rendered":"Secret\u00e1ria e deputados visitam Delegacia da Mulher e do Menor de Muria\u00e9; local pode receber reforma em breve"},"content":{"rendered":"<p><a href=\"http:\/\/folhadosudeste.com\/site\/wp-content\/uploads\/2021\/04\/deelgacia-da-mulher.jpg\"><img loading=\"lazy\" decoding=\"async\" class=\"alignnone size-full wp-image-74143\" src=\"http:\/\/folhadosudeste.com\/site\/wp-content\/uploads\/2021\/04\/deelgacia-da-mulher.jpg\" alt=\"\" width=\"1094\" height=\"729\" srcset=\"https:\/\/folhadosudeste.com\/site\/wp-content\/uploads\/2021\/04\/deelgacia-da-mulher.jpg 1094w, https:\/\/folhadosudeste.com\/site\/wp-content\/uploads\/2021\/04\/deelgacia-da-mulher-300x200.jpg 300w, https:\/\/folhadosudeste.com\/site\/wp-content\/uploads\/2021\/04\/deelgacia-da-mulher-768x512.jpg 768w, https:\/\/folhadosudeste.com\/site\/wp-content\/uploads\/2021\/04\/deelgacia-da-mulher-1024x682.jpg 1024w, https:\/\/folhadosudeste.com\/site\/wp-content\/uploads\/2021\/04\/deelgacia-da-mulher-120x80.jpg 120w, https:\/\/folhadosudeste.com\/site\/wp-content\/uploads\/2021\/04\/deelgacia-da-mulher-345x230.jpg 345w\" sizes=\"auto, (max-width: 1094px) 100vw, 1094px\" \/><\/a><\/p>\n<div style=\"text-align: left;\">A secret\u00e1ria de Desenvolvimento Social de Muria\u00e9, Eveline Amaral, visitou nesta ter\u00e7a-feira (6) a 4\u00aa Delegacia Regional de Pol\u00edcia Civil de Muria\u00e9, no bairro Safira. Ela esteve no local a convite do delegado regional, Alessandro da Matta, e da delegada de Mulheres e Menores, Nat\u00e1lia Magalh\u00e3es.<\/div>\n<div style=\"text-align: left;\">&nbsp;<\/div>\n<div style=\"text-align: left;\">Eveline foi acompanhada pelos deputados estaduais Braulio Braz e Dr. Wilson Batista. Juntos, conheceram as instala\u00e7\u00f5es da delegacia e e as principais demandas atuais da institui\u00e7\u00e3o.<\/div>\n<div style=\"text-align: left;\">&nbsp;<\/div>\n<div style=\"text-align: left;\">A delegada Nat\u00e1lia lembrou que h\u00e1 10 anos o Estado deixou de investir na pasta da Mulher, Adolescente e Crian\u00e7a em Muria\u00e9, inclusive no que diz respeito aos recursos humanos da unidade.<\/div>\n<div>&nbsp;<\/div>\n<p><!--more--><\/p>\n<div style=\"text-align: left;\">&nbsp;<\/div>\n<div style=\"text-align: left;\">O deputado Braulio Braz verificou a necessidade um novo espa\u00e7o para abrigar a Delegacia da Mulher e do Menor em Muria\u00e9. Mas at\u00e9 que o governo estadual possa providenciar este novo local, \u00e9 necess\u00e1rio minimizar os problemas atuais.&nbsp;<\/div>\n<div style=\"text-align: left;\">&nbsp;<\/div>\n<div style=\"text-align: left;\">\u201cJuntamente com o deputado Wilson Batista, vou solicitar \u00e0 Prefeitura de Muria\u00e9 que fa\u00e7a uma reforma de emerg\u00eancia para melhorar as condi\u00e7\u00f5es de trabalho para os profissionais. Temos que ter uma aten\u00e7\u00e3o especial voltada para a mulher, para o menor, que s\u00e3o v\u00edtimas de viola\u00e7\u00e3o de direitos. A delegacia precisa ter estrutura para oferecer ao menos o m\u00ednimo, que \u00e9 a boa condi\u00e7\u00e3o de acolhimento, ent\u00e3o vamos trabalhar para ver o que pode ser feito de imediato&#8221;, disse Braulio Braz.<\/div>\n<div style=\"text-align: left;\">&nbsp;<\/div>\n<div style=\"text-align: left;\">A secretaria Eveline Amaral completou que sonha com a constru\u00e7\u00e3o da Casa da Mulher &#8211; um local para oferecer assist\u00eancia integral \u00e0s mulheres v\u00edtimas da viola\u00e7\u00e3o de direitos. &#8220;Mas a reforma do pr\u00e9dio atual j\u00e1 \u00e9 \u00f3tima neste momento, para que exista a estrutura m\u00ednima para atender de forma adequada as pessoas que precisam recorrer aos servi\u00e7os da delegacia&#8221;, disse.<\/div>\n<div>&nbsp;<\/div>\n<div>Fonte: Comunica\u00e7\u00e3o PMM<\/div>\n","protected":false},"excerpt":{"rendered":"<p>A secret\u00e1ria de Desenvolvimento Social de Muria\u00e9, Eveline Amaral, visitou nesta ter\u00e7a-feira (6) a 4\u00aa Delegacia Regional de Pol\u00edcia Civil de Muria\u00e9, no bairro Safira. Ela esteve no local a convite do delegado regional, Alessandro da Matta, e da delegada de Mulheres e Menores, Nat\u00e1lia Magalh\u00e3es. &nbsp; Eveline foi acompanhada pelos deputados estaduais Braulio Braz [&hellip;]<\/p>\n","protected":false},"author":6,"featured_media":0,"comment_status":"open","ping_status":"closed","sticky":false,"template":"","format":"standard","meta":{"_joinchat":[],"footnotes":""},"categories":[1],"tags":[],"class_list":["post-74142","post","type-post","status-publish","format-standard","hentry","category-sem-categoria"],"_links":{"self":[{"href":"https:\/\/folhadosudeste.com\/site\/index.php?rest_route=\/wp\/v2\/posts\/74142","targetHints":{"allow":["GET"]}}],"collection":[{"href":"https:\/\/folhadosudeste.com\/site\/index.php?rest_route=\/wp\/v2\/posts"}],"about":[{"href":"https:\/\/folhadosudeste.com\/site\/index.php?rest_route=\/wp\/v2\/types\/post"}],"author":[{"embeddable":true,"href":"https:\/\/folhadosudeste.com\/site\/index.php?rest_route=\/wp\/v2\/users\/6"}],"replies":[{"embeddable":true,"href":"https:\/\/folhadosudeste.com\/site\/index.php?rest_route=%2Fwp%2Fv2%2Fcomments&post=74142"}],"version-history":[{"count":2,"href":"https:\/\/folhadosudeste.com\/site\/index.php?rest_route=\/wp\/v2\/posts\/74142\/revisions"}],"predecessor-version":[{"id":74145,"href":"https:\/\/folhadosudeste.com\/site\/index.php?rest_route=\/wp\/v2\/posts\/74142\/revisions\/74145"}],"wp:attachment":[{"href":"https:\/\/folhadosudeste.com\/site\/index.php?rest_route=%2Fwp%2Fv2%2Fmedia&parent=74142"}],"wp:term":[{"taxonomy":"category","embeddable":true,"href":"https:\/\/folhadosudeste.com\/site\/index.php?rest_route=%2Fwp%2Fv2%2Fcategories&post=74142"},{"taxonomy":"post_tag","embeddable":true,"href":"https:\/\/folhadosudeste.com\/site\/index.php?rest_route=%2Fwp%2Fv2%2Ftags&post=74142"}],"curies":[{"name":"wp","href":"https:\/\/api.w.org\/{rel}","templated":true}]}}