{"id":74146,"date":"2021-04-07T14:53:45","date_gmt":"2021-04-07T14:53:45","guid":{"rendered":"http:\/\/folhadosudeste.com\/site\/?p=74146"},"modified":"2021-04-07T14:53:45","modified_gmt":"2021-04-07T14:53:45","slug":"cesta-cheia-recomeca-em-muriae","status":"publish","type":"post","link":"https:\/\/folhadosudeste.com\/site\/?p=74146","title":{"rendered":"Cesta Cheia recome\u00e7a em Muria\u00e9"},"content":{"rendered":"<p><a href=\"http:\/\/folhadosudeste.com\/site\/wp-content\/uploads\/2021\/04\/IMG_2416.jpg\"><img loading=\"lazy\" decoding=\"async\" class=\"alignnone size-full wp-image-74147\" src=\"http:\/\/folhadosudeste.com\/site\/wp-content\/uploads\/2021\/04\/IMG_2416.jpg\" alt=\"\" width=\"2048\" height=\"1365\" srcset=\"https:\/\/folhadosudeste.com\/site\/wp-content\/uploads\/2021\/04\/IMG_2416.jpg 2048w, https:\/\/folhadosudeste.com\/site\/wp-content\/uploads\/2021\/04\/IMG_2416-300x200.jpg 300w, https:\/\/folhadosudeste.com\/site\/wp-content\/uploads\/2021\/04\/IMG_2416-768x512.jpg 768w, https:\/\/folhadosudeste.com\/site\/wp-content\/uploads\/2021\/04\/IMG_2416-1024x683.jpg 1024w, https:\/\/folhadosudeste.com\/site\/wp-content\/uploads\/2021\/04\/IMG_2416-120x80.jpg 120w, https:\/\/folhadosudeste.com\/site\/wp-content\/uploads\/2021\/04\/IMG_2416-345x230.jpg 345w\" sizes=\"auto, (max-width: 2048px) 100vw, 2048px\" \/><\/a><\/p>\n<p style=\"text-align: left;\" align=\"justify\">A Prefeitura de Muria\u00e9 reiniciou o programa Cesta Cheia nesta ter\u00e7a-feira (6) em diversos bairros da cidade. Somente nesta semana, dezessete localidades receber\u00e3o os alimentos. Todas as ter\u00e7as e quintas-feiras as pessoas cadastradas receber\u00e3o um volume de alimento. A cada 15 dias estas mesmas fam\u00edlias ser\u00e3o visitadas novamente. Ao todo, ser\u00e3o 32 localidades atendidas. O projeto \u00e9 destinado a dar aux\u00edlio alimentar para pessoas em situa\u00e7\u00e3o de vulnerabilidade social, oferecendo alimentos frescos e saud\u00e1veis para as refei\u00e7\u00f5es.<\/p>\n<p align=\"justify\"><!--more--><\/p>\n<p style=\"text-align: left;\" align=\"justify\">O programa \u00e9 uma parceria das secretarias municipais de Desenvolvimento Social e Agricultura e tem hoje 1.400 fam\u00edlias cadastradas que recebem um volume contendo oito quilos de legumes, duas verduras e um litro de leite. A sele\u00e7\u00e3o e triagem \u00e9 realizada pela SMDS que organiza o cadastro e acompanha os beneficiados.&nbsp;As cestas&nbsp;t\u00eam um custo simb\u00f3lico de R$ 5 reais.<\/p>\n<p style=\"text-align: left;\" align=\"justify\">Segundo o secret\u00e1rio de Governo, Paulo S\u00e9rgio Amaral, as visitas reiniciar\u00e3o nas resid\u00eancias em breve para ampliar o n\u00famero de beneficiados. \u201cO retorno do Cesta Cheia \u00e9 um momento de buscar seguran\u00e7a para a popula\u00e7\u00e3o. Quando falamos em seguran\u00e7a estamos falando em garantia de sa\u00fade e tamb\u00e9m de alimentos. Nos interessamos em ter pessoas extremamente saud\u00e1veis. O programa Cesta Cheia \u00e9 um projeto da Administra\u00e7\u00e3o Jos\u00e9 Braz que volta a funcionar a todo vapor. A determina\u00e7\u00e3o do prefeito e para que ampliemos os beneficiados. Ent\u00e3o, assim ser\u00e1 feito\u201d, relatou o secret\u00e1rio.<\/p>\n<p style=\"text-align: left;\" align=\"justify\">A Secretaria Municipal de Agricultura atua na aquisi\u00e7\u00e3o e sele\u00e7\u00e3o de alimentos de qualidade. Ela \u00e9 a respons\u00e1vel por licitar as empresas que v\u00e3o fornecer os produtos e montar as \u2018Cestas\u2019 para que a distribui\u00e7\u00e3o seja realizada nos caminh\u00f5es da prefeitura. \u201cO prefeito Jos\u00e9 Braz pediu para que coloc\u00e1ssemos em pr\u00e1tica, o mais r\u00e1pido poss\u00edvel, este projeto. As fam\u00edlias est\u00e3o precisando ficar mais em casa. Muitos est\u00e3o desempregados, os filhos est\u00e3o com aulas online. Logo, \u00e9 imprescind\u00edvel ter alimento de qualidade na mesa\u201d disse o assessor da pasta, Fernando Levati.<\/p>\n<p style=\"text-align: left;\" align=\"justify\">O programa \u2018Cesta Cheia\u2019 vai levar alimentos aos&nbsp;bairros Aeroporto, Barra (Prainha e Fardelas), Bom Pastor, Dornelas, Dornelas II, Cardoso de Melo,&nbsp;Encoberta, Gaspar, Joan\u00f3polis, Inconfid\u00eancia, Jo\u00e3o XXIII, Jos\u00e9 Cirilo, Napole\u00e3o, Padre Tiago, Planalto, Patrim\u00f4nio S\u00e3o Jos\u00e9, Santana, Santa Terezinha, Santa Luzia, Santo Ant\u00f4nio, S\u00e3o Crist\u00f3v\u00e3o, S\u00e3o Joaquim e Uni\u00e3o.&nbsp;As entregas acontecem no&nbsp;Residencial Nova Muria\u00e9 e Jo\u00e3o Braz,&nbsp;assim como nos&nbsp;distritos de Boa Fam\u00edlia, Itamuri, Pirapanema, Vermelho&nbsp;e&nbsp;comunidade de Macuco.<\/p>\n<p style=\"text-align: left;\" align=\"justify\"><b>GRUPO 1<\/b>&nbsp;\u2013 Ter\u00e7a-feira<\/p>\n<p style=\"text-align: left;\" align=\"justify\">Datas: 06\/04, 20\/04, 04\/05, 18\/05, 01\/06, 15\/06, 29\/06, 13\/07, 27\/07.<\/p>\n<p style=\"text-align: left;\" align=\"justify\">Jo\u00e3o XXIII \u2013 \u00e0s 8h30 \u2013 Antigo Sop\u00e3o<\/p>\n<p style=\"text-align: left;\" align=\"justify\">S\u00e3o Pedro \u2013 \u00e0s 8h30 &#8211; Pracinha<\/p>\n<p style=\"text-align: left;\" align=\"justify\">Encoberta \u2013 \u00e0s 9h \u2013 em frente ao CAIC<\/p>\n<p style=\"text-align: left;\" align=\"justify\">Santo Ant\u00f4nio \u2013 \u00e0s 9h30 &#8211; entrada da Rua Professora Ivonilde<\/p>\n<p style=\"text-align: left;\" align=\"justify\">Napole\u00e3o \u2013 \u00e0s 9h30 &#8211; pr\u00f3ximo \u00e0 igreja de Testemunha de Jeov\u00e1<\/p>\n<p style=\"text-align: left;\" align=\"justify\">Uni\u00e3o \u2013 \u00e0s 9h30 \u2013 Final da Rua Narciso Dias Rabelo<\/p>\n<p style=\"text-align: left;\" align=\"justify\">Napole\u00e3o \u2013 10h \u2013 Perto da igreja Testemunho de Jeov\u00e1<\/p>\n<p style=\"text-align: left;\" align=\"justify\">Santa Terezinha \u2013 \u00e0s 13h &#8211; Campo do Oper\u00e1rio<\/p>\n<p style=\"text-align: left;\" align=\"justify\">&nbsp;<\/p>\n<p style=\"text-align: left;\" align=\"justify\"><b>GRUPO 2<\/b>&nbsp;\u2013 Quinta-feira<\/p>\n<p style=\"text-align: left;\" align=\"justify\">Datas: 08\/04, 22\/04, 06\/05, 20\/05, 17\/06, 01\/07, 15\/07<\/p>\n<p style=\"text-align: left;\" align=\"justify\">Dornelas e Jos\u00e9 Cirilo \u2013 \u00e0s 9h &#8211; lote vago na avenida principal do Jos\u00e9 Cirilo<\/p>\n<p style=\"text-align: left;\" align=\"justify\">Joan\u00f3polis \u2013 \u00e0s 10h &#8211; atr\u00e1s da creche<\/p>\n<p style=\"text-align: left;\" align=\"justify\">Macuco \u2013 \u00e0s 13h \u2013 pracinha<\/p>\n<p style=\"text-align: left;\" align=\"justify\">Barra (Prainha e Fardelas) \u2013 \u00e0s 13h &#8211; entrada da Prainha e parte alta da Rua Fardelas<\/p>\n<p style=\"text-align: left;\" align=\"justify\">S\u00e3o Joaquim \u2013 \u00e0s 10h30 &#8211; campo de terra<\/p>\n<p style=\"text-align: left;\" align=\"justify\">Planalto \u2013 \u00e0s 13h30 &#8211; na pra\u00e7inha do Planalto<\/p>\n<p style=\"text-align: left;\" align=\"justify\">&nbsp;<\/p>\n<p style=\"text-align: left;\" align=\"justify\"><b>GRUPO 3<\/b>&nbsp;&#8211; Ter\u00e7a-feira<\/p>\n<p style=\"text-align: left;\" align=\"justify\">Datas: 13\/04, 27\/04, 11\/05, 25\/05, 08\/06, 22\/06, 06\/07 e 20\/07<\/p>\n<p style=\"text-align: left;\" align=\"justify\">Itamuri \u2013 \u00e0s 9h \u2013 em frente ao sal\u00e3o paroquial<\/p>\n<p style=\"text-align: left;\" align=\"justify\">Padre Tiago \u2013 \u00e0s 9h &#8211; em frente \u00e0 escola<\/p>\n<p style=\"text-align: left;\" align=\"justify\">Marambaia \u2013 \u00e0s 9h30 &#8211; em frente \u00e0 igreja<\/p>\n<p style=\"text-align: left;\" align=\"justify\">Inconfid\u00eancia \u2013 10h \u2013 Antigo PSF<\/p>\n<p style=\"text-align: left;\" align=\"justify\">Santana e Bom Pastor \u2013 \u00e0s 13h \u2013 pr\u00f3ximo \u00e0 escola e Unidade B\u00e1sica de Sa\u00fade<\/p>\n<p style=\"text-align: left;\" align=\"justify\">Cardoso de Melo \u2013 \u00e0s 13h10 \u2013 em frente a UBS<\/p>\n<p style=\"text-align: left;\" align=\"justify\">Nova Muria\u00e9 \u2013 \u00e0s 13h30 &#8211; entrada do condom\u00ednio<\/p>\n<p style=\"text-align: left;\" align=\"justify\">Pirapanema e Vermelho \u2013 14h \u00e0s 14h30 &#8211; em frente \u00e0 UBS e chafariz<\/p>\n<p style=\"text-align: left;\" align=\"justify\">&nbsp;<\/p>\n<p style=\"text-align: left;\" align=\"justify\"><b>GRUPO 4<\/b>&nbsp;\u2013 Quinta-feira<\/p>\n<p style=\"text-align: left;\" align=\"justify\">Datas: 15\/04, 29\/04, 13\/05, 27\/05, 10\/06, 24\/06, 08\/07 e 22\/07<\/p>\n<p style=\"text-align: left;\" align=\"justify\">S\u00e3o Crist\u00f3v\u00e3o \u2013 \u00e0s 9h &#8211; Rua It\u00e1lia (abaixo do campo de futebol)<\/p>\n<p style=\"text-align: left;\" align=\"justify\">Gaspar\/Santa Luzia &#8211; \u00e0s 9h \u2013 em frente a oficina do Luizinho<\/p>\n<p style=\"text-align: left;\" align=\"justify\">Dornelas II &#8211; \u00e0s 10h &#8211; galp\u00e3o do condom\u00ednio<\/p>\n<p style=\"text-align: left;\" align=\"justify\">Jo\u00e3o Braz \u2013 10h \u2013 Galp\u00e3o do condom\u00ednio<\/p>\n<p style=\"text-align: left;\" align=\"justify\">Patrim\u00f4nio S\u00e3o Jos\u00e9 &#8211; \u00e0s 13h &#8211; Rua Pref. Francisco Teodoro Filho<\/p>\n<p style=\"text-align: left;\" align=\"justify\">Boa Fam\u00edlia &#8211; \u00e0s 13h \u2013 em frente a Unidade B\u00e1sica de Sa\u00fade<\/p>\n<p style=\"text-align: left;\" align=\"justify\">Aeroporto \u2013 \u00e0s 13h30 &#8211; pr\u00f3ximo \u00e0 Unidade B\u00e1sica de Sa\u00fade\/em frente \u00e0 escola<\/p>\n<p align=\"justify\"><a href=\"http:\/\/folhadosudeste.com\/site\/wp-content\/uploads\/2021\/04\/IMG_2481.jpg\"><img loading=\"lazy\" decoding=\"async\" class=\"alignnone size-full wp-image-74148\" src=\"http:\/\/folhadosudeste.com\/site\/wp-content\/uploads\/2021\/04\/IMG_2481.jpg\" alt=\"\" width=\"2048\" height=\"1365\" srcset=\"https:\/\/folhadosudeste.com\/site\/wp-content\/uploads\/2021\/04\/IMG_2481.jpg 2048w, https:\/\/folhadosudeste.com\/site\/wp-content\/uploads\/2021\/04\/IMG_2481-300x200.jpg 300w, https:\/\/folhadosudeste.com\/site\/wp-content\/uploads\/2021\/04\/IMG_2481-768x512.jpg 768w, https:\/\/folhadosudeste.com\/site\/wp-content\/uploads\/2021\/04\/IMG_2481-1024x683.jpg 1024w, https:\/\/folhadosudeste.com\/site\/wp-content\/uploads\/2021\/04\/IMG_2481-120x80.jpg 120w, https:\/\/folhadosudeste.com\/site\/wp-content\/uploads\/2021\/04\/IMG_2481-345x230.jpg 345w\" sizes=\"auto, (max-width: 2048px) 100vw, 2048px\" \/><\/a><\/p>\n","protected":false},"excerpt":{"rendered":"<p>A Prefeitura de Muria\u00e9 reiniciou o programa Cesta Cheia nesta ter\u00e7a-feira (6) em diversos bairros da cidade. Somente nesta semana, dezessete localidades receber\u00e3o os alimentos. Todas as ter\u00e7as e quintas-feiras as pessoas cadastradas receber\u00e3o um volume de alimento. A cada 15 dias estas mesmas fam\u00edlias ser\u00e3o visitadas novamente. Ao todo, ser\u00e3o 32 localidades atendidas. O [&hellip;]<\/p>\n","protected":false},"author":6,"featured_media":0,"comment_status":"open","ping_status":"closed","sticky":false,"template":"","format":"standard","meta":{"_joinchat":[],"footnotes":""},"categories":[1],"tags":[],"class_list":["post-74146","post","type-post","status-publish","format-standard","hentry","category-sem-categoria"],"_links":{"self":[{"href":"https:\/\/folhadosudeste.com\/site\/index.php?rest_route=\/wp\/v2\/posts\/74146","targetHints":{"allow":["GET"]}}],"collection":[{"href":"https:\/\/folhadosudeste.com\/site\/index.php?rest_route=\/wp\/v2\/posts"}],"about":[{"href":"https:\/\/folhadosudeste.com\/site\/index.php?rest_route=\/wp\/v2\/types\/post"}],"author":[{"embeddable":true,"href":"https:\/\/folhadosudeste.com\/site\/index.php?rest_route=\/wp\/v2\/users\/6"}],"replies":[{"embeddable":true,"href":"https:\/\/folhadosudeste.com\/site\/index.php?rest_route=%2Fwp%2Fv2%2Fcomments&post=74146"}],"version-history":[{"count":1,"href":"https:\/\/folhadosudeste.com\/site\/index.php?rest_route=\/wp\/v2\/posts\/74146\/revisions"}],"predecessor-version":[{"id":74149,"href":"https:\/\/folhadosudeste.com\/site\/index.php?rest_route=\/wp\/v2\/posts\/74146\/revisions\/74149"}],"wp:attachment":[{"href":"https:\/\/folhadosudeste.com\/site\/index.php?rest_route=%2Fwp%2Fv2%2Fmedia&parent=74146"}],"wp:term":[{"taxonomy":"category","embeddable":true,"href":"https:\/\/folhadosudeste.com\/site\/index.php?rest_route=%2Fwp%2Fv2%2Fcategories&post=74146"},{"taxonomy":"post_tag","embeddable":true,"href":"https:\/\/folhadosudeste.com\/site\/index.php?rest_route=%2Fwp%2Fv2%2Ftags&post=74146"}],"curies":[{"name":"wp","href":"https:\/\/api.w.org\/{rel}","templated":true}]}}