{"id":74150,"date":"2021-04-07T15:08:43","date_gmt":"2021-04-07T15:08:43","guid":{"rendered":"http:\/\/folhadosudeste.com\/site\/?p=74150"},"modified":"2021-04-07T15:09:44","modified_gmt":"2021-04-07T15:09:44","slug":"74150","status":"publish","type":"post","link":"https:\/\/folhadosudeste.com\/site\/?p=74150","title":{"rendered":"Representantes do com\u00e9rcio muriaeense fazem manifesta\u00e7\u00e3o. Comiss\u00e3o \u00e9 recebida na Prefeitura"},"content":{"rendered":"<p><a href=\"http:\/\/folhadosudeste.com\/site\/wp-content\/uploads\/2021\/04\/4.jpg\"><img loading=\"lazy\" decoding=\"async\" class=\"alignnone size-full wp-image-74151\" src=\"http:\/\/folhadosudeste.com\/site\/wp-content\/uploads\/2021\/04\/4.jpg\" alt=\"\" width=\"707\" height=\"530\" srcset=\"https:\/\/folhadosudeste.com\/site\/wp-content\/uploads\/2021\/04\/4.jpg 707w, https:\/\/folhadosudeste.com\/site\/wp-content\/uploads\/2021\/04\/4-300x225.jpg 300w\" sizes=\"auto, (max-width: 707px) 100vw, 707px\" \/><\/a><\/p>\n<p style=\"text-align: left;\">Aconteceu na manh\u00e3 de ter\u00e7a-feira (6), uma manifesta\u00e7\u00e3o com representantes do com\u00e9rcio de Muria\u00e9 sobre o fechamento, restri\u00e7\u00f5es impostas pela onda roxa, em um novo decreto divulgado pela Prefeitura de Muria\u00e9, valido at\u00e9 12 de Abril.&nbsp;<\/p>\n<p style=\"text-align: left;\">Pouco depois de iniciar a manifesta\u00e7\u00e3o, uma comiss\u00e3o foi nomeada para uma reuni\u00e3o no Gabinete do Prefeito, conduzida pelo vice-prefeito e secret\u00e1rio de Sa\u00fade, Dr. Marcos Guarino de Oliveira, com as presen\u00e7as dos secret\u00e1rios de Desenvolvimento Econ\u00f4mico, C\u00e9zar das M\u00e1quinas e Gabinete, Dr. Paulo S\u00e9rgio Amaral. A Pol\u00edcia Militar tamb\u00e9m acompanhou a reuni\u00e3o.<\/p>\n<p><!--more--><\/p>\n<p style=\"text-align: left;\">Na comiss\u00e3o havia representantes da constru\u00e7\u00e3o civil, de restaurantes, lojas de ramos variados, casas de festas e \u00e1reas de lazer, sal\u00f5es de beleza, entre outros.<\/p>\n<p style=\"text-align: left;\">Foi mais de uma hora e v\u00e1rios pontos foram colocados, destacando os danos, caso o com\u00e9rcio fique fechado. Foi relatado a situa\u00e7\u00e3o do setor nesta pandemia, o fechamento de pequenos estabelecimentos e a permiss\u00e3o de abertura de outros setores, considerados grandes, etc.<\/p>\n<p style=\"text-align: left;\">Foi determinado pelo vice-prefeito, que todos os pontos sejam passados oficialmente para o assessor da Secretaria de Desenvolvimento Econ\u00f4mico, Leandro Latini, para que sejam avaliados, inclusive pelo Comit\u00ea.&nbsp;Os representantes do com\u00e9rcio pediram representatividade no Comit\u00ea Gestor da Pandemia, em Muria\u00e9, bem como um reuni\u00e3o extra para avaliar tais reivindica\u00e7\u00f5es.<\/p>\n<p><a href=\"http:\/\/folhadosudeste.com\/site\/wp-content\/uploads\/2021\/04\/6.jpg\"><img loading=\"lazy\" decoding=\"async\" class=\"alignnone size-full wp-image-74152\" src=\"http:\/\/folhadosudeste.com\/site\/wp-content\/uploads\/2021\/04\/6.jpg\" alt=\"\" width=\"707\" height=\"530\" srcset=\"https:\/\/folhadosudeste.com\/site\/wp-content\/uploads\/2021\/04\/6.jpg 707w, https:\/\/folhadosudeste.com\/site\/wp-content\/uploads\/2021\/04\/6-300x225.jpg 300w\" sizes=\"auto, (max-width: 707px) 100vw, 707px\" \/><\/a><\/p>\n<p><a href=\"http:\/\/folhadosudeste.com\/site\/wp-content\/uploads\/2021\/04\/MANIFESTA\u00c7\u00c3O.jpeg\"><img loading=\"lazy\" decoding=\"async\" class=\"alignnone size-full wp-image-74153\" src=\"http:\/\/folhadosudeste.com\/site\/wp-content\/uploads\/2021\/04\/MANIFESTA\u00c7\u00c3O.jpeg\" alt=\"\" width=\"707\" height=\"398\" srcset=\"https:\/\/folhadosudeste.com\/site\/wp-content\/uploads\/2021\/04\/MANIFESTA\u00c7\u00c3O.jpeg 707w, https:\/\/folhadosudeste.com\/site\/wp-content\/uploads\/2021\/04\/MANIFESTA\u00c7\u00c3O-300x169.jpeg 300w\" sizes=\"auto, (max-width: 707px) 100vw, 707px\" \/><\/a><\/p>\n<p><a href=\"http:\/\/folhadosudeste.com\/site\/wp-content\/uploads\/2021\/04\/MANIFESTA\u00c7\u00c3O-2.jpg\"><img loading=\"lazy\" decoding=\"async\" class=\"alignnone size-full wp-image-74154\" src=\"http:\/\/folhadosudeste.com\/site\/wp-content\/uploads\/2021\/04\/MANIFESTA\u00c7\u00c3O-2.jpg\" alt=\"\" width=\"707\" height=\"530\" srcset=\"https:\/\/folhadosudeste.com\/site\/wp-content\/uploads\/2021\/04\/MANIFESTA\u00c7\u00c3O-2.jpg 707w, https:\/\/folhadosudeste.com\/site\/wp-content\/uploads\/2021\/04\/MANIFESTA\u00c7\u00c3O-2-300x225.jpg 300w\" sizes=\"auto, (max-width: 707px) 100vw, 707px\" \/><\/a><\/p>\n<p><a href=\"http:\/\/folhadosudeste.com\/site\/wp-content\/uploads\/2021\/04\/MANIFESTACAO-3.jpg\"><img loading=\"lazy\" decoding=\"async\" class=\"alignnone size-full wp-image-74155\" src=\"http:\/\/folhadosudeste.com\/site\/wp-content\/uploads\/2021\/04\/MANIFESTACAO-3.jpg\" alt=\"\" width=\"707\" height=\"530\" srcset=\"https:\/\/folhadosudeste.com\/site\/wp-content\/uploads\/2021\/04\/MANIFESTACAO-3.jpg 707w, https:\/\/folhadosudeste.com\/site\/wp-content\/uploads\/2021\/04\/MANIFESTACAO-3-300x225.jpg 300w\" sizes=\"auto, (max-width: 707px) 100vw, 707px\" \/><\/a><\/p>\n<p>Fonte: Silvan Alves&nbsp;<\/p>\n<p>&nbsp; &nbsp; &nbsp; &nbsp;<\/p>\n","protected":false},"excerpt":{"rendered":"<p>Aconteceu na manh\u00e3 de ter\u00e7a-feira (6), uma manifesta\u00e7\u00e3o com representantes do com\u00e9rcio de Muria\u00e9 sobre o fechamento, restri\u00e7\u00f5es impostas pela onda roxa, em um novo decreto divulgado pela Prefeitura de Muria\u00e9, valido at\u00e9 12 de Abril.&nbsp; Pouco depois de iniciar a manifesta\u00e7\u00e3o, uma comiss\u00e3o foi nomeada para uma reuni\u00e3o no Gabinete do Prefeito, conduzida pelo [&hellip;]<\/p>\n","protected":false},"author":6,"featured_media":0,"comment_status":"open","ping_status":"closed","sticky":false,"template":"","format":"standard","meta":{"_joinchat":[],"footnotes":""},"categories":[1],"tags":[],"class_list":["post-74150","post","type-post","status-publish","format-standard","hentry","category-sem-categoria"],"_links":{"self":[{"href":"https:\/\/folhadosudeste.com\/site\/index.php?rest_route=\/wp\/v2\/posts\/74150","targetHints":{"allow":["GET"]}}],"collection":[{"href":"https:\/\/folhadosudeste.com\/site\/index.php?rest_route=\/wp\/v2\/posts"}],"about":[{"href":"https:\/\/folhadosudeste.com\/site\/index.php?rest_route=\/wp\/v2\/types\/post"}],"author":[{"embeddable":true,"href":"https:\/\/folhadosudeste.com\/site\/index.php?rest_route=\/wp\/v2\/users\/6"}],"replies":[{"embeddable":true,"href":"https:\/\/folhadosudeste.com\/site\/index.php?rest_route=%2Fwp%2Fv2%2Fcomments&post=74150"}],"version-history":[{"count":2,"href":"https:\/\/folhadosudeste.com\/site\/index.php?rest_route=\/wp\/v2\/posts\/74150\/revisions"}],"predecessor-version":[{"id":74157,"href":"https:\/\/folhadosudeste.com\/site\/index.php?rest_route=\/wp\/v2\/posts\/74150\/revisions\/74157"}],"wp:attachment":[{"href":"https:\/\/folhadosudeste.com\/site\/index.php?rest_route=%2Fwp%2Fv2%2Fmedia&parent=74150"}],"wp:term":[{"taxonomy":"category","embeddable":true,"href":"https:\/\/folhadosudeste.com\/site\/index.php?rest_route=%2Fwp%2Fv2%2Fcategories&post=74150"},{"taxonomy":"post_tag","embeddable":true,"href":"https:\/\/folhadosudeste.com\/site\/index.php?rest_route=%2Fwp%2Fv2%2Ftags&post=74150"}],"curies":[{"name":"wp","href":"https:\/\/api.w.org\/{rel}","templated":true}]}}