{"id":74176,"date":"2021-04-09T03:54:16","date_gmt":"2021-04-09T03:54:16","guid":{"rendered":"http:\/\/folhadosudeste.com\/site\/?p=74176"},"modified":"2021-04-09T03:54:16","modified_gmt":"2021-04-09T03:54:16","slug":"comerciantes-de-muriae-se-manifestam-novamente-e-imploram-pela-reabertura-do-comercio","status":"publish","type":"post","link":"https:\/\/folhadosudeste.com\/site\/?p=74176","title":{"rendered":"COMERCIANTES DE MURIA\u00c9 SE MANIFESTAM NOVAMENTE E IMPLORAM PELA REABERTURA DO COM\u00c9RCIO"},"content":{"rendered":"<p><a href=\"http:\/\/folhadosudeste.com\/site\/wp-content\/uploads\/2021\/04\/6380e46c-4836-4ac9-9c3f-3b02aecf9eb5.jpg\"><img loading=\"lazy\" decoding=\"async\" class=\"alignnone size-full wp-image-74177\" src=\"http:\/\/folhadosudeste.com\/site\/wp-content\/uploads\/2021\/04\/6380e46c-4836-4ac9-9c3f-3b02aecf9eb5.jpg\" alt=\"\" width=\"1032\" height=\"774\" srcset=\"https:\/\/folhadosudeste.com\/site\/wp-content\/uploads\/2021\/04\/6380e46c-4836-4ac9-9c3f-3b02aecf9eb5.jpg 1032w, https:\/\/folhadosudeste.com\/site\/wp-content\/uploads\/2021\/04\/6380e46c-4836-4ac9-9c3f-3b02aecf9eb5-300x225.jpg 300w, https:\/\/folhadosudeste.com\/site\/wp-content\/uploads\/2021\/04\/6380e46c-4836-4ac9-9c3f-3b02aecf9eb5-768x576.jpg 768w, https:\/\/folhadosudeste.com\/site\/wp-content\/uploads\/2021\/04\/6380e46c-4836-4ac9-9c3f-3b02aecf9eb5-1024x768.jpg 1024w\" sizes=\"auto, (max-width: 1032px) 100vw, 1032px\" \/><\/a><\/p>\n<p style=\"text-align: left;\">Mais uma vez, comerciantes de Muria\u00e9 se reuniram em frente a prefeitura na manh\u00e3 desta quinta-feira (8), para uma nova manifesta\u00e7\u00e3o, sendo a segunda desta semana. Os manifestantes imploram pela reabertura do com\u00e9rcio na cidade, uma vez que, a maioria dos comerciantes est\u00e3o sendo prejudicados, por conta da paralisa\u00e7\u00e3o dos trabalhos motivada pela Onda Roxa.<\/p>\n<p><!--more--><\/p>\n<p style=\"text-align: left;\">Durante a manifesta\u00e7\u00e3o, um grupo de lideran\u00e7as se reuniram com o Comit\u00ea Extraordin\u00e1rio Covid-19, para discutirem e reivindicar as autoridades municipais o direito de todos trabalharem. Ficou acordado que at\u00e9 na sexta-feira eles dariam um posicionamento, caso contr\u00e1rio os manifestantes disseram que v\u00e3o organizar uma carreata\/ passeata na sexta-feira de manh\u00e3, e n\u00e3o v\u00e3o desistir de lutar pelos seus direitos.&nbsp; A reuni\u00e3o contou com representantes da CDL ACE Muria\u00e9, atrav\u00e9s do Presidente Henrique Loure\u00e7o e do Gerente Executivo Vitor Santos, que se colocaram a disposi\u00e7\u00e3o para apoiar a reabertura do com\u00e9rcio, tomando todas as medidas preventivas que o momento exige. Com a presen\u00e7a do vice prefeito e Secret\u00e1rio de Sa\u00fade Dr. Marcos Guarino, do Promotor de Justi\u00e7a Dr. F\u00e1bio Laureano e outras autoridades, os comerciantes esperam uma resposta positiva.&nbsp; &nbsp;<\/p>\n<p style=\"text-align: left;\">&nbsp;\u201c S\u00f3 queremos o nosso direito de trabalhar e levar o sustento pra nossa fam\u00edlia, todo trabalho \u00e9 essencial, n\u00e3o \u00e9 justo alguns trabalharem e outros n\u00e3o, como vamos pagar nossas contas, nossos impostos, aluguel e funcion\u00e1rios e etc. Se ficar nesse abre e fecha vamos todos fecharem as portas e desempregar muita gente. \u00c9 isso que eles querem\u201d? Desabafa um dos manifestantes. &nbsp;&nbsp;&nbsp;<\/p>\n<p><a href=\"http:\/\/folhadosudeste.com\/site\/wp-content\/uploads\/2021\/04\/75d83d7b-7f49-45ca-85fa-31df80a3f9e9.jpg\"><img loading=\"lazy\" decoding=\"async\" class=\"alignnone size-full wp-image-74179\" src=\"http:\/\/folhadosudeste.com\/site\/wp-content\/uploads\/2021\/04\/75d83d7b-7f49-45ca-85fa-31df80a3f9e9.jpg\" alt=\"\" width=\"1032\" height=\"774\" srcset=\"https:\/\/folhadosudeste.com\/site\/wp-content\/uploads\/2021\/04\/75d83d7b-7f49-45ca-85fa-31df80a3f9e9.jpg 1032w, https:\/\/folhadosudeste.com\/site\/wp-content\/uploads\/2021\/04\/75d83d7b-7f49-45ca-85fa-31df80a3f9e9-300x225.jpg 300w, https:\/\/folhadosudeste.com\/site\/wp-content\/uploads\/2021\/04\/75d83d7b-7f49-45ca-85fa-31df80a3f9e9-768x576.jpg 768w, https:\/\/folhadosudeste.com\/site\/wp-content\/uploads\/2021\/04\/75d83d7b-7f49-45ca-85fa-31df80a3f9e9-1024x768.jpg 1024w\" sizes=\"auto, (max-width: 1032px) 100vw, 1032px\" \/><\/a><\/p>\n<p><a href=\"http:\/\/folhadosudeste.com\/site\/wp-content\/uploads\/2021\/04\/d4d7c8f3f0bc447d1787493fc3e8b6e3.0editada-2.jpeg\"><img loading=\"lazy\" decoding=\"async\" class=\"alignnone size-full wp-image-74180\" src=\"http:\/\/folhadosudeste.com\/site\/wp-content\/uploads\/2021\/04\/d4d7c8f3f0bc447d1787493fc3e8b6e3.0editada-2.jpeg\" alt=\"\" width=\"700\" height=\"525\" srcset=\"https:\/\/folhadosudeste.com\/site\/wp-content\/uploads\/2021\/04\/d4d7c8f3f0bc447d1787493fc3e8b6e3.0editada-2.jpeg 700w, https:\/\/folhadosudeste.com\/site\/wp-content\/uploads\/2021\/04\/d4d7c8f3f0bc447d1787493fc3e8b6e3.0editada-2-300x225.jpeg 300w\" sizes=\"auto, (max-width: 700px) 100vw, 700px\" \/><\/a><\/p>\n","protected":false},"excerpt":{"rendered":"<p>Mais uma vez, comerciantes de Muria\u00e9 se reuniram em frente a prefeitura na manh\u00e3 desta quinta-feira (8), para uma nova manifesta\u00e7\u00e3o, sendo a segunda desta semana. Os manifestantes imploram pela reabertura do com\u00e9rcio na cidade, uma vez que, a maioria dos comerciantes est\u00e3o sendo prejudicados, por conta da paralisa\u00e7\u00e3o dos trabalhos motivada pela Onda Roxa.<\/p>\n","protected":false},"author":6,"featured_media":0,"comment_status":"open","ping_status":"closed","sticky":false,"template":"","format":"standard","meta":{"_joinchat":[],"footnotes":""},"categories":[1],"tags":[],"class_list":["post-74176","post","type-post","status-publish","format-standard","hentry","category-sem-categoria"],"_links":{"self":[{"href":"https:\/\/folhadosudeste.com\/site\/index.php?rest_route=\/wp\/v2\/posts\/74176","targetHints":{"allow":["GET"]}}],"collection":[{"href":"https:\/\/folhadosudeste.com\/site\/index.php?rest_route=\/wp\/v2\/posts"}],"about":[{"href":"https:\/\/folhadosudeste.com\/site\/index.php?rest_route=\/wp\/v2\/types\/post"}],"author":[{"embeddable":true,"href":"https:\/\/folhadosudeste.com\/site\/index.php?rest_route=\/wp\/v2\/users\/6"}],"replies":[{"embeddable":true,"href":"https:\/\/folhadosudeste.com\/site\/index.php?rest_route=%2Fwp%2Fv2%2Fcomments&post=74176"}],"version-history":[{"count":1,"href":"https:\/\/folhadosudeste.com\/site\/index.php?rest_route=\/wp\/v2\/posts\/74176\/revisions"}],"predecessor-version":[{"id":74181,"href":"https:\/\/folhadosudeste.com\/site\/index.php?rest_route=\/wp\/v2\/posts\/74176\/revisions\/74181"}],"wp:attachment":[{"href":"https:\/\/folhadosudeste.com\/site\/index.php?rest_route=%2Fwp%2Fv2%2Fmedia&parent=74176"}],"wp:term":[{"taxonomy":"category","embeddable":true,"href":"https:\/\/folhadosudeste.com\/site\/index.php?rest_route=%2Fwp%2Fv2%2Fcategories&post=74176"},{"taxonomy":"post_tag","embeddable":true,"href":"https:\/\/folhadosudeste.com\/site\/index.php?rest_route=%2Fwp%2Fv2%2Ftags&post=74176"}],"curies":[{"name":"wp","href":"https:\/\/api.w.org\/{rel}","templated":true}]}}