{"id":74182,"date":"2021-04-09T04:00:11","date_gmt":"2021-04-09T04:00:11","guid":{"rendered":"http:\/\/folhadosudeste.com\/site\/?p=74182"},"modified":"2021-04-09T04:00:11","modified_gmt":"2021-04-09T04:00:11","slug":"nota-de-pesar-2","status":"publish","type":"post","link":"https:\/\/folhadosudeste.com\/site\/?p=74182","title":{"rendered":"Nota de Pesar"},"content":{"rendered":"<p><a href=\"http:\/\/folhadosudeste.com\/site\/wp-content\/uploads\/2021\/04\/97defa96-555f-44d6-ad5c-7f975838c8a7.jpg\"><img loading=\"lazy\" decoding=\"async\" class=\"alignnone size-full wp-image-74183\" src=\"http:\/\/folhadosudeste.com\/site\/wp-content\/uploads\/2021\/04\/97defa96-555f-44d6-ad5c-7f975838c8a7.jpg\" alt=\"\" width=\"1080\" height=\"1071\" srcset=\"https:\/\/folhadosudeste.com\/site\/wp-content\/uploads\/2021\/04\/97defa96-555f-44d6-ad5c-7f975838c8a7.jpg 1080w, https:\/\/folhadosudeste.com\/site\/wp-content\/uploads\/2021\/04\/97defa96-555f-44d6-ad5c-7f975838c8a7-150x150.jpg 150w, https:\/\/folhadosudeste.com\/site\/wp-content\/uploads\/2021\/04\/97defa96-555f-44d6-ad5c-7f975838c8a7-300x298.jpg 300w, https:\/\/folhadosudeste.com\/site\/wp-content\/uploads\/2021\/04\/97defa96-555f-44d6-ad5c-7f975838c8a7-768x762.jpg 768w, https:\/\/folhadosudeste.com\/site\/wp-content\/uploads\/2021\/04\/97defa96-555f-44d6-ad5c-7f975838c8a7-1024x1015.jpg 1024w\" sizes=\"auto, (max-width: 1080px) 100vw, 1080px\" \/><\/a><\/p>\n<p>\u00c9 com pesar que recebemos a triste not\u00edcia do falecimento do Pr. Carlos. Mais uma v\u00edtima do coronav\u00edrus em Muria\u00e9. Respeitado por todos os colegas, foi um grande profissional e ser humano. Sua falta j\u00e1 est\u00e1 sendo sentida por todos n\u00f3s. Manifestamos os nosso sentimentos a todos os familiares e amigos.&nbsp; &nbsp; &nbsp; &nbsp; &nbsp;&nbsp;<\/p>\n","protected":false},"excerpt":{"rendered":"<p>\u00c9 com pesar que recebemos a triste not\u00edcia do falecimento do Pr. Carlos. Mais uma v\u00edtima do coronav\u00edrus em Muria\u00e9. Respeitado por todos os colegas, foi um grande profissional e ser humano. Sua falta j\u00e1 est\u00e1 sendo sentida por todos n\u00f3s. Manifestamos os nosso sentimentos a todos os familiares e amigos.&nbsp; &nbsp; &nbsp; &nbsp; &nbsp;&nbsp;<\/p>\n","protected":false},"author":6,"featured_media":0,"comment_status":"open","ping_status":"closed","sticky":false,"template":"","format":"standard","meta":{"_joinchat":[],"footnotes":""},"categories":[1],"tags":[],"class_list":["post-74182","post","type-post","status-publish","format-standard","hentry","category-sem-categoria"],"_links":{"self":[{"href":"https:\/\/folhadosudeste.com\/site\/index.php?rest_route=\/wp\/v2\/posts\/74182","targetHints":{"allow":["GET"]}}],"collection":[{"href":"https:\/\/folhadosudeste.com\/site\/index.php?rest_route=\/wp\/v2\/posts"}],"about":[{"href":"https:\/\/folhadosudeste.com\/site\/index.php?rest_route=\/wp\/v2\/types\/post"}],"author":[{"embeddable":true,"href":"https:\/\/folhadosudeste.com\/site\/index.php?rest_route=\/wp\/v2\/users\/6"}],"replies":[{"embeddable":true,"href":"https:\/\/folhadosudeste.com\/site\/index.php?rest_route=%2Fwp%2Fv2%2Fcomments&post=74182"}],"version-history":[{"count":1,"href":"https:\/\/folhadosudeste.com\/site\/index.php?rest_route=\/wp\/v2\/posts\/74182\/revisions"}],"predecessor-version":[{"id":74184,"href":"https:\/\/folhadosudeste.com\/site\/index.php?rest_route=\/wp\/v2\/posts\/74182\/revisions\/74184"}],"wp:attachment":[{"href":"https:\/\/folhadosudeste.com\/site\/index.php?rest_route=%2Fwp%2Fv2%2Fmedia&parent=74182"}],"wp:term":[{"taxonomy":"category","embeddable":true,"href":"https:\/\/folhadosudeste.com\/site\/index.php?rest_route=%2Fwp%2Fv2%2Fcategories&post=74182"},{"taxonomy":"post_tag","embeddable":true,"href":"https:\/\/folhadosudeste.com\/site\/index.php?rest_route=%2Fwp%2Fv2%2Ftags&post=74182"}],"curies":[{"name":"wp","href":"https:\/\/api.w.org\/{rel}","templated":true}]}}