{"id":74185,"date":"2021-04-09T18:13:33","date_gmt":"2021-04-09T18:13:33","guid":{"rendered":"http:\/\/folhadosudeste.com\/site\/?p=74185"},"modified":"2021-04-09T18:13:33","modified_gmt":"2021-04-09T18:13:33","slug":"cresol-minas-gerais-e-senar-mg-assinam-parceria-para-atender-75-produtores-de-cafe-de-5-municipios-da-zona-da-mata-mineira","status":"publish","type":"post","link":"https:\/\/folhadosudeste.com\/site\/?p=74185","title":{"rendered":"CRESOL MINAS GERAIS E SENAR MG ASSINAM PARCERIA PARA ATENDER 75 PRODUTORES DE CAF\u00c9 DE 5 MUNIC\u00cdPIOS DA ZONA DA MATA MINEIRA"},"content":{"rendered":"<p><a href=\"http:\/\/folhadosudeste.com\/site\/wp-content\/uploads\/2021\/04\/WhatsApp-Image-2021-04-09-at-14.31.53-1.jpeg\"><img loading=\"lazy\" decoding=\"async\" class=\"alignnone size-full wp-image-74186\" src=\"http:\/\/folhadosudeste.com\/site\/wp-content\/uploads\/2021\/04\/WhatsApp-Image-2021-04-09-at-14.31.53-1.jpeg\" alt=\"\" width=\"951\" height=\"724\" srcset=\"https:\/\/folhadosudeste.com\/site\/wp-content\/uploads\/2021\/04\/WhatsApp-Image-2021-04-09-at-14.31.53-1.jpeg 951w, https:\/\/folhadosudeste.com\/site\/wp-content\/uploads\/2021\/04\/WhatsApp-Image-2021-04-09-at-14.31.53-1-300x228.jpeg 300w, https:\/\/folhadosudeste.com\/site\/wp-content\/uploads\/2021\/04\/WhatsApp-Image-2021-04-09-at-14.31.53-1-768x585.jpeg 768w\" sizes=\"auto, (max-width: 951px) 100vw, 951px\" \/><\/a><\/p>\n<p style=\"text-align: justify;\">Cerca de 75 cafeicultores dos munic\u00edpios de Alto Jequitib\u00e1, Araponga, Espera Feliz, Manhua\u00e7u e Manhumirim receber\u00e3o atendimentos p\u00f3s-ciclo do Programa de Assist\u00eancia T\u00e9cnica e Gerencial (ATeG). A extens\u00e3o do ATeG \u00e9 resultado da parceria do Sistema FAEMG\/SENAR\/INAES e a Cresol Minas Gerais.<\/p>\n<p style=\"text-align: justify;\">O primeiro contato com a Cresol Minas Gerais foi feito por produtores de Araponga que encerraram os quatro anos de atendimento previstos no ATeG e desejavam seguir o acompanhamento oferecido pelo programa. A iniciativa foi levada a demais munic\u00edpios por meio de produtores e t\u00e9cnicos de campo, com participa\u00e7\u00e3o do gerente do Sistema FAEMG\/SENAR\/INAES em Vi\u00e7osa, Marcos Reis.<\/p>\n<p style=\"text-align: justify;\">O gerente explicou a representantes da Cresol Minas Gerais os resultados do ATeG na regi\u00e3o e o funcionamento da nova etapa apoiada pela institui\u00e7\u00e3o. Nosso objetivo com o p\u00f3s-ciclo \u00e9 n\u00e3o abandonar o produtor. Ser\u00e3o quatro encontros presenciais por ano, durante quatro anos. Acreditamos que, no final desse per\u00edodo, o produtor e sua fam\u00edlia estar\u00e3o aptos a gerir bem a propriedade e o neg\u00f3cio sozinhos\u201d, disse Marcos Reis.<\/p>\n<p style=\"text-align: justify;\">O presidente da Cresol Minas Gerais, Jo\u00e3o Paulo Dias da Fonseca, celebrou a parceria, que se soma a outras iniciativas que a institui\u00e7\u00e3o desenvolve para apoiar o desenvolvimento e o fortalecimento da agricultura e dos produtores da Zona da Mata. &#8220;O Programa ATeG \u00e9 fundamental, pois proporciona assist\u00eancia t\u00e9cnica, gerencial e qualifica\u00e7\u00e3o profissional e refor\u00e7a a capacidade empreendedora das fam\u00edlias do campo\u201d.&#x1f331;<\/p>\n<p><a href=\"http:\/\/folhadosudeste.com\/site\/wp-content\/uploads\/2021\/04\/WhatsApp-Image-2021-04-09-at-14.31.53.jpeg\"><img loading=\"lazy\" decoding=\"async\" class=\"alignnone size-full wp-image-74187\" src=\"http:\/\/folhadosudeste.com\/site\/wp-content\/uploads\/2021\/04\/WhatsApp-Image-2021-04-09-at-14.31.53.jpeg\" alt=\"\" width=\"1280\" height=\"1273\" srcset=\"https:\/\/folhadosudeste.com\/site\/wp-content\/uploads\/2021\/04\/WhatsApp-Image-2021-04-09-at-14.31.53.jpeg 1280w, https:\/\/folhadosudeste.com\/site\/wp-content\/uploads\/2021\/04\/WhatsApp-Image-2021-04-09-at-14.31.53-150x150.jpeg 150w, https:\/\/folhadosudeste.com\/site\/wp-content\/uploads\/2021\/04\/WhatsApp-Image-2021-04-09-at-14.31.53-300x298.jpeg 300w, https:\/\/folhadosudeste.com\/site\/wp-content\/uploads\/2021\/04\/WhatsApp-Image-2021-04-09-at-14.31.53-768x764.jpeg 768w, https:\/\/folhadosudeste.com\/site\/wp-content\/uploads\/2021\/04\/WhatsApp-Image-2021-04-09-at-14.31.53-1024x1018.jpeg 1024w\" sizes=\"auto, (max-width: 1280px) 100vw, 1280px\" \/><\/a><\/p>\n","protected":false},"excerpt":{"rendered":"<p>Cerca de 75 cafeicultores dos munic\u00edpios de Alto Jequitib\u00e1, Araponga, Espera Feliz, Manhua\u00e7u e Manhumirim receber\u00e3o atendimentos p\u00f3s-ciclo do Programa de Assist\u00eancia T\u00e9cnica e Gerencial (ATeG). A extens\u00e3o do ATeG \u00e9 resultado da parceria do Sistema FAEMG\/SENAR\/INAES e a Cresol Minas Gerais. O primeiro contato com a Cresol Minas Gerais foi feito por produtores de [&hellip;]<\/p>\n","protected":false},"author":6,"featured_media":0,"comment_status":"open","ping_status":"closed","sticky":false,"template":"","format":"standard","meta":{"_joinchat":[],"footnotes":""},"categories":[1],"tags":[],"class_list":["post-74185","post","type-post","status-publish","format-standard","hentry","category-sem-categoria"],"_links":{"self":[{"href":"https:\/\/folhadosudeste.com\/site\/index.php?rest_route=\/wp\/v2\/posts\/74185","targetHints":{"allow":["GET"]}}],"collection":[{"href":"https:\/\/folhadosudeste.com\/site\/index.php?rest_route=\/wp\/v2\/posts"}],"about":[{"href":"https:\/\/folhadosudeste.com\/site\/index.php?rest_route=\/wp\/v2\/types\/post"}],"author":[{"embeddable":true,"href":"https:\/\/folhadosudeste.com\/site\/index.php?rest_route=\/wp\/v2\/users\/6"}],"replies":[{"embeddable":true,"href":"https:\/\/folhadosudeste.com\/site\/index.php?rest_route=%2Fwp%2Fv2%2Fcomments&post=74185"}],"version-history":[{"count":1,"href":"https:\/\/folhadosudeste.com\/site\/index.php?rest_route=\/wp\/v2\/posts\/74185\/revisions"}],"predecessor-version":[{"id":74188,"href":"https:\/\/folhadosudeste.com\/site\/index.php?rest_route=\/wp\/v2\/posts\/74185\/revisions\/74188"}],"wp:attachment":[{"href":"https:\/\/folhadosudeste.com\/site\/index.php?rest_route=%2Fwp%2Fv2%2Fmedia&parent=74185"}],"wp:term":[{"taxonomy":"category","embeddable":true,"href":"https:\/\/folhadosudeste.com\/site\/index.php?rest_route=%2Fwp%2Fv2%2Fcategories&post=74185"},{"taxonomy":"post_tag","embeddable":true,"href":"https:\/\/folhadosudeste.com\/site\/index.php?rest_route=%2Fwp%2Fv2%2Ftags&post=74185"}],"curies":[{"name":"wp","href":"https:\/\/api.w.org\/{rel}","templated":true}]}}