{"id":74196,"date":"2021-04-13T02:13:15","date_gmt":"2021-04-13T02:13:15","guid":{"rendered":"http:\/\/folhadosudeste.com\/site\/?p=74196"},"modified":"2021-04-13T02:13:15","modified_gmt":"2021-04-13T02:13:15","slug":"muriae-inicia-vacinacao-anual-da-gripe-nesta-quarta-veja-publicos-da-primeira-fase","status":"publish","type":"post","link":"https:\/\/folhadosudeste.com\/site\/?p=74196","title":{"rendered":"Muria\u00e9 inicia vacina\u00e7\u00e3o anual da gripe nesta quarta; veja p\u00fablicos da primeira fase"},"content":{"rendered":"<p><a href=\"http:\/\/folhadosudeste.com\/site\/wp-content\/uploads\/2021\/04\/influenza.jpg\"><img loading=\"lazy\" decoding=\"async\" class=\"alignnone size-full wp-image-74197\" src=\"http:\/\/folhadosudeste.com\/site\/wp-content\/uploads\/2021\/04\/influenza.jpg\" alt=\"\" width=\"1080\" height=\"1080\" srcset=\"https:\/\/folhadosudeste.com\/site\/wp-content\/uploads\/2021\/04\/influenza.jpg 1080w, https:\/\/folhadosudeste.com\/site\/wp-content\/uploads\/2021\/04\/influenza-150x150.jpg 150w, https:\/\/folhadosudeste.com\/site\/wp-content\/uploads\/2021\/04\/influenza-300x300.jpg 300w, https:\/\/folhadosudeste.com\/site\/wp-content\/uploads\/2021\/04\/influenza-768x768.jpg 768w, https:\/\/folhadosudeste.com\/site\/wp-content\/uploads\/2021\/04\/influenza-1024x1024.jpg 1024w\" sizes=\"auto, (max-width: 1080px) 100vw, 1080px\" \/><\/a><\/p>\n<div style=\"text-align: left;\">A vacina\u00e7\u00e3o anual contra a gripe comum (influenza) come\u00e7a nesta quarta-feira em Muria\u00e9. A primeira fase ser\u00e1 destinada para os seguintes p\u00fablicos:&nbsp;<\/div>\n<div style=\"text-align: left;\">&nbsp;<\/div>\n<div style=\"text-align: left;\">&#8211; Crian\u00e7as com idade a partir de seis meses e menores que seis anos;<\/div>\n<div style=\"text-align: left;\">&#8211; Mulheres gestantes e pu\u00e9rperas (m\u00e3es no per\u00edodo p\u00f3s-parto);<\/div>\n<div style=\"text-align: left;\">&#8211; Trabalhadores da sa\u00fade.<\/div>\n<div style=\"text-align: left;\">&nbsp;<\/div>\n<div style=\"text-align: left;\">Para evitar a forma\u00e7\u00e3o de aglomera\u00e7\u00f5es, a vacina\u00e7\u00e3o vai acontecer em todas as Unidades B\u00e1sicas de Sa\u00fade de Muria\u00e9 e dos distritos, no hor\u00e1rio entre 8h e 16h. N\u00e3o haver\u00e1 distribui\u00e7\u00e3o de senhas.<\/div>\n<div>&nbsp;<\/div>\n<p><!--more--><\/p>\n<div style=\"text-align: left;\">&nbsp;<\/div>\n<div style=\"text-align: left;\">\u00c9 recomendada a apresenta\u00e7\u00e3o do cart\u00e3o de vacinas para que a imuniza\u00e7\u00e3o seja registrada de forma adequada. J\u00e1 o uso de m\u00e1scara \u00e9 obrigat\u00f3rio em raz\u00e3o da pandemia.<\/div>\n<div style=\"text-align: left;\">&nbsp;<\/div>\n<div style=\"text-align: left;\">IMPORTANTE: Como a campanha de vacina\u00e7\u00e3o acontecer\u00e1 simultaneamente \u00e0 imuniza\u00e7\u00e3o contra covid-19, a orienta\u00e7\u00e3o do Minist\u00e9rio da Sa\u00fade \u00e9 que a aplica\u00e7\u00e3o de uma vacina aconte\u00e7a com um intervalo de pelo menos 14 dias em rela\u00e7\u00e3o \u00e0 outra.<\/div>\n<div style=\"text-align: left;\">&nbsp;<\/div>\n<div style=\"text-align: left;\">Al\u00e9m disso, vale lembrar que a vacina da influeza protege apenas contra a gripe sazonal comum e n\u00e3o oferece prote\u00e7\u00e3o contra o novo coronav\u00edrus e a covid-19.<\/div>\n<div>&nbsp;<\/div>\n<div>Fonte: PMM<\/div>\n","protected":false},"excerpt":{"rendered":"<p>A vacina\u00e7\u00e3o anual contra a gripe comum (influenza) come\u00e7a nesta quarta-feira em Muria\u00e9. A primeira fase ser\u00e1 destinada para os seguintes p\u00fablicos:&nbsp; &nbsp; &#8211; Crian\u00e7as com idade a partir de seis meses e menores que seis anos; &#8211; Mulheres gestantes e pu\u00e9rperas (m\u00e3es no per\u00edodo p\u00f3s-parto); &#8211; Trabalhadores da sa\u00fade. &nbsp; Para evitar a forma\u00e7\u00e3o [&hellip;]<\/p>\n","protected":false},"author":6,"featured_media":0,"comment_status":"open","ping_status":"closed","sticky":false,"template":"","format":"standard","meta":{"_joinchat":[],"footnotes":""},"categories":[1],"tags":[],"class_list":["post-74196","post","type-post","status-publish","format-standard","hentry","category-sem-categoria"],"_links":{"self":[{"href":"https:\/\/folhadosudeste.com\/site\/index.php?rest_route=\/wp\/v2\/posts\/74196","targetHints":{"allow":["GET"]}}],"collection":[{"href":"https:\/\/folhadosudeste.com\/site\/index.php?rest_route=\/wp\/v2\/posts"}],"about":[{"href":"https:\/\/folhadosudeste.com\/site\/index.php?rest_route=\/wp\/v2\/types\/post"}],"author":[{"embeddable":true,"href":"https:\/\/folhadosudeste.com\/site\/index.php?rest_route=\/wp\/v2\/users\/6"}],"replies":[{"embeddable":true,"href":"https:\/\/folhadosudeste.com\/site\/index.php?rest_route=%2Fwp%2Fv2%2Fcomments&post=74196"}],"version-history":[{"count":1,"href":"https:\/\/folhadosudeste.com\/site\/index.php?rest_route=\/wp\/v2\/posts\/74196\/revisions"}],"predecessor-version":[{"id":74198,"href":"https:\/\/folhadosudeste.com\/site\/index.php?rest_route=\/wp\/v2\/posts\/74196\/revisions\/74198"}],"wp:attachment":[{"href":"https:\/\/folhadosudeste.com\/site\/index.php?rest_route=%2Fwp%2Fv2%2Fmedia&parent=74196"}],"wp:term":[{"taxonomy":"category","embeddable":true,"href":"https:\/\/folhadosudeste.com\/site\/index.php?rest_route=%2Fwp%2Fv2%2Fcategories&post=74196"},{"taxonomy":"post_tag","embeddable":true,"href":"https:\/\/folhadosudeste.com\/site\/index.php?rest_route=%2Fwp%2Fv2%2Ftags&post=74196"}],"curies":[{"name":"wp","href":"https:\/\/api.w.org\/{rel}","templated":true}]}}