{"id":74199,"date":"2021-04-13T02:18:23","date_gmt":"2021-04-13T02:18:23","guid":{"rendered":"http:\/\/folhadosudeste.com\/site\/?p=74199"},"modified":"2021-04-13T02:18:23","modified_gmt":"2021-04-13T02:18:23","slug":"prefeitura-realiza-manutencao-da-praca-do-joao-vi","status":"publish","type":"post","link":"https:\/\/folhadosudeste.com\/site\/?p=74199","title":{"rendered":"Prefeitura realiza manuten\u00e7\u00e3o da pra\u00e7a do Jo\u00e3o VI"},"content":{"rendered":"<p><a href=\"http:\/\/folhadosudeste.com\/site\/wp-content\/uploads\/2021\/04\/Pra\u00e7a-Jo\u00e3o-VI-12.jpg\"><img loading=\"lazy\" decoding=\"async\" class=\"alignnone size-full wp-image-74200\" src=\"http:\/\/folhadosudeste.com\/site\/wp-content\/uploads\/2021\/04\/Pra\u00e7a-Jo\u00e3o-VI-12.jpg\" alt=\"\" width=\"1280\" height=\"960\" srcset=\"https:\/\/folhadosudeste.com\/site\/wp-content\/uploads\/2021\/04\/Pra\u00e7a-Jo\u00e3o-VI-12.jpg 1280w, https:\/\/folhadosudeste.com\/site\/wp-content\/uploads\/2021\/04\/Pra\u00e7a-Jo\u00e3o-VI-12-300x225.jpg 300w, https:\/\/folhadosudeste.com\/site\/wp-content\/uploads\/2021\/04\/Pra\u00e7a-Jo\u00e3o-VI-12-768x576.jpg 768w, https:\/\/folhadosudeste.com\/site\/wp-content\/uploads\/2021\/04\/Pra\u00e7a-Jo\u00e3o-VI-12-1024x768.jpg 1024w\" sizes=\"auto, (max-width: 1280px) 100vw, 1280px\" \/><\/a><\/p>\n<p style=\"text-align: left;\" align=\"justify\">A manuten\u00e7\u00e3o das pra\u00e7as, jardins e canteiros da cidade est\u00e1 acontecendo desde a semana anterior e termina nestes dias, segunda e ter\u00e7a-feira (12 e 13) no bairro Jo\u00e3o VI. As \u00e1reas p\u00fablicas ganharam poda de \u00e1rvores e arbustos e, depois, limpeza do logradouro, deixando os espa\u00e7os adequados para o tr\u00e2nsito de pessoas.<\/p>\n<p style=\"text-align: left;\" align=\"justify\">Mesmo no per\u00edodo de pandemia, quando elas est\u00e3o fechadas para lazer, a revitaliza\u00e7\u00e3o \u00e9 necess\u00e1ria para manter os locais agrad\u00e1veis para a popula\u00e7\u00e3o, garantindo o embelezamento do munic\u00edpio.<\/p>\n<p align=\"justify\"><!--more--><\/p>\n<p style=\"text-align: left;\" align=\"justify\">A revitaliza\u00e7\u00e3o ser\u00e1 realizada em sistema de rod\u00edzio nos diferentes bairros da cidade, distritos e comunidades. \u201cEstamos nos organizando para trazer novas esp\u00e9cies de plantas, com flores, folhagens diferenciadas, mas precisamos muito da colabora\u00e7\u00e3o dos muriaeenses para cuidar dos jardins e n\u00e3o deixarem que pessoas arranquem mudas. Nossas pra\u00e7as s\u00e3o o nosso cart\u00e3o postal. Elas que auxiliam a qualidade de vida e bem-estar do munic\u00edpio. Pe\u00e7o a todos colabora\u00e7\u00e3o para mantermos intactos os jardins\u201d, explicou o secret\u00e1rio Interino de Agricultura e Meio Ambiente, Carlos Kneip.<\/p>\n<p style=\"text-align: left;\" align=\"justify\">A Prefeitura j\u00e1 realizou a manuten\u00e7\u00e3o nas pra\u00e7as Hastenreiter, Santa Terezinha, Pra\u00e7a do Ros\u00e1rio, trevo do Centro Administrativo, Avenida Constantino Pinto, Pra\u00e7a Coronel Pacheco de Medeiros e canteiros laterais, assim como na pra\u00e7a Deputado Walton Goulart, no S\u00e3o Francisco.<\/p>\n<p style=\"text-align: left;\" align=\"justify\">Os pr\u00f3ximos locais que receber\u00e3o a visita das equipes ser\u00e3o os jardins da C\u00e2mara Municipal (Centro), o entorno da Escola Z\u00e9lia de Barros (Aeroporto), Pra\u00e7a Agripino Torres (Safira), e regi\u00e3o do Centro Dom Delfim, Pra\u00e7a Erasto Fernandes da Silva (Barra).<\/p>\n<p align=\"justify\"><a href=\"http:\/\/folhadosudeste.com\/site\/wp-content\/uploads\/2021\/04\/Jo\u00e3o-VI-9.jpg\"><img loading=\"lazy\" decoding=\"async\" class=\"alignnone size-full wp-image-74201\" src=\"http:\/\/folhadosudeste.com\/site\/wp-content\/uploads\/2021\/04\/Jo\u00e3o-VI-9.jpg\" alt=\"\" width=\"1280\" height=\"960\" srcset=\"https:\/\/folhadosudeste.com\/site\/wp-content\/uploads\/2021\/04\/Jo\u00e3o-VI-9.jpg 1280w, https:\/\/folhadosudeste.com\/site\/wp-content\/uploads\/2021\/04\/Jo\u00e3o-VI-9-300x225.jpg 300w, https:\/\/folhadosudeste.com\/site\/wp-content\/uploads\/2021\/04\/Jo\u00e3o-VI-9-768x576.jpg 768w, https:\/\/folhadosudeste.com\/site\/wp-content\/uploads\/2021\/04\/Jo\u00e3o-VI-9-1024x768.jpg 1024w\" sizes=\"auto, (max-width: 1280px) 100vw, 1280px\" \/><\/a><\/p>\n<p align=\"justify\"><a href=\"http:\/\/folhadosudeste.com\/site\/wp-content\/uploads\/2021\/04\/Jo\u00e3o-VI-6.jpg\"><img loading=\"lazy\" decoding=\"async\" class=\"alignnone size-full wp-image-74202\" src=\"http:\/\/folhadosudeste.com\/site\/wp-content\/uploads\/2021\/04\/Jo\u00e3o-VI-6.jpg\" alt=\"\" width=\"960\" height=\"1280\" srcset=\"https:\/\/folhadosudeste.com\/site\/wp-content\/uploads\/2021\/04\/Jo\u00e3o-VI-6.jpg 960w, https:\/\/folhadosudeste.com\/site\/wp-content\/uploads\/2021\/04\/Jo\u00e3o-VI-6-225x300.jpg 225w, https:\/\/folhadosudeste.com\/site\/wp-content\/uploads\/2021\/04\/Jo\u00e3o-VI-6-768x1024.jpg 768w\" sizes=\"auto, (max-width: 960px) 100vw, 960px\" \/><\/a><\/p>\n<p align=\"justify\"><a href=\"http:\/\/folhadosudeste.com\/site\/wp-content\/uploads\/2021\/04\/Jo\u00e3o-VI-1.jpg\"><img loading=\"lazy\" decoding=\"async\" class=\"alignnone size-full wp-image-74203\" src=\"http:\/\/folhadosudeste.com\/site\/wp-content\/uploads\/2021\/04\/Jo\u00e3o-VI-1.jpg\" alt=\"\" width=\"1280\" height=\"960\" srcset=\"https:\/\/folhadosudeste.com\/site\/wp-content\/uploads\/2021\/04\/Jo\u00e3o-VI-1.jpg 1280w, https:\/\/folhadosudeste.com\/site\/wp-content\/uploads\/2021\/04\/Jo\u00e3o-VI-1-300x225.jpg 300w, https:\/\/folhadosudeste.com\/site\/wp-content\/uploads\/2021\/04\/Jo\u00e3o-VI-1-768x576.jpg 768w, https:\/\/folhadosudeste.com\/site\/wp-content\/uploads\/2021\/04\/Jo\u00e3o-VI-1-1024x768.jpg 1024w\" sizes=\"auto, (max-width: 1280px) 100vw, 1280px\" \/><\/a><\/p>\n<p align=\"justify\">Fonte: PMM<\/p>\n","protected":false},"excerpt":{"rendered":"<p>A manuten\u00e7\u00e3o das pra\u00e7as, jardins e canteiros da cidade est\u00e1 acontecendo desde a semana anterior e termina nestes dias, segunda e ter\u00e7a-feira (12 e 13) no bairro Jo\u00e3o VI. As \u00e1reas p\u00fablicas ganharam poda de \u00e1rvores e arbustos e, depois, limpeza do logradouro, deixando os espa\u00e7os adequados para o tr\u00e2nsito de pessoas. Mesmo no per\u00edodo [&hellip;]<\/p>\n","protected":false},"author":6,"featured_media":0,"comment_status":"open","ping_status":"closed","sticky":false,"template":"","format":"standard","meta":{"_joinchat":[],"footnotes":""},"categories":[1],"tags":[],"class_list":["post-74199","post","type-post","status-publish","format-standard","hentry","category-sem-categoria"],"_links":{"self":[{"href":"https:\/\/folhadosudeste.com\/site\/index.php?rest_route=\/wp\/v2\/posts\/74199","targetHints":{"allow":["GET"]}}],"collection":[{"href":"https:\/\/folhadosudeste.com\/site\/index.php?rest_route=\/wp\/v2\/posts"}],"about":[{"href":"https:\/\/folhadosudeste.com\/site\/index.php?rest_route=\/wp\/v2\/types\/post"}],"author":[{"embeddable":true,"href":"https:\/\/folhadosudeste.com\/site\/index.php?rest_route=\/wp\/v2\/users\/6"}],"replies":[{"embeddable":true,"href":"https:\/\/folhadosudeste.com\/site\/index.php?rest_route=%2Fwp%2Fv2%2Fcomments&post=74199"}],"version-history":[{"count":1,"href":"https:\/\/folhadosudeste.com\/site\/index.php?rest_route=\/wp\/v2\/posts\/74199\/revisions"}],"predecessor-version":[{"id":74204,"href":"https:\/\/folhadosudeste.com\/site\/index.php?rest_route=\/wp\/v2\/posts\/74199\/revisions\/74204"}],"wp:attachment":[{"href":"https:\/\/folhadosudeste.com\/site\/index.php?rest_route=%2Fwp%2Fv2%2Fmedia&parent=74199"}],"wp:term":[{"taxonomy":"category","embeddable":true,"href":"https:\/\/folhadosudeste.com\/site\/index.php?rest_route=%2Fwp%2Fv2%2Fcategories&post=74199"},{"taxonomy":"post_tag","embeddable":true,"href":"https:\/\/folhadosudeste.com\/site\/index.php?rest_route=%2Fwp%2Fv2%2Ftags&post=74199"}],"curies":[{"name":"wp","href":"https:\/\/api.w.org\/{rel}","templated":true}]}}