{"id":74205,"date":"2021-04-13T02:23:35","date_gmt":"2021-04-13T02:23:35","guid":{"rendered":"http:\/\/folhadosudeste.com\/site\/?p=74205"},"modified":"2021-04-13T02:23:35","modified_gmt":"2021-04-13T02:23:35","slug":"boletim-epidemiologico-12-04-2021","status":"publish","type":"post","link":"https:\/\/folhadosudeste.com\/site\/?p=74205","title":{"rendered":"Boletim Epidemiol\u00f3gico &#8211; 12\/04\/2021"},"content":{"rendered":"<p><a href=\"http:\/\/folhadosudeste.com\/site\/wp-content\/uploads\/2021\/04\/21764066-dd2b-4d71-96ac-65627323f764.jpg\"><img loading=\"lazy\" decoding=\"async\" class=\"alignnone size-full wp-image-74206\" src=\"http:\/\/folhadosudeste.com\/site\/wp-content\/uploads\/2021\/04\/21764066-dd2b-4d71-96ac-65627323f764.jpg\" alt=\"\" width=\"1080\" height=\"1080\" srcset=\"https:\/\/folhadosudeste.com\/site\/wp-content\/uploads\/2021\/04\/21764066-dd2b-4d71-96ac-65627323f764.jpg 1080w, https:\/\/folhadosudeste.com\/site\/wp-content\/uploads\/2021\/04\/21764066-dd2b-4d71-96ac-65627323f764-150x150.jpg 150w, https:\/\/folhadosudeste.com\/site\/wp-content\/uploads\/2021\/04\/21764066-dd2b-4d71-96ac-65627323f764-300x300.jpg 300w, https:\/\/folhadosudeste.com\/site\/wp-content\/uploads\/2021\/04\/21764066-dd2b-4d71-96ac-65627323f764-768x768.jpg 768w, https:\/\/folhadosudeste.com\/site\/wp-content\/uploads\/2021\/04\/21764066-dd2b-4d71-96ac-65627323f764-1024x1024.jpg 1024w\" sizes=\"auto, (max-width: 1080px) 100vw, 1080px\" \/><\/a><\/p>\n<p>Mais tr\u00eas mortes ocorridas recentemente em Muria\u00e9 tiveram a covid-19 como causa confirmada. Os \u00f3bitos referem-se aos seguintes casos:<\/p>\n<p>Mulher | 82 anos | Doen\u00e7a cardiovascular cr\u00f4nica | \u00d3bito em 23\/03<br \/>\nHomem | 55 anos | Sem comorbidades | \u00d3bito em 08\/04<br \/>\nHomem | 58 anos | Sem comorbidades | \u00d3bito em 09\/04<\/p>\n<p>OBS: As mortes s\u00f3 s\u00e3o lan\u00e7ados no boletim ap\u00f3s a Secretaria Municipal de Sa\u00fade receber o laudo confirmando que o paciente testou positivo para covid-19. No caso do \u00f3bito ocorrido em 23 de mar\u00e7o, ainda estava em investiga\u00e7\u00e3o epidemiol\u00f3gica e por isso ainda n\u00e3o havia sido registrado nas estat\u00edsticas da covid.<\/p>\n<p><!--more--><\/p>\n<p>Novos casos &#8211; O boletim de hoje tamb\u00e9m trouxe o registro de 38 novos casos de covid em Muria\u00e9. O paciente mais jovem \u00e9 uma crian\u00e7a de apenas um ano, enquanto mais idoso tem 84 anos.<\/p>\n<p>O n\u00famero de casos por faixa et\u00e1ria ficou distribu\u00eddo assim:<\/p>\n<p>De 0 a 9 anos = 1<br \/>\nDe 10 a 19 anos = 2<br \/>\nDe 20 a 29 anos = 4<br \/>\nDe 30 a 39 anos = 4<br \/>\nDe 40 a 49 anos = 13<br \/>\nDe 50 a 59 anos = 7<br \/>\nDe 60 a 69 anos = 4<br \/>\nDe 70 a 79 anos = 2<br \/>\nDe 80 a 89 anos = 1<\/p>\n<p>Veja os n\u00fameros completos de hoje (12\/04\/2021):<\/p>\n<p>VACINA\u00c7\u00c3O<br \/>\nVacinados com uma dose: 14.780<br \/>\nVacinados com duas doses: 7.602<\/p>\n<p>PACIENTES<br \/>\nTotal de casos confirmados: 8.560 (em rela\u00e7\u00e3o ao boletim anterior: +38)<br \/>\nPacientes ativos: 216 (em rela\u00e7\u00e3o ao boletim anterior: -54)<br \/>\nPacientes curados: 8.157 (em rela\u00e7\u00e3o ao boletim anterior: +90)<br \/>\n\u00d3bitos: 187 (em rela\u00e7\u00e3o ao boletim anterior: +03)<br \/>\nInvestigados \/ Monitorados: 215<br \/>\nNegativos: 8.970<\/p>\n<p>Fonte: PMM<\/p>\n","protected":false},"excerpt":{"rendered":"<p>Mais tr\u00eas mortes ocorridas recentemente em Muria\u00e9 tiveram a covid-19 como causa confirmada. Os \u00f3bitos referem-se aos seguintes casos: Mulher | 82 anos | Doen\u00e7a cardiovascular cr\u00f4nica | \u00d3bito em 23\/03 Homem | 55 anos | Sem comorbidades | \u00d3bito em 08\/04 Homem | 58 anos | Sem comorbidades | \u00d3bito em 09\/04 OBS: As [&hellip;]<\/p>\n","protected":false},"author":6,"featured_media":0,"comment_status":"open","ping_status":"closed","sticky":false,"template":"","format":"standard","meta":{"_joinchat":[],"footnotes":""},"categories":[1],"tags":[],"class_list":["post-74205","post","type-post","status-publish","format-standard","hentry","category-sem-categoria"],"_links":{"self":[{"href":"https:\/\/folhadosudeste.com\/site\/index.php?rest_route=\/wp\/v2\/posts\/74205","targetHints":{"allow":["GET"]}}],"collection":[{"href":"https:\/\/folhadosudeste.com\/site\/index.php?rest_route=\/wp\/v2\/posts"}],"about":[{"href":"https:\/\/folhadosudeste.com\/site\/index.php?rest_route=\/wp\/v2\/types\/post"}],"author":[{"embeddable":true,"href":"https:\/\/folhadosudeste.com\/site\/index.php?rest_route=\/wp\/v2\/users\/6"}],"replies":[{"embeddable":true,"href":"https:\/\/folhadosudeste.com\/site\/index.php?rest_route=%2Fwp%2Fv2%2Fcomments&post=74205"}],"version-history":[{"count":1,"href":"https:\/\/folhadosudeste.com\/site\/index.php?rest_route=\/wp\/v2\/posts\/74205\/revisions"}],"predecessor-version":[{"id":74207,"href":"https:\/\/folhadosudeste.com\/site\/index.php?rest_route=\/wp\/v2\/posts\/74205\/revisions\/74207"}],"wp:attachment":[{"href":"https:\/\/folhadosudeste.com\/site\/index.php?rest_route=%2Fwp%2Fv2%2Fmedia&parent=74205"}],"wp:term":[{"taxonomy":"category","embeddable":true,"href":"https:\/\/folhadosudeste.com\/site\/index.php?rest_route=%2Fwp%2Fv2%2Fcategories&post=74205"},{"taxonomy":"post_tag","embeddable":true,"href":"https:\/\/folhadosudeste.com\/site\/index.php?rest_route=%2Fwp%2Fv2%2Ftags&post=74205"}],"curies":[{"name":"wp","href":"https:\/\/api.w.org\/{rel}","templated":true}]}}