{"id":74242,"date":"2021-04-16T12:56:08","date_gmt":"2021-04-16T12:56:08","guid":{"rendered":"http:\/\/folhadosudeste.com\/site\/?p=74242"},"modified":"2021-04-16T12:56:08","modified_gmt":"2021-04-16T12:56:08","slug":"com-avanco-para-onda-vermelha-camara-retoma-atendimento-ao-publico-a-partir-de-segunda-feira","status":"publish","type":"post","link":"https:\/\/folhadosudeste.com\/site\/?p=74242","title":{"rendered":"Com avan\u00e7o para Onda Vermelha, C\u00e2mara retoma atendimento ao p\u00fablico a partir de segunda-feira"},"content":{"rendered":"<p><a href=\"http:\/\/folhadosudeste.com\/site\/wp-content\/uploads\/2021\/04\/9d06cb08-afae-4c18-8ef4-eb3be1a6d882.jpg\"><img loading=\"lazy\" decoding=\"async\" class=\"alignnone size-full wp-image-74243\" src=\"http:\/\/folhadosudeste.com\/site\/wp-content\/uploads\/2021\/04\/9d06cb08-afae-4c18-8ef4-eb3be1a6d882.jpg\" alt=\"\" width=\"1000\" height=\"673\" srcset=\"https:\/\/folhadosudeste.com\/site\/wp-content\/uploads\/2021\/04\/9d06cb08-afae-4c18-8ef4-eb3be1a6d882.jpg 1000w, https:\/\/folhadosudeste.com\/site\/wp-content\/uploads\/2021\/04\/9d06cb08-afae-4c18-8ef4-eb3be1a6d882-300x202.jpg 300w, https:\/\/folhadosudeste.com\/site\/wp-content\/uploads\/2021\/04\/9d06cb08-afae-4c18-8ef4-eb3be1a6d882-768x517.jpg 768w, https:\/\/folhadosudeste.com\/site\/wp-content\/uploads\/2021\/04\/9d06cb08-afae-4c18-8ef4-eb3be1a6d882-120x80.jpg 120w\" sizes=\"auto, (max-width: 1000px) 100vw, 1000px\" \/><\/a><\/p>\n<p style=\"text-align: left;\">Sess\u00f5es voltam a ser realizadas de forma presencial no plen\u00e1rio, por\u00e9m restritas a vereadores, imprensa e equipe da Casa Legislativa<br \/>\n&nbsp;<br \/>\nO atendimento ao p\u00fablico ser\u00e1 retomado na C\u00e2mara de Muria\u00e9 a partir da pr\u00f3xima segunda-feira, 19, ap\u00f3s o Governo do Estado determinar que a microrregi\u00e3o avance para a Onda Vermelha. A medida consta na Portaria 72\/2021, assinada pelo presidente da Casa, Afonso da Sa\u00fade (PTB).<br \/>\n&nbsp;<br \/>\nCom isso, as sess\u00f5es ordin\u00e1rias e extraordin\u00e1rias voltam a acontecer de forma&nbsp; presencial no plen\u00e1rio, por\u00e9m continuam restritas apenas a vereadores, imprensa e equipe da Casa Legislativa, a fim de evitar aglomera\u00e7\u00f5es. Para que a popula\u00e7\u00e3o possa acompanhar os trabalhos dos parlamentares, as sess\u00f5es s\u00e3o transmitidas ao vivo atrav\u00e9s do Facebook da C\u00e2mara.<\/p>\n<p style=\"text-align: left;\"><!--more--><br \/>\n&nbsp;<br \/>\nAinda permanecem suspensas outras atividades que envolvam a participa\u00e7\u00e3o do p\u00fablico externo, como eventos institucionais, incluindo semin\u00e1rios, f\u00f3runs t\u00e9cnicos, ciclos de debates, debates p\u00fablicos; homenagens, programas de visita\u00e7\u00e3o \u00e0 C\u00e2mara e cess\u00e3o de espa\u00e7os para conven\u00e7\u00f5es partid\u00e1rias e outros encontros.<br \/>\n&nbsp;<br \/>\nMesmo com uma fase mais flex\u00edvel, para entrar e permanecer no espa\u00e7o, \u00e9 necess\u00e1rio o uso de m\u00e1scara e higienizar as m\u00e3os com \u00e1lcool 70\u00b0.<br \/>\n&nbsp;<br \/>\nSess\u00e3o antecipada &#8211;&nbsp;Devido ao feriado nacional do Dia de Tiradentes (21 de abril, quarta-feira), a sess\u00e3o da pr\u00f3xima ter\u00e7a-feira, 20, ser\u00e1 antecipada para a pr\u00f3xima segunda-feira, 19.<br \/>\n&nbsp;<br \/>\nA sess\u00e3o desta semana, a qual teve de ser adiada por conta de instabilidade na plataforma digital, foi redesignada tamb\u00e9m para o dia 19, \u00e0s 18h.<\/p>\n<p><a href=\"http:\/\/folhadosudeste.com\/site\/wp-content\/uploads\/2021\/04\/e637f9dc-1c94-42a8-a7b9-dc0c4e4e42f4-1.jpg\"><img loading=\"lazy\" decoding=\"async\" class=\"alignnone size-full wp-image-74244\" src=\"http:\/\/folhadosudeste.com\/site\/wp-content\/uploads\/2021\/04\/e637f9dc-1c94-42a8-a7b9-dc0c4e4e42f4-1.jpg\" alt=\"\" width=\"1500\" height=\"902\" srcset=\"https:\/\/folhadosudeste.com\/site\/wp-content\/uploads\/2021\/04\/e637f9dc-1c94-42a8-a7b9-dc0c4e4e42f4-1.jpg 1500w, https:\/\/folhadosudeste.com\/site\/wp-content\/uploads\/2021\/04\/e637f9dc-1c94-42a8-a7b9-dc0c4e4e42f4-1-300x180.jpg 300w, https:\/\/folhadosudeste.com\/site\/wp-content\/uploads\/2021\/04\/e637f9dc-1c94-42a8-a7b9-dc0c4e4e42f4-1-768x462.jpg 768w, https:\/\/folhadosudeste.com\/site\/wp-content\/uploads\/2021\/04\/e637f9dc-1c94-42a8-a7b9-dc0c4e4e42f4-1-1024x616.jpg 1024w\" sizes=\"auto, (max-width: 1500px) 100vw, 1500px\" \/><\/a><\/p>\n","protected":false},"excerpt":{"rendered":"<p>Sess\u00f5es voltam a ser realizadas de forma presencial no plen\u00e1rio, por\u00e9m restritas a vereadores, imprensa e equipe da Casa Legislativa &nbsp; O atendimento ao p\u00fablico ser\u00e1 retomado na C\u00e2mara de Muria\u00e9 a partir da pr\u00f3xima segunda-feira, 19, ap\u00f3s o Governo do Estado determinar que a microrregi\u00e3o avance para a Onda Vermelha. A medida consta na [&hellip;]<\/p>\n","protected":false},"author":6,"featured_media":0,"comment_status":"open","ping_status":"closed","sticky":false,"template":"","format":"standard","meta":{"_joinchat":[],"footnotes":""},"categories":[1],"tags":[],"class_list":["post-74242","post","type-post","status-publish","format-standard","hentry","category-sem-categoria"],"_links":{"self":[{"href":"https:\/\/folhadosudeste.com\/site\/index.php?rest_route=\/wp\/v2\/posts\/74242","targetHints":{"allow":["GET"]}}],"collection":[{"href":"https:\/\/folhadosudeste.com\/site\/index.php?rest_route=\/wp\/v2\/posts"}],"about":[{"href":"https:\/\/folhadosudeste.com\/site\/index.php?rest_route=\/wp\/v2\/types\/post"}],"author":[{"embeddable":true,"href":"https:\/\/folhadosudeste.com\/site\/index.php?rest_route=\/wp\/v2\/users\/6"}],"replies":[{"embeddable":true,"href":"https:\/\/folhadosudeste.com\/site\/index.php?rest_route=%2Fwp%2Fv2%2Fcomments&post=74242"}],"version-history":[{"count":1,"href":"https:\/\/folhadosudeste.com\/site\/index.php?rest_route=\/wp\/v2\/posts\/74242\/revisions"}],"predecessor-version":[{"id":74245,"href":"https:\/\/folhadosudeste.com\/site\/index.php?rest_route=\/wp\/v2\/posts\/74242\/revisions\/74245"}],"wp:attachment":[{"href":"https:\/\/folhadosudeste.com\/site\/index.php?rest_route=%2Fwp%2Fv2%2Fmedia&parent=74242"}],"wp:term":[{"taxonomy":"category","embeddable":true,"href":"https:\/\/folhadosudeste.com\/site\/index.php?rest_route=%2Fwp%2Fv2%2Fcategories&post=74242"},{"taxonomy":"post_tag","embeddable":true,"href":"https:\/\/folhadosudeste.com\/site\/index.php?rest_route=%2Fwp%2Fv2%2Ftags&post=74242"}],"curies":[{"name":"wp","href":"https:\/\/api.w.org\/{rel}","templated":true}]}}