{"id":74249,"date":"2021-04-17T03:01:21","date_gmt":"2021-04-17T03:01:21","guid":{"rendered":"http:\/\/folhadosudeste.com\/site\/?p=74249"},"modified":"2021-04-17T03:01:21","modified_gmt":"2021-04-17T03:01:21","slug":"regras-da-onda-vermelha-resumo-da-resolucao-39-2021-permite-a-reabertura-do-comercio-a-partir-deste-sabado","status":"publish","type":"post","link":"https:\/\/folhadosudeste.com\/site\/?p=74249","title":{"rendered":"Regras da Onda Vermelha \u2013 Resumo da resolu\u00e7\u00e3o 39\/2021 permite a reabertura do com\u00e9rcio a partir deste s\u00e1bado"},"content":{"rendered":"<p><a href=\"http:\/\/folhadosudeste.com\/site\/wp-content\/uploads\/2021\/04\/centro-administrativo.jpg\"><img loading=\"lazy\" decoding=\"async\" class=\"alignnone size-full wp-image-74250\" src=\"http:\/\/folhadosudeste.com\/site\/wp-content\/uploads\/2021\/04\/centro-administrativo.jpg\" alt=\"\" width=\"984\" height=\"656\" srcset=\"https:\/\/folhadosudeste.com\/site\/wp-content\/uploads\/2021\/04\/centro-administrativo.jpg 984w, https:\/\/folhadosudeste.com\/site\/wp-content\/uploads\/2021\/04\/centro-administrativo-300x200.jpg 300w, https:\/\/folhadosudeste.com\/site\/wp-content\/uploads\/2021\/04\/centro-administrativo-768x512.jpg 768w, https:\/\/folhadosudeste.com\/site\/wp-content\/uploads\/2021\/04\/centro-administrativo-120x80.jpg 120w, https:\/\/folhadosudeste.com\/site\/wp-content\/uploads\/2021\/04\/centro-administrativo-345x230.jpg 345w\" sizes=\"auto, (max-width: 984px) 100vw, 984px\" \/><\/a><\/p>\n<p>O Governo de Minas reclassificou a macrorregi\u00e3o de Muria\u00e9 para a Onda Vermelha do Minas Consciente e, a partir deste s\u00e1bado (17), as atividades n\u00e3o essenciais podem voltar a funcionar em todo o munic\u00edpio.<\/p>\n<p><!--more--><\/p>\n<p>A&nbsp;<a href=\"http:\/\/muriae.mg.gov.br\/resolucao\" target=\"_blank\" rel=\"noopener\">resolu\u00e7\u00e3o 39\/2021 do Comit\u00ea Municipal de Enfrentamento \u00e0 Covid-19 j\u00e1 est\u00e1 publicada<\/a>. Veja abaixo o resumo das regras para cada setor:<\/p>\n<p><strong>REGRAS V\u00c1LIDAS PARA TODOS OS TIPOS DE ATIVIDADES<\/strong><br \/>\n\u2013 Uso obrigat\u00f3rio de m\u00e1scara por todos<br \/>\n\u2013 Disponibiliza\u00e7\u00e3o de \u00e1lcool 70<br \/>\n\u2013 Higieniza\u00e7\u00e3o frequente de superf\u00edcies e objetos de uso coletivo<\/p>\n<p><strong>SERVI\u00c7OS ESSENCIAIS E COM\u00c9RCIO<\/strong><br \/>\n\u2013 Atendimento presencial autorizado<br \/>\n\u2013 Limite de uma pessoa para cada 10m\u00b2 de \u00e1rea livre<br \/>\n\u2013 Distanciamento de 3m entre pessoas em filas<br \/>\n\u2013 Controle de entrada e sa\u00edda de clientes<br \/>\n\u2013 Aferi\u00e7\u00e3o de temperatura na entrada dos estabelecimentos<\/p>\n<p><strong>BARES, RESTAURANTES, LANCHONETES, SORVETERIAS, ETC<\/strong><br \/>\n\u2013 Atendimento presencial autorizado at\u00e9 23h<br \/>\n\u2013 Limite de uma pessoa para cada 10m\u00b2 de \u00e1rea livre<br \/>\n\u2013 Mesas com dist\u00e2ncia m\u00ednima de tr\u00eas metros entre cada<br \/>\n\u2013 Proibido self-service<br \/>\n\u2013 Proibido m\u00fasica ao vivo<br \/>\n\u2013 A\u00e7\u00facar, sal, molhos, temperos e palitos devem ser fornecidos aos clientes somente em sach\u00eas descart\u00e1veis<br \/>\n\u2013 Aferi\u00e7\u00e3o de temperatura na entrada dos estabelecimentos<\/p>\n<p><strong>ACADEMIAS, CLUBES E ATIVIDADES DE ESPORTE E LAZER<\/strong><br \/>\n\u2013 Atendimento presencial autorizado com hor\u00e1rios agendados<br \/>\n\u2013 Limite de uma pessoa para cada 10m\u00b2 de \u00e1rea livre<br \/>\n\u2013 Fechamento do estabelecimento para limpeza a cada duas horas de funcionamento<br \/>\n\u2013 Distanciamento m\u00ednimo de tr\u00eas metros entre pontos de exerc\u00edcios aer\u00f3bicos<br \/>\n\u2013 Recomend\u00e1vel a instala\u00e7\u00e3o de barreira acr\u00edlica entre cada equipamento de atividade f\u00edsica<br \/>\n\u2013 Higieniza\u00e7\u00e3o dos equipamentos ap\u00f3s cada utiliza\u00e7\u00e3o<br \/>\n\u2013 Desativa\u00e7\u00e3o de cancelas ou catracas nas quais seja necess\u00e1rio o uso das m\u00e3os para permiss\u00e3o de entrada<br \/>\n\u2013 Disponibiliza\u00e7\u00e3o de \u00e1lcool 70 em pontos variados do estabelecimento<br \/>\n\u2013 Aferi\u00e7\u00e3o de temperatura na entrada dos estabelecimentos<\/p>\n<p><strong>CL\u00cdNICAS DE EST\u00c9TICA, SAL\u00d5ES DE BELEZA E BARBEARIAS<\/strong><br \/>\n\u2013 Atendimento permitido com hor\u00e1rio agendado e intervalo de 30 minutos entre cada cliente<br \/>\n\u2013 Higieniza\u00e7\u00e3o e desinfec\u00e7\u00e3o dos equipamentos ap\u00f3s cada utiliza\u00e7\u00e3o<br \/>\n\u2013 Distanciamento m\u00ednimo de tr\u00eas metros entre cada esta\u00e7\u00e3o de trabalho<br \/>\n\u2013 Limite de uma pessoa para cada 10m\u00b2 de \u00e1rea livre<br \/>\n\u2013 Proibido perman\u00eancia de clientes em sala de espera<br \/>\n\u2013 Atendimento especial para pessoas inclu\u00eddas nos grupos de risco<br \/>\n\u2013 Utiliza\u00e7\u00e3o de materiais descart\u00e1veis em servi\u00e7os de depila\u00e7\u00e3o<br \/>\n\u2013 Utiliza\u00e7\u00e3o de len\u00e7\u00f3is descart\u00e1veis em macas<br \/>\n\u2013 Desinfec\u00e7\u00e3o das macas ap\u00f3s cada atendimento<br \/>\n\u2013 Solicitar que clientes levem seus pr\u00f3prios materiais (toalhas e instrumentos de manicure)<br \/>\n\u2013 Aferi\u00e7\u00e3o de temperatura na entrada dos estabelecimentos<\/p>\n<p><strong>FEIRA LIVRE<\/strong><br \/>\n\u2013 Funcionamento autorizado aos domingos, entre 6h e 12h<br \/>\n\u2013 Realiza\u00e7\u00e3o de feira livre somente na Avenida Alfredo Pedro Carneiro<br \/>\n\u2013 Espa\u00e7amento m\u00ednimo de oito metros entre cada barraca<br \/>\n\u2013 Proibido vender alimentos e bebidas para consumo no local da feira<\/p>\n<p><strong>ATIVIDADES DE ENSINO<\/strong><br \/>\n\u2013 Atividades autorizadas nos moldes do protocolo sanit\u00e1rio de retorno \u00e0s atividades escolares presenciais, dispon\u00edvel em mg.gov.br\/minasconsciente\/empresarios<br \/>\n\u2013 Cumprimento obrigat\u00f3rio das diretrizes contidas na resolu\u00e7\u00e3o 33\/2021 do Comit\u00ea Municipal<\/p>\n<p><strong>AUTOESCOLAS<\/strong><br \/>\n\u2013 Funcionamento autorizado<br \/>\n\u2013 Ve\u00edculos obrigatoriamente com vidros abertos durante as aulas de dire\u00e7\u00e3o<br \/>\n\u2013 Uso obrigat\u00f3rio de m\u00e1scara por alunos e instrutores<br \/>\n\u2013 Disponibiliza\u00e7\u00e3o de \u00e1lcool 70 nos ve\u00edculos<br \/>\n\u2013 Higieniza\u00e7\u00e3o de volantes, marchas, retrovisores e ma\u00e7anetas ap\u00f3s cada aula<br \/>\n\u2013 Proibido disponibilizar capacetes de uso compartilhado<br \/>\n\u2013 Aulas te\u00f3ricas devem seguir regras do protocolo sanit\u00e1rio de retorno \u00e0s atividades escolares presenciais, dispon\u00edvel em mg.gov.br\/minasconsciente\/empresarios, e diretrizes contidas na resolu\u00e7\u00e3o 33\/2021 do Comit\u00ea Municipal<\/p>\n<p><strong>HOTELARIA<\/strong><br \/>\n\u2013 Capacidade de atendimento reduzida em 50%<br \/>\n\u2013 Entrega de encomendas e alimentos somente na recep\u00e7\u00e3o<br \/>\n\u2013 Refei\u00e7\u00f5es para h\u00f3spedes preferencialmente atrav\u00e9s de servi\u00e7o de quarto<\/p>\n<p><strong>IGREJAS E TEMPLOS<\/strong><br \/>\n\u2013 Funcionamento permitido com limite de 30% em rela\u00e7\u00e3o \u00e0 capacidade total<br \/>\n\u2013 Distanciamento m\u00ednimo de tr\u00eas metros entre cada pessoa<br \/>\n\u2013 Uso de m\u00e1scara obrigat\u00f3rio durante cultos e missas<\/p>\n<p><strong>ESCRIT\u00d3RIOS, PROFISSIONAIS LIBERAIS E AUT\u00d4NOMOS<\/strong><br \/>\n\u2013 Atendimento com hor\u00e1rio agendado<br \/>\n\u2013 Intervalo m\u00ednimo de 10 minutos entre cada atendimento<br \/>\n\u2013 Higieniza\u00e7\u00e3o de superf\u00edcies e objetos de uso compartilhado<\/p>\n<p><strong>PRA\u00c7AS P\u00daBLICAS, LAGOA DA G\u00c1VEA E \u00c1REAS DE ESPORTE E LAZER<\/strong><br \/>\n\u2013 Utiliza\u00e7\u00e3o permitida entre 6h e 19h<\/p>\n<p><strong>EVENTOS E REUNI\u00d5ES<\/strong><br \/>\n\u2013 Limite m\u00e1ximo de 30 participantes<br \/>\n\u2013 Em ambientes fechados, apenas uma pessoa a cada 10 metros quadrados<br \/>\n\u2013 Em abientes abertos, uma pessoa a cada quatro metros quadrados<\/p>\n<p><strong>CIRURGIAS ELETIVAS<\/strong><br \/>\n\u2013 Permanecem suspensas em todas as institui\u00e7\u00f5es de sa\u00fade no munic\u00edpio de Muria\u00e9<\/p>\n<p><strong>ESTACIONAMENTO ROTATIVO<\/strong><br \/>\n\u2013 Funcionamento autorizado de segunda a sexta-feira, entre 8h e 18h, e aos s\u00e1bados, entre 8h e 13h<\/p>\n<p>&nbsp;<\/p>\n<p>Fonte: Prefeitura de Muria\u00e9\/ Foto: G1&nbsp;<\/p>\n<p>&nbsp;<\/p>\n","protected":false},"excerpt":{"rendered":"<p>O Governo de Minas reclassificou a macrorregi\u00e3o de Muria\u00e9 para a Onda Vermelha do Minas Consciente e, a partir deste s\u00e1bado (17), as atividades n\u00e3o essenciais podem voltar a funcionar em todo o munic\u00edpio.<\/p>\n","protected":false},"author":6,"featured_media":0,"comment_status":"open","ping_status":"closed","sticky":false,"template":"","format":"standard","meta":{"_joinchat":[],"footnotes":""},"categories":[1],"tags":[],"class_list":["post-74249","post","type-post","status-publish","format-standard","hentry","category-sem-categoria"],"_links":{"self":[{"href":"https:\/\/folhadosudeste.com\/site\/index.php?rest_route=\/wp\/v2\/posts\/74249","targetHints":{"allow":["GET"]}}],"collection":[{"href":"https:\/\/folhadosudeste.com\/site\/index.php?rest_route=\/wp\/v2\/posts"}],"about":[{"href":"https:\/\/folhadosudeste.com\/site\/index.php?rest_route=\/wp\/v2\/types\/post"}],"author":[{"embeddable":true,"href":"https:\/\/folhadosudeste.com\/site\/index.php?rest_route=\/wp\/v2\/users\/6"}],"replies":[{"embeddable":true,"href":"https:\/\/folhadosudeste.com\/site\/index.php?rest_route=%2Fwp%2Fv2%2Fcomments&post=74249"}],"version-history":[{"count":1,"href":"https:\/\/folhadosudeste.com\/site\/index.php?rest_route=\/wp\/v2\/posts\/74249\/revisions"}],"predecessor-version":[{"id":74252,"href":"https:\/\/folhadosudeste.com\/site\/index.php?rest_route=\/wp\/v2\/posts\/74249\/revisions\/74252"}],"wp:attachment":[{"href":"https:\/\/folhadosudeste.com\/site\/index.php?rest_route=%2Fwp%2Fv2%2Fmedia&parent=74249"}],"wp:term":[{"taxonomy":"category","embeddable":true,"href":"https:\/\/folhadosudeste.com\/site\/index.php?rest_route=%2Fwp%2Fv2%2Fcategories&post=74249"},{"taxonomy":"post_tag","embeddable":true,"href":"https:\/\/folhadosudeste.com\/site\/index.php?rest_route=%2Fwp%2Fv2%2Ftags&post=74249"}],"curies":[{"name":"wp","href":"https:\/\/api.w.org\/{rel}","templated":true}]}}