{"id":74253,"date":"2021-04-17T03:06:13","date_gmt":"2021-04-17T03:06:13","guid":{"rendered":"http:\/\/folhadosudeste.com\/site\/?p=74253"},"modified":"2021-04-17T03:06:13","modified_gmt":"2021-04-17T03:06:13","slug":"familia-hospital-sao-paulo-faz-homenagem-ao-vice-provedor-messias-vardiero","status":"publish","type":"post","link":"https:\/\/folhadosudeste.com\/site\/?p=74253","title":{"rendered":"Fam\u00edlia Hospital S\u00e3o Paulo faz homenagem ao vice-provedor, Messias Vardiero"},"content":{"rendered":"<p><a href=\"http:\/\/folhadosudeste.com\/site\/wp-content\/uploads\/2021\/04\/DSC08393_620x465.jpg\"><img loading=\"lazy\" decoding=\"async\" class=\"alignnone size-full wp-image-74254\" src=\"http:\/\/folhadosudeste.com\/site\/wp-content\/uploads\/2021\/04\/DSC08393_620x465.jpg\" alt=\"\" width=\"620\" height=\"465\" srcset=\"https:\/\/folhadosudeste.com\/site\/wp-content\/uploads\/2021\/04\/DSC08393_620x465.jpg 620w, https:\/\/folhadosudeste.com\/site\/wp-content\/uploads\/2021\/04\/DSC08393_620x465-300x225.jpg 300w\" sizes=\"auto, (max-width: 620px) 100vw, 620px\" \/><\/a><\/p>\n<p style=\"text-align: left;\"><strong>HOMENAGEM PELO SEU ANIVERS\u00c1RIO E PELA SUA DEDICA\u00c7\u00c3O.<\/strong>&nbsp;\u201cBem, falar sobre Messias Soares Vardiero, \u00e9 falar de um homem brilhante, um homem que doou e doa sua vida \u00e0 Fam\u00edlia, \u00e0 Comunidade e ao Bem Maior. Messias Soares Vardiero, filho de \u00c2ngelo Vardiero e Maria Soares, nasceu em&nbsp;<strong>06\/04\/1936<\/strong>, na fazenda Reduto, hoje Vila Vardiero. \u00c9 casado com Ov\u00eania Soares Vardiero, uma mulher maravilhosa que sempre se dedicou a fam\u00edlia, dessa forma, constitu\u00edram uma fam\u00edlia linda.<\/p>\n<p><!--more--><\/p>\n<p style=\"text-align: left;\">A trajet\u00f3ria de Messias \u00e9 longa, ele atuou desde o setor Comercial, setor Educacional, Advocacia at\u00e9 a Filantropia. Foi Diretor e Professor do Gin\u00e1sio de Laranjal , de 1968 a 1972, onde recebeu recentemente uma homenagem dos alunos que estudaram com ele nessa \u00e9poca. Formou-se em Direito em 1976. Posteriormente, assumiu o cargo de Fiscal de Rendas do Estado de Minas Gerais, nomeado em 1968, trabalhando como fiscal, coordenador e chefe das administra\u00e7\u00f5es de Caratinga \u2013 MG, Manhua\u00e7u \u2013 MG, Muria\u00e9 \u2013 MG, at\u00e9 ser apostilado e aposentado em 1991.<\/p>\n<p style=\"text-align: left;\">Ap\u00f3s a aposentadoria, passou a exercer v\u00e1rios cargos volunt\u00e1rios, como Provedor da Casa de Caridade de Muria\u00e9 \u2013 Hospital S\u00e3o Paulo, presidente da APAE de Muria\u00e9. Tamb\u00e9m, como volunt\u00e1rio, dedicou seu tempo como membro do Conselho Municipal dos Direitos da Crian\u00e7a e do Adolescente de Muria\u00e9, membro municipal de Sa\u00fade, A\u00e7\u00e3o Social, Merenda Escolar, Guarda Mirim, Convida, Caps, Presidente do Conselho de Pais e Mestres da Escola Orlando de Lima Faria, Estadual.<\/p>\n<p style=\"text-align: left;\">Atuou tamb\u00e9m no Setor Esportivo, foi presidente de v\u00e1rios clubes, e foi um dos fundadores do majestoso Est\u00e1dio do Nacional Atl\u00e9tico Clube de Muria\u00e9, que serve de modelo para todo o estado de Minas, e at\u00e9 mesmo do Brasil.<\/p>\n<p style=\"text-align: left;\">Quando falamos em Filantropia, falamos em Amor a Comunidade, em termos pr\u00e1ticos, seria a doa\u00e7\u00e3o de corpo e alma em causas justas e, Messias, \u00e9 um grande exemplo de uma pessoa que escreveu sua hist\u00f3ria passando por v\u00e1rias Institui\u00e7\u00f5es com seu bel\u00edssimo trabalho.<\/p>\n<p style=\"text-align: left;\">N\u00f3s, da sua fam\u00edlia, ficamos extremamente gratos por termos um exemplo de for\u00e7a, amor e dedica\u00e7\u00e3o, tanto com nossa fam\u00edlia quanto ao pr\u00f3ximo. Hoje, seu Anivers\u00e1rio, e quem agradece somos n\u00f3s!<\/p>\n<p style=\"text-align: left;\">Parab\u00e9ns, Messias, pai, av\u00f4, professor, advogado, gestor, diretor, e se formos continuar a escrever por aqui, vir\u00e3o mais e mais atributos e qualidades dessa pessoa incr\u00edvel\u201d.<\/p>\n<p style=\"text-align: left;\"><em><strong>S\u00e3o os votos mais sinceros de, Sua fam\u00edlia<\/strong><\/em><\/p>\n","protected":false},"excerpt":{"rendered":"<p>HOMENAGEM PELO SEU ANIVERS\u00c1RIO E PELA SUA DEDICA\u00c7\u00c3O.&nbsp;\u201cBem, falar sobre Messias Soares Vardiero, \u00e9 falar de um homem brilhante, um homem que doou e doa sua vida \u00e0 Fam\u00edlia, \u00e0 Comunidade e ao Bem Maior. Messias Soares Vardiero, filho de \u00c2ngelo Vardiero e Maria Soares, nasceu em&nbsp;06\/04\/1936, na fazenda Reduto, hoje Vila Vardiero. \u00c9 casado [&hellip;]<\/p>\n","protected":false},"author":6,"featured_media":0,"comment_status":"open","ping_status":"closed","sticky":false,"template":"","format":"standard","meta":{"_joinchat":[],"footnotes":""},"categories":[1],"tags":[],"class_list":["post-74253","post","type-post","status-publish","format-standard","hentry","category-sem-categoria"],"_links":{"self":[{"href":"https:\/\/folhadosudeste.com\/site\/index.php?rest_route=\/wp\/v2\/posts\/74253","targetHints":{"allow":["GET"]}}],"collection":[{"href":"https:\/\/folhadosudeste.com\/site\/index.php?rest_route=\/wp\/v2\/posts"}],"about":[{"href":"https:\/\/folhadosudeste.com\/site\/index.php?rest_route=\/wp\/v2\/types\/post"}],"author":[{"embeddable":true,"href":"https:\/\/folhadosudeste.com\/site\/index.php?rest_route=\/wp\/v2\/users\/6"}],"replies":[{"embeddable":true,"href":"https:\/\/folhadosudeste.com\/site\/index.php?rest_route=%2Fwp%2Fv2%2Fcomments&post=74253"}],"version-history":[{"count":1,"href":"https:\/\/folhadosudeste.com\/site\/index.php?rest_route=\/wp\/v2\/posts\/74253\/revisions"}],"predecessor-version":[{"id":74255,"href":"https:\/\/folhadosudeste.com\/site\/index.php?rest_route=\/wp\/v2\/posts\/74253\/revisions\/74255"}],"wp:attachment":[{"href":"https:\/\/folhadosudeste.com\/site\/index.php?rest_route=%2Fwp%2Fv2%2Fmedia&parent=74253"}],"wp:term":[{"taxonomy":"category","embeddable":true,"href":"https:\/\/folhadosudeste.com\/site\/index.php?rest_route=%2Fwp%2Fv2%2Fcategories&post=74253"},{"taxonomy":"post_tag","embeddable":true,"href":"https:\/\/folhadosudeste.com\/site\/index.php?rest_route=%2Fwp%2Fv2%2Ftags&post=74253"}],"curies":[{"name":"wp","href":"https:\/\/api.w.org\/{rel}","templated":true}]}}