{"id":74265,"date":"2021-04-20T13:20:37","date_gmt":"2021-04-20T13:20:37","guid":{"rendered":"http:\/\/folhadosudeste.com\/site\/?p=74265"},"modified":"2021-04-20T13:20:37","modified_gmt":"2021-04-20T13:20:37","slug":"prefeitura-e-emater-realizam-1o-dia-de-campo-virtual-para-agricultores","status":"publish","type":"post","link":"https:\/\/folhadosudeste.com\/site\/?p=74265","title":{"rendered":"Prefeitura e Emater realizam \u20181\u00ba Dia de Campo\u2019 virtual para agricultores"},"content":{"rendered":"<p><a href=\"http:\/\/folhadosudeste.com\/site\/wp-content\/uploads\/2021\/04\/dia-d-e-trabalho.png\"><img loading=\"lazy\" decoding=\"async\" class=\"alignnone size-full wp-image-74266\" src=\"http:\/\/folhadosudeste.com\/site\/wp-content\/uploads\/2021\/04\/dia-d-e-trabalho.png\" alt=\"\" width=\"1080\" height=\"1350\" srcset=\"https:\/\/folhadosudeste.com\/site\/wp-content\/uploads\/2021\/04\/dia-d-e-trabalho.png 1080w, https:\/\/folhadosudeste.com\/site\/wp-content\/uploads\/2021\/04\/dia-d-e-trabalho-240x300.png 240w, https:\/\/folhadosudeste.com\/site\/wp-content\/uploads\/2021\/04\/dia-d-e-trabalho-768x960.png 768w, https:\/\/folhadosudeste.com\/site\/wp-content\/uploads\/2021\/04\/dia-d-e-trabalho-819x1024.png 819w\" sizes=\"auto, (max-width: 1080px) 100vw, 1080px\" \/><\/a><\/p>\n<p align=\"justify\">O primeiro \u2018Dia de Campo\u2019 virtual ser\u00e1 realizado pela Prefeitura e Emater no pr\u00f3ximo dia 28 de abril, no hor\u00e1rio de 15h \u00e1s 17h. O tema trabalhado ser\u00e1 \u2018Cafeicultura\u2019 com o objetivo de levar informa\u00e7\u00f5es agr\u00edcolas e manejo de caf\u00e9 para produtores rurais. As palestras ser\u00e3o apresentadas em forma de \u2018Lives\u2019, via Facebook da Prefeitura de Muria\u00e9.<\/p>\n<p align=\"justify\">O principal objetivo do \u2018Dia de Campo\u2019 \u00e9 levar aos agricultores as informa\u00e7\u00f5es que eles precisam para o dia a dia. \u201cNeste dia de campo sobre cafeicultura n\u00f3s vamos trazer algumas novas cultivares que est\u00e3o sendo muito produtivas e tamb\u00e9m s\u00e3o mais resistentes as doen\u00e7as de nossa regi\u00e3o. Falaremos sobre os cuidados com as colheitas e ofereceremos dicas na \u00e1rea de cafeicultura como t\u00e9cnicas que rendam ao agricultor dividendos e lhe traga uma forma mais adequada de cuidar da fam\u00edlia\u201d, informou o engenheiro agr\u00f4nomo da Emater, Rob\u00e9rio Torres.<\/p>\n<p align=\"justify\"><!--more--><\/p>\n<p align=\"justify\">A abertura ser\u00e1 realizada pelo diretor da empresa p\u00fablica estadual, Paulo Alexandre, e pelo secret\u00e1rio Interino de Agricultura e Meio Ambiente, Carlos Kneip.<\/p>\n<p align=\"justify\">A primeira palestra ser\u00e1 sobre as \u2018Novas Cultivares de Caf\u00e9\u2019, apresentada pelo pr\u00f3prio engenheiro, Rob\u00e9rio. A segunda ser\u00e1 \u2018Caf\u00e9 e suas Dicas\u2019, ministrada pela extensionista de Bem-Estar Social da Emater, \u00c1urea Oliveira. A terceira ser\u00e1 \u2018Colheita e P\u00f3s colheita de Caf\u00e9\u2019, com o t\u00e9cnico agropecu\u00e1rio, Adenilson Chaves.<\/p>\n<p align=\"justify\">No dia 19 de maio haver\u00e1 uma segunda edi\u00e7\u00e3o do evento. O assunto trabalhado ser\u00e1 \u2018Bovinocultura\u2019 ter\u00e1 como prop\u00f3sito levar conhecimentos aos criadores sobre rebanhos, alimentos, pastagens, entre outros. A apresenta\u00e7\u00e3o tamb\u00e9m ser\u00e1 realizada de forma remota (on-line), em tempo real, via Facebook. Agricultores e criadores de bovinos podem participar para absorver novos conceitos e tecnologias que envolvam a produ\u00e7\u00e3o leiteira.<\/p>\n<p align=\"justify\"><a href=\"http:\/\/folhadosudeste.com\/site\/wp-content\/uploads\/2021\/04\/Gr\u00e3os-de-caf\u00e9.jpg\"><img loading=\"lazy\" decoding=\"async\" class=\"alignnone size-full wp-image-74267\" src=\"http:\/\/folhadosudeste.com\/site\/wp-content\/uploads\/2021\/04\/Gr\u00e3os-de-caf\u00e9.jpg\" alt=\"\" width=\"960\" height=\"640\" srcset=\"https:\/\/folhadosudeste.com\/site\/wp-content\/uploads\/2021\/04\/Gr\u00e3os-de-caf\u00e9.jpg 960w, https:\/\/folhadosudeste.com\/site\/wp-content\/uploads\/2021\/04\/Gr\u00e3os-de-caf\u00e9-300x200.jpg 300w, https:\/\/folhadosudeste.com\/site\/wp-content\/uploads\/2021\/04\/Gr\u00e3os-de-caf\u00e9-768x512.jpg 768w, https:\/\/folhadosudeste.com\/site\/wp-content\/uploads\/2021\/04\/Gr\u00e3os-de-caf\u00e9-120x80.jpg 120w, https:\/\/folhadosudeste.com\/site\/wp-content\/uploads\/2021\/04\/Gr\u00e3os-de-caf\u00e9-345x230.jpg 345w\" sizes=\"auto, (max-width: 960px) 100vw, 960px\" \/><\/a><\/p>\n<p align=\"justify\"><a href=\"http:\/\/folhadosudeste.com\/site\/wp-content\/uploads\/2021\/04\/coffee-4575016_960_720.jpg\"><img loading=\"lazy\" decoding=\"async\" class=\"alignnone size-full wp-image-74268\" src=\"http:\/\/folhadosudeste.com\/site\/wp-content\/uploads\/2021\/04\/coffee-4575016_960_720.jpg\" alt=\"\" width=\"960\" height=\"640\" srcset=\"https:\/\/folhadosudeste.com\/site\/wp-content\/uploads\/2021\/04\/coffee-4575016_960_720.jpg 960w, https:\/\/folhadosudeste.com\/site\/wp-content\/uploads\/2021\/04\/coffee-4575016_960_720-300x200.jpg 300w, https:\/\/folhadosudeste.com\/site\/wp-content\/uploads\/2021\/04\/coffee-4575016_960_720-768x512.jpg 768w, https:\/\/folhadosudeste.com\/site\/wp-content\/uploads\/2021\/04\/coffee-4575016_960_720-120x80.jpg 120w, https:\/\/folhadosudeste.com\/site\/wp-content\/uploads\/2021\/04\/coffee-4575016_960_720-345x230.jpg 345w\" sizes=\"auto, (max-width: 960px) 100vw, 960px\" \/><\/a><\/p>\n","protected":false},"excerpt":{"rendered":"<p>O primeiro \u2018Dia de Campo\u2019 virtual ser\u00e1 realizado pela Prefeitura e Emater no pr\u00f3ximo dia 28 de abril, no hor\u00e1rio de 15h \u00e1s 17h. O tema trabalhado ser\u00e1 \u2018Cafeicultura\u2019 com o objetivo de levar informa\u00e7\u00f5es agr\u00edcolas e manejo de caf\u00e9 para produtores rurais. As palestras ser\u00e3o apresentadas em forma de \u2018Lives\u2019, via Facebook da Prefeitura [&hellip;]<\/p>\n","protected":false},"author":6,"featured_media":0,"comment_status":"open","ping_status":"closed","sticky":false,"template":"","format":"standard","meta":{"_joinchat":[],"footnotes":""},"categories":[1],"tags":[],"class_list":["post-74265","post","type-post","status-publish","format-standard","hentry","category-sem-categoria"],"_links":{"self":[{"href":"https:\/\/folhadosudeste.com\/site\/index.php?rest_route=\/wp\/v2\/posts\/74265","targetHints":{"allow":["GET"]}}],"collection":[{"href":"https:\/\/folhadosudeste.com\/site\/index.php?rest_route=\/wp\/v2\/posts"}],"about":[{"href":"https:\/\/folhadosudeste.com\/site\/index.php?rest_route=\/wp\/v2\/types\/post"}],"author":[{"embeddable":true,"href":"https:\/\/folhadosudeste.com\/site\/index.php?rest_route=\/wp\/v2\/users\/6"}],"replies":[{"embeddable":true,"href":"https:\/\/folhadosudeste.com\/site\/index.php?rest_route=%2Fwp%2Fv2%2Fcomments&post=74265"}],"version-history":[{"count":1,"href":"https:\/\/folhadosudeste.com\/site\/index.php?rest_route=\/wp\/v2\/posts\/74265\/revisions"}],"predecessor-version":[{"id":74269,"href":"https:\/\/folhadosudeste.com\/site\/index.php?rest_route=\/wp\/v2\/posts\/74265\/revisions\/74269"}],"wp:attachment":[{"href":"https:\/\/folhadosudeste.com\/site\/index.php?rest_route=%2Fwp%2Fv2%2Fmedia&parent=74265"}],"wp:term":[{"taxonomy":"category","embeddable":true,"href":"https:\/\/folhadosudeste.com\/site\/index.php?rest_route=%2Fwp%2Fv2%2Fcategories&post=74265"},{"taxonomy":"post_tag","embeddable":true,"href":"https:\/\/folhadosudeste.com\/site\/index.php?rest_route=%2Fwp%2Fv2%2Ftags&post=74265"}],"curies":[{"name":"wp","href":"https:\/\/api.w.org\/{rel}","templated":true}]}}