{"id":74284,"date":"2021-04-20T20:09:41","date_gmt":"2021-04-20T20:09:41","guid":{"rendered":"http:\/\/folhadosudeste.com\/site\/?p=74284"},"modified":"2021-04-20T20:09:41","modified_gmt":"2021-04-20T20:09:41","slug":"camara-autoriza-isencao-de-iptu-para-populacao-de-baixa-renda-e-pequenos-empreendimentos","status":"publish","type":"post","link":"https:\/\/folhadosudeste.com\/site\/?p=74284","title":{"rendered":"C\u00e2mara autoriza isen\u00e7\u00e3o de IPTU para popula\u00e7\u00e3o de baixa renda e pequenos empreendimentos"},"content":{"rendered":"<p><a href=\"http:\/\/folhadosudeste.com\/site\/wp-content\/uploads\/2021\/04\/02.jpg\"><img loading=\"lazy\" decoding=\"async\" class=\"alignnone size-full wp-image-74285\" src=\"http:\/\/folhadosudeste.com\/site\/wp-content\/uploads\/2021\/04\/02.jpg\" alt=\"\" width=\"1205\" height=\"610\" srcset=\"https:\/\/folhadosudeste.com\/site\/wp-content\/uploads\/2021\/04\/02.jpg 1205w, https:\/\/folhadosudeste.com\/site\/wp-content\/uploads\/2021\/04\/02-300x152.jpg 300w, https:\/\/folhadosudeste.com\/site\/wp-content\/uploads\/2021\/04\/02-768x389.jpg 768w, https:\/\/folhadosudeste.com\/site\/wp-content\/uploads\/2021\/04\/02-1024x518.jpg 1024w\" sizes=\"auto, (max-width: 1205px) 100vw, 1205px\" \/><\/a><\/p>\n<p style=\"font-weight: 400; text-align: justify;\"><em>Vereadores tamb\u00e9m aprovaram aproximadamente R$1 milh\u00e3o para Sa\u00fade, para&nbsp;<\/em><em>a\u00e7\u00f5es de combate \u00e0 covid e manuten\u00e7\u00e3o das atividades da Vigil\u00e2ncia Sanit\u00e1ria<\/em><\/p>\n<p style=\"font-weight: 400; text-align: justify;\">Projeto aprovado pela C\u00e2mara autoriza o munic\u00edpio a conceder isen\u00e7\u00e3o do Imposto Predial e Territorial Urbano (IPTU), no exerc\u00edcio de 2021, para a popula\u00e7\u00e3o de baixa renda e pequenos empreendimentos, cuja situa\u00e7\u00e3o socioecon\u00f4mica foi agravada pela pandemia da covid-19. De autoria da vereadora Miriam Facchini (PP), a mat\u00e9ria foi aprovada por unanimidade, com emenda proposta pelo presidente da Casa, Afonso da Sa\u00fade&nbsp;(PTB),&nbsp;que estendeu a possibilidade do desconto tamb\u00e9m para o ano de 2022.<\/p>\n<p style=\"font-weight: 400; text-align: justify;\">Outros projetos foram colocados em vota\u00e7\u00e3o na sess\u00e3o desta ter\u00e7a-feira, 19, como o que autoriza o chefe do Executivo a efetivar abertura de cr\u00e9dito adicional no valor de R$835.980,00 para a Secretaria Municipal de Sa\u00fade, destinados a a\u00e7\u00f5es de combate ao coronav\u00edrus e \u00e0 manuten\u00e7\u00e3o das atividades do Programa Controle e Vigil\u00e2ncia Sanit\u00e1ria. O PL foi aprovado por unanimidade.<\/p>\n<p style=\"font-weight: 400; text-align: justify;\">Os vereadores tamb\u00e9m aprovaram na sess\u00e3o desta semana o projeto que autoriza o chefe do Executivo a efetivar abertura de cr\u00e9dito adicional no valor de R$60 mil para a Secretaria Municipal de Obras P\u00fablicas, a serem investidos na constru\u00e7\u00e3o, amplia\u00e7\u00e3o e reforma de espa\u00e7os esportivos. De autoria do Executivo municipal, a mat\u00e9ria foi aprovada por unanimidade.<\/p>\n<p style=\"font-weight: 400; text-align: justify;\">A C\u00e2mara aprovou ainda projeto de autoria do Executivo municipal que altera e inclui dispositivos na Lei 2.183\/1997.&nbsp;<\/p>\n<p><!--more--><\/p>\n<p><a href=\"http:\/\/folhadosudeste.com\/site\/wp-content\/uploads\/2021\/04\/01.jpg\"><img loading=\"lazy\" decoding=\"async\" class=\"alignnone size-full wp-image-74286\" src=\"http:\/\/folhadosudeste.com\/site\/wp-content\/uploads\/2021\/04\/01.jpg\" alt=\"\" width=\"1052\" height=\"608\" srcset=\"https:\/\/folhadosudeste.com\/site\/wp-content\/uploads\/2021\/04\/01.jpg 1052w, https:\/\/folhadosudeste.com\/site\/wp-content\/uploads\/2021\/04\/01-300x173.jpg 300w, https:\/\/folhadosudeste.com\/site\/wp-content\/uploads\/2021\/04\/01-768x444.jpg 768w, https:\/\/folhadosudeste.com\/site\/wp-content\/uploads\/2021\/04\/01-1024x592.jpg 1024w\" sizes=\"auto, (max-width: 1052px) 100vw, 1052px\" \/><\/a> <a href=\"http:\/\/folhadosudeste.com\/site\/wp-content\/uploads\/2021\/04\/03.jpg\"><img loading=\"lazy\" decoding=\"async\" class=\"alignnone size-full wp-image-74287\" src=\"http:\/\/folhadosudeste.com\/site\/wp-content\/uploads\/2021\/04\/03.jpg\" alt=\"\" width=\"1500\" height=\"970\" srcset=\"https:\/\/folhadosudeste.com\/site\/wp-content\/uploads\/2021\/04\/03.jpg 1500w, https:\/\/folhadosudeste.com\/site\/wp-content\/uploads\/2021\/04\/03-300x194.jpg 300w, https:\/\/folhadosudeste.com\/site\/wp-content\/uploads\/2021\/04\/03-768x497.jpg 768w, https:\/\/folhadosudeste.com\/site\/wp-content\/uploads\/2021\/04\/03-1024x662.jpg 1024w\" sizes=\"auto, (max-width: 1500px) 100vw, 1500px\" \/><\/a><\/p>\n","protected":false},"excerpt":{"rendered":"<p>Vereadores tamb\u00e9m aprovaram aproximadamente R$1 milh\u00e3o para Sa\u00fade, para&nbsp;a\u00e7\u00f5es de combate \u00e0 covid e manuten\u00e7\u00e3o das atividades da Vigil\u00e2ncia Sanit\u00e1ria Projeto aprovado pela C\u00e2mara autoriza o munic\u00edpio a conceder isen\u00e7\u00e3o do Imposto Predial e Territorial Urbano (IPTU), no exerc\u00edcio de 2021, para a popula\u00e7\u00e3o de baixa renda e pequenos empreendimentos, cuja situa\u00e7\u00e3o socioecon\u00f4mica foi agravada [&hellip;]<\/p>\n","protected":false},"author":6,"featured_media":0,"comment_status":"open","ping_status":"closed","sticky":false,"template":"","format":"standard","meta":{"_joinchat":[],"footnotes":""},"categories":[1],"tags":[],"class_list":["post-74284","post","type-post","status-publish","format-standard","hentry","category-sem-categoria"],"_links":{"self":[{"href":"https:\/\/folhadosudeste.com\/site\/index.php?rest_route=\/wp\/v2\/posts\/74284","targetHints":{"allow":["GET"]}}],"collection":[{"href":"https:\/\/folhadosudeste.com\/site\/index.php?rest_route=\/wp\/v2\/posts"}],"about":[{"href":"https:\/\/folhadosudeste.com\/site\/index.php?rest_route=\/wp\/v2\/types\/post"}],"author":[{"embeddable":true,"href":"https:\/\/folhadosudeste.com\/site\/index.php?rest_route=\/wp\/v2\/users\/6"}],"replies":[{"embeddable":true,"href":"https:\/\/folhadosudeste.com\/site\/index.php?rest_route=%2Fwp%2Fv2%2Fcomments&post=74284"}],"version-history":[{"count":1,"href":"https:\/\/folhadosudeste.com\/site\/index.php?rest_route=\/wp\/v2\/posts\/74284\/revisions"}],"predecessor-version":[{"id":74288,"href":"https:\/\/folhadosudeste.com\/site\/index.php?rest_route=\/wp\/v2\/posts\/74284\/revisions\/74288"}],"wp:attachment":[{"href":"https:\/\/folhadosudeste.com\/site\/index.php?rest_route=%2Fwp%2Fv2%2Fmedia&parent=74284"}],"wp:term":[{"taxonomy":"category","embeddable":true,"href":"https:\/\/folhadosudeste.com\/site\/index.php?rest_route=%2Fwp%2Fv2%2Fcategories&post=74284"},{"taxonomy":"post_tag","embeddable":true,"href":"https:\/\/folhadosudeste.com\/site\/index.php?rest_route=%2Fwp%2Fv2%2Ftags&post=74284"}],"curies":[{"name":"wp","href":"https:\/\/api.w.org\/{rel}","templated":true}]}}