{"id":74294,"date":"2021-04-20T20:17:11","date_gmt":"2021-04-20T20:17:11","guid":{"rendered":"http:\/\/folhadosudeste.com\/site\/?p=74294"},"modified":"2021-04-20T20:17:11","modified_gmt":"2021-04-20T20:17:11","slug":"feriado-sera-de-vacinacao-contra-covid-em-muriae","status":"publish","type":"post","link":"https:\/\/folhadosudeste.com\/site\/?p=74294","title":{"rendered":"Feriado ser\u00e1 de vacina\u00e7\u00e3o contra covid em Muria\u00e9"},"content":{"rendered":"<div><a href=\"http:\/\/folhadosudeste.com\/site\/wp-content\/uploads\/2021\/04\/vacina.png\"><img loading=\"lazy\" decoding=\"async\" class=\"alignnone  wp-image-74295\" src=\"http:\/\/folhadosudeste.com\/site\/wp-content\/uploads\/2021\/04\/vacina.png\" alt=\"\" width=\"681\" height=\"860\" srcset=\"https:\/\/folhadosudeste.com\/site\/wp-content\/uploads\/2021\/04\/vacina.png 1622w, https:\/\/folhadosudeste.com\/site\/wp-content\/uploads\/2021\/04\/vacina-238x300.png 238w, https:\/\/folhadosudeste.com\/site\/wp-content\/uploads\/2021\/04\/vacina-768x970.png 768w, https:\/\/folhadosudeste.com\/site\/wp-content\/uploads\/2021\/04\/vacina-811x1024.png 811w\" sizes=\"auto, (max-width: 681px) 100vw, 681px\" \/><\/a><\/div>\n<div style=\"text-align: justify;\">A vacina\u00e7\u00e3o contra covid-19 em Muria\u00e9 seguir\u00e1 acontecendo mesmo no feriado de Tiradentes. Nesta quarta-feira, dia 21 de abril, ser\u00e1 a vez das pessoas de 62 anos receberem o imunizante contra o novo coronav\u00edrus.<\/div>\n<div style=\"text-align: justify;\">&nbsp;<\/div>\n<div style=\"text-align: justify;\">A vacina\u00e7\u00e3o ser\u00e1 na UBS do bairro S\u00e3o Francisco, das 8h at\u00e9 as 16h. N\u00e3o haver\u00e1 distribui\u00e7\u00e3o de senhas e, portanto, n\u00e3o \u00e9 necess\u00e1rio chegar de madrugada. Existem vacinas dispon\u00edveis para todos da faixa et\u00e1ria em quest\u00e3o.<\/div>\n","protected":false},"excerpt":{"rendered":"<p>A vacina\u00e7\u00e3o contra covid-19 em Muria\u00e9 seguir\u00e1 acontecendo mesmo no feriado de Tiradentes. Nesta quarta-feira, dia 21 de abril, ser\u00e1 a vez das pessoas de 62 anos receberem o imunizante contra o novo coronav\u00edrus. &nbsp; A vacina\u00e7\u00e3o ser\u00e1 na UBS do bairro S\u00e3o Francisco, das 8h at\u00e9 as 16h. N\u00e3o haver\u00e1 distribui\u00e7\u00e3o de senhas e, [&hellip;]<\/p>\n","protected":false},"author":6,"featured_media":0,"comment_status":"open","ping_status":"closed","sticky":false,"template":"","format":"standard","meta":{"_joinchat":[],"footnotes":""},"categories":[1],"tags":[],"class_list":["post-74294","post","type-post","status-publish","format-standard","hentry","category-sem-categoria"],"_links":{"self":[{"href":"https:\/\/folhadosudeste.com\/site\/index.php?rest_route=\/wp\/v2\/posts\/74294","targetHints":{"allow":["GET"]}}],"collection":[{"href":"https:\/\/folhadosudeste.com\/site\/index.php?rest_route=\/wp\/v2\/posts"}],"about":[{"href":"https:\/\/folhadosudeste.com\/site\/index.php?rest_route=\/wp\/v2\/types\/post"}],"author":[{"embeddable":true,"href":"https:\/\/folhadosudeste.com\/site\/index.php?rest_route=\/wp\/v2\/users\/6"}],"replies":[{"embeddable":true,"href":"https:\/\/folhadosudeste.com\/site\/index.php?rest_route=%2Fwp%2Fv2%2Fcomments&post=74294"}],"version-history":[{"count":1,"href":"https:\/\/folhadosudeste.com\/site\/index.php?rest_route=\/wp\/v2\/posts\/74294\/revisions"}],"predecessor-version":[{"id":74296,"href":"https:\/\/folhadosudeste.com\/site\/index.php?rest_route=\/wp\/v2\/posts\/74294\/revisions\/74296"}],"wp:attachment":[{"href":"https:\/\/folhadosudeste.com\/site\/index.php?rest_route=%2Fwp%2Fv2%2Fmedia&parent=74294"}],"wp:term":[{"taxonomy":"category","embeddable":true,"href":"https:\/\/folhadosudeste.com\/site\/index.php?rest_route=%2Fwp%2Fv2%2Fcategories&post=74294"},{"taxonomy":"post_tag","embeddable":true,"href":"https:\/\/folhadosudeste.com\/site\/index.php?rest_route=%2Fwp%2Fv2%2Ftags&post=74294"}],"curies":[{"name":"wp","href":"https:\/\/api.w.org\/{rel}","templated":true}]}}