{"id":74308,"date":"2021-04-21T00:40:40","date_gmt":"2021-04-21T00:40:40","guid":{"rendered":"http:\/\/folhadosudeste.com\/site\/?p=74308"},"modified":"2021-04-21T00:40:40","modified_gmt":"2021-04-21T00:40:40","slug":"programa-cesta-cheia-leva-alimento-para-distritos","status":"publish","type":"post","link":"https:\/\/folhadosudeste.com\/site\/?p=74308","title":{"rendered":"Programa Cesta Cheia leva alimento para distritos"},"content":{"rendered":"<p><a href=\"http:\/\/folhadosudeste.com\/site\/wp-content\/uploads\/2021\/04\/IMG_3471.jpg\"><img loading=\"lazy\" decoding=\"async\" class=\"alignnone size-full wp-image-74309\" src=\"http:\/\/folhadosudeste.com\/site\/wp-content\/uploads\/2021\/04\/IMG_3471.jpg\" alt=\"\" width=\"2048\" height=\"1536\" srcset=\"https:\/\/folhadosudeste.com\/site\/wp-content\/uploads\/2021\/04\/IMG_3471.jpg 2048w, https:\/\/folhadosudeste.com\/site\/wp-content\/uploads\/2021\/04\/IMG_3471-300x225.jpg 300w, https:\/\/folhadosudeste.com\/site\/wp-content\/uploads\/2021\/04\/IMG_3471-768x576.jpg 768w, https:\/\/folhadosudeste.com\/site\/wp-content\/uploads\/2021\/04\/IMG_3471-1024x768.jpg 1024w\" sizes=\"auto, (max-width: 2048px) 100vw, 2048px\" \/><\/a><\/p>\n<p style=\"text-align: left;\" align=\"justify\">O programa Cesta Cheia da Agricultura Familiar est\u00e1 chegando aos distritos de Bom Jesus, Itamur\u00ed, Pirapanema, Vermelho, Boa Fam\u00edlia e comunidade de Macuco. Hoje (20), a equipe da Secretaria de Agricultura e Meio Ambiente e assistentes sociais da Secretaria de Desenvolvimento Social estiveram em Bom Jesus. Quarenta e oito fam\u00edlias cadastradas receberam alimentos.<\/p>\n<p style=\"text-align: left;\" align=\"justify\">A Prefeitura de Muria\u00e9 reiniciou o programa Cesta Cheia no dia 6 de abril. Um total de 1.400 fam\u00edlias que residem em 32 localidades diferentes voltaram a receber o benef\u00edcio pelo valor simb\u00f3lico de R$ 5,00 (cinco reais). A finalidade do programa \u00e9 levar assist\u00eancia alimentar para aqueles que se encontram em situa\u00e7\u00e3o de vulnerabilidade social.<\/p>\n<p align=\"justify\"><!--more--><\/p>\n<p style=\"text-align: left;\" align=\"justify\">A cada 15 dias estas mesmas fam\u00edlias ser\u00e3o visitadas novamente. Todas as ter\u00e7as e quintas-feiras as equipes distribuem em bairros diferentes. Desta forma, a Prefeitura prepara uma cesta com oito quilos de legumes, duas verduras e um litro de leite. \u201cRecebemos estes alimentos com muita alegria. Este benef\u00edcio n\u00e3o pode acabar nunca. Nos ajuda muito a melhorar as nossas refei\u00e7\u00f5es e dar comida de qualidade para nossos filhos\u201d, agradeceu Vanderl\u00e9ia Mantuani, moradora do distrito.<\/p>\n<p style=\"text-align: left;\" align=\"justify\">As visitas \u00e0s resid\u00eancias reiniciar\u00e3o em breve para ampliar o n\u00famero de cadastrados. De acordo com informa\u00e7\u00f5es do prefeito Jos\u00e9 Braz, as assistentes sociais da SMDS reiniciar\u00e3o as visitas aos bairros de toda a cidade e distritos, visando ampliar o n\u00famero de beneficiados.<\/p>\n<p style=\"text-align: left;\" align=\"justify\">&nbsp;<\/p>\n<p style=\"text-align: left;\" align=\"justify\"><i><b>Veja a tabela de distribui\u00e7\u00e3o<\/b><\/i><\/p>\n<p style=\"text-align: left;\" align=\"justify\"><b>GRUPO 1<\/b>&nbsp;\u2013&nbsp;<b>Ter\u00e7a-feira &#8211;&nbsp;<\/b><b>d<\/b>atas: 20\/04, 04\/05, 18\/05, 01\/06, 15\/06, 29\/06, 13\/07, 27\/07.<\/p>\n<p style=\"text-align: left;\" align=\"justify\">Jo\u00e3o XXIII \u2013 \u00e0s 8h30 \u2013 Antigo Sop\u00e3o<\/p>\n<p style=\"text-align: left;\" align=\"justify\">S\u00e3o Pedro \u2013 \u00e0s 8h30 &#8211; Pracinha<\/p>\n<p style=\"text-align: left;\" align=\"justify\">Encoberta \u2013 \u00e0s 9h \u2013 em frente ao CAIC<\/p>\n<p style=\"text-align: left;\" align=\"justify\">Santo Ant\u00f4nio \u2013 \u00e0s 9h30 &#8211; entrada da Rua Professora Ivonilde<\/p>\n<p style=\"text-align: left;\" align=\"justify\">Napole\u00e3o \u2013 \u00e0s 9h30 &#8211; pr\u00f3ximo \u00e0 igreja de Testemunha de Jeov\u00e1<\/p>\n<p style=\"text-align: left;\" align=\"justify\">Uni\u00e3o \u2013 \u00e0s 9h30 \u2013 Final da Rua Narciso Dias Rabelo<\/p>\n<p style=\"text-align: left;\" align=\"justify\">Napole\u00e3o \u2013 10h \u2013 Perto da igreja Testemunho de Jeov\u00e1<\/p>\n<p style=\"text-align: left;\" align=\"justify\">Santa Terezinha \u2013 \u00e0s 13h &#8211; Campo do Oper\u00e1rio<\/p>\n<p style=\"text-align: left;\" align=\"justify\">Bom Jesus \u2013 \u00e0s 13h<\/p>\n<p style=\"text-align: left;\" align=\"justify\">&nbsp;<\/p>\n<p style=\"text-align: left;\" align=\"justify\"><b>GRUPO 2<\/b>&nbsp;\u2013&nbsp;<b>Quinta-feira &#8211;&nbsp;<\/b><b>d<\/b>atas: 22\/04, 06\/05, 20\/05, 17\/06, 01\/07, 15\/07<\/p>\n<p style=\"text-align: left;\" align=\"justify\">Dornelas e Jos\u00e9 Cirilo \u2013 \u00e0s 9h &#8211; lote vago na avenida principal do Jos\u00e9 Cirilo<\/p>\n<p style=\"text-align: left;\" align=\"justify\">Joan\u00f3polis \u2013 \u00e0s 10h &#8211; atr\u00e1s da creche<\/p>\n<p style=\"text-align: left;\" align=\"justify\">Macuco \u2013 \u00e0s 13h \u2013 pracinha<\/p>\n<p style=\"text-align: left;\" align=\"justify\">Barra (Prainha e Fardelas) \u2013 \u00e0s 13h &#8211; entrada da Prainha e parte alta da Rua Fardelas<\/p>\n<p style=\"text-align: left;\" align=\"justify\">S\u00e3o Joaquim \u2013 \u00e0s 10h30 &#8211; campo de terra<\/p>\n<p style=\"text-align: left;\" align=\"justify\">Planalto \u2013 \u00e0s 13h30 &#8211; na pra\u00e7inha do Planalto<\/p>\n<p style=\"text-align: left;\" align=\"justify\">&nbsp;<\/p>\n<p style=\"text-align: left;\" align=\"justify\"><b>GRUPO 3<\/b>&nbsp;&#8211;&nbsp;<b>Ter\u00e7a-feira &#8211;&nbsp;<\/b><b>d<\/b>atas: 27\/04, 11\/05, 25\/05, 08\/06, 22\/06, 06\/07 e 20\/07<\/p>\n<p style=\"text-align: left;\" align=\"justify\">Itamuri \u2013 \u00e0s 9h \u2013 em frente ao sal\u00e3o paroquial<\/p>\n<p style=\"text-align: left;\" align=\"justify\">Padre Tiago \u2013 \u00e0s 9h &#8211; em frente \u00e0 escola<\/p>\n<p style=\"text-align: left;\" align=\"justify\">Marambaia \u2013 \u00e0s 9h30 &#8211; em frente \u00e0 igreja<\/p>\n<p style=\"text-align: left;\" align=\"justify\">Inconfid\u00eancia \u2013 10h \u2013 Antigo PSF<\/p>\n<p style=\"text-align: left;\" align=\"justify\">Santana e Bom Pastor \u2013 \u00e0s 13h \u2013 pr\u00f3ximo \u00e0 escola e Unidade B\u00e1sica de Sa\u00fade<\/p>\n<p style=\"text-align: left;\" align=\"justify\">Cardoso de Melo \u2013 \u00e0s 13h10 \u2013 em frente a UBS<\/p>\n<p style=\"text-align: left;\" align=\"justify\">Nova Muria\u00e9 \u2013 \u00e0s 13h30 &#8211; entrada do condom\u00ednio<\/p>\n<p style=\"text-align: left;\" align=\"justify\">Pirapanema e Vermelho \u2013 14h \u00e0s 14h30 &#8211; em frente \u00e0 UBS e chafariz<\/p>\n<p style=\"text-align: left;\" align=\"justify\">&nbsp;<\/p>\n<p style=\"text-align: left;\" align=\"justify\"><b>GRUPO 4<\/b>&nbsp;\u2013&nbsp;<b>Quinta-feira &#8211;&nbsp;<\/b><b>d<\/b>atas: 29\/04, 13\/05, 27\/05, 10\/06, 24\/06, 08\/07 e 22\/07<\/p>\n<p style=\"text-align: left;\" align=\"justify\">S\u00e3o Crist\u00f3v\u00e3o \u2013 \u00e0s 9h &#8211; Rua It\u00e1lia (abaixo do campo de futebol)<\/p>\n<p style=\"text-align: left;\" align=\"justify\">Gaspar\/Santa Luzia &#8211; \u00e0s 9h \u2013 em frente a oficina do Luizinho<\/p>\n<p style=\"text-align: left;\" align=\"justify\">Dornelas II &#8211; \u00e0s 10h &#8211; galp\u00e3o do condom\u00ednio<\/p>\n<p style=\"text-align: left;\" align=\"justify\">Jo\u00e3o Braz \u2013 10h \u2013 Galp\u00e3o do condom\u00ednio<\/p>\n<p style=\"text-align: left;\" align=\"justify\">Patrim\u00f4nio S\u00e3o Jos\u00e9 &#8211; \u00e0s 13h &#8211; Rua Pref. Francisco Teodoro Filho<\/p>\n<p style=\"text-align: left;\" align=\"justify\">Boa Fam\u00edlia &#8211; \u00e0s 13h \u2013 em frente a Unidade B\u00e1sica de Sa\u00fade<\/p>\n<p style=\"text-align: left;\" align=\"justify\">Aeroporto \u2013 \u00e0s 13h30 &#8211; pr\u00f3ximo \u00e0 Unidade B\u00e1sica de Sa\u00fade\/em frente \u00e0 escola<\/p>\n<p align=\"justify\"><a href=\"http:\/\/folhadosudeste.com\/site\/wp-content\/uploads\/2021\/04\/Cesta-Cheia-Bom-Jesus-com-Fernando.jpg\"><img loading=\"lazy\" decoding=\"async\" class=\"alignnone size-full wp-image-74310\" src=\"http:\/\/folhadosudeste.com\/site\/wp-content\/uploads\/2021\/04\/Cesta-Cheia-Bom-Jesus-com-Fernando.jpg\" alt=\"\" width=\"2048\" height=\"1060\" srcset=\"https:\/\/folhadosudeste.com\/site\/wp-content\/uploads\/2021\/04\/Cesta-Cheia-Bom-Jesus-com-Fernando.jpg 2048w, https:\/\/folhadosudeste.com\/site\/wp-content\/uploads\/2021\/04\/Cesta-Cheia-Bom-Jesus-com-Fernando-300x155.jpg 300w, https:\/\/folhadosudeste.com\/site\/wp-content\/uploads\/2021\/04\/Cesta-Cheia-Bom-Jesus-com-Fernando-768x397.jpg 768w, https:\/\/folhadosudeste.com\/site\/wp-content\/uploads\/2021\/04\/Cesta-Cheia-Bom-Jesus-com-Fernando-1024x530.jpg 1024w\" sizes=\"auto, (max-width: 2048px) 100vw, 2048px\" \/><\/a><\/p>\n<p align=\"justify\"><a href=\"http:\/\/folhadosudeste.com\/site\/wp-content\/uploads\/2021\/04\/IMG_3457.jpg\"><img loading=\"lazy\" decoding=\"async\" class=\"alignnone size-full wp-image-74311\" src=\"http:\/\/folhadosudeste.com\/site\/wp-content\/uploads\/2021\/04\/IMG_3457.jpg\" alt=\"\" width=\"2048\" height=\"1536\" srcset=\"https:\/\/folhadosudeste.com\/site\/wp-content\/uploads\/2021\/04\/IMG_3457.jpg 2048w, https:\/\/folhadosudeste.com\/site\/wp-content\/uploads\/2021\/04\/IMG_3457-300x225.jpg 300w, https:\/\/folhadosudeste.com\/site\/wp-content\/uploads\/2021\/04\/IMG_3457-768x576.jpg 768w, https:\/\/folhadosudeste.com\/site\/wp-content\/uploads\/2021\/04\/IMG_3457-1024x768.jpg 1024w\" sizes=\"auto, (max-width: 2048px) 100vw, 2048px\" \/><\/a><\/p>\n<p align=\"justify\"><a href=\"http:\/\/folhadosudeste.com\/site\/wp-content\/uploads\/2021\/04\/IMG_3455.jpg\"><img loading=\"lazy\" decoding=\"async\" class=\"alignnone size-full wp-image-74312\" src=\"http:\/\/folhadosudeste.com\/site\/wp-content\/uploads\/2021\/04\/IMG_3455.jpg\" alt=\"\" width=\"2048\" height=\"1536\" srcset=\"https:\/\/folhadosudeste.com\/site\/wp-content\/uploads\/2021\/04\/IMG_3455.jpg 2048w, https:\/\/folhadosudeste.com\/site\/wp-content\/uploads\/2021\/04\/IMG_3455-300x225.jpg 300w, https:\/\/folhadosudeste.com\/site\/wp-content\/uploads\/2021\/04\/IMG_3455-768x576.jpg 768w, https:\/\/folhadosudeste.com\/site\/wp-content\/uploads\/2021\/04\/IMG_3455-1024x768.jpg 1024w\" sizes=\"auto, (max-width: 2048px) 100vw, 2048px\" \/><\/a><\/p>\n<p align=\"justify\">Fonte: PMM<\/p>\n","protected":false},"excerpt":{"rendered":"<p>O programa Cesta Cheia da Agricultura Familiar est\u00e1 chegando aos distritos de Bom Jesus, Itamur\u00ed, Pirapanema, Vermelho, Boa Fam\u00edlia e comunidade de Macuco. Hoje (20), a equipe da Secretaria de Agricultura e Meio Ambiente e assistentes sociais da Secretaria de Desenvolvimento Social estiveram em Bom Jesus. Quarenta e oito fam\u00edlias cadastradas receberam alimentos. A Prefeitura [&hellip;]<\/p>\n","protected":false},"author":6,"featured_media":0,"comment_status":"open","ping_status":"closed","sticky":false,"template":"","format":"standard","meta":{"_joinchat":[],"footnotes":""},"categories":[1],"tags":[],"class_list":["post-74308","post","type-post","status-publish","format-standard","hentry","category-sem-categoria"],"_links":{"self":[{"href":"https:\/\/folhadosudeste.com\/site\/index.php?rest_route=\/wp\/v2\/posts\/74308","targetHints":{"allow":["GET"]}}],"collection":[{"href":"https:\/\/folhadosudeste.com\/site\/index.php?rest_route=\/wp\/v2\/posts"}],"about":[{"href":"https:\/\/folhadosudeste.com\/site\/index.php?rest_route=\/wp\/v2\/types\/post"}],"author":[{"embeddable":true,"href":"https:\/\/folhadosudeste.com\/site\/index.php?rest_route=\/wp\/v2\/users\/6"}],"replies":[{"embeddable":true,"href":"https:\/\/folhadosudeste.com\/site\/index.php?rest_route=%2Fwp%2Fv2%2Fcomments&post=74308"}],"version-history":[{"count":1,"href":"https:\/\/folhadosudeste.com\/site\/index.php?rest_route=\/wp\/v2\/posts\/74308\/revisions"}],"predecessor-version":[{"id":74313,"href":"https:\/\/folhadosudeste.com\/site\/index.php?rest_route=\/wp\/v2\/posts\/74308\/revisions\/74313"}],"wp:attachment":[{"href":"https:\/\/folhadosudeste.com\/site\/index.php?rest_route=%2Fwp%2Fv2%2Fmedia&parent=74308"}],"wp:term":[{"taxonomy":"category","embeddable":true,"href":"https:\/\/folhadosudeste.com\/site\/index.php?rest_route=%2Fwp%2Fv2%2Fcategories&post=74308"},{"taxonomy":"post_tag","embeddable":true,"href":"https:\/\/folhadosudeste.com\/site\/index.php?rest_route=%2Fwp%2Fv2%2Ftags&post=74308"}],"curies":[{"name":"wp","href":"https:\/\/api.w.org\/{rel}","templated":true}]}}