{"id":74332,"date":"2021-04-23T01:36:24","date_gmt":"2021-04-23T01:36:24","guid":{"rendered":"http:\/\/folhadosudeste.com\/site\/?p=74332"},"modified":"2021-04-23T01:36:24","modified_gmt":"2021-04-23T01:36:24","slug":"fundarte-elege-novo-conselho-de-turismo-para-bienio-2021-2022","status":"publish","type":"post","link":"https:\/\/folhadosudeste.com\/site\/?p=74332","title":{"rendered":"Fundarte elege novo Conselho de Turismo para bi\u00eanio 2021\/2022"},"content":{"rendered":"<p><a href=\"http:\/\/folhadosudeste.com\/site\/wp-content\/uploads\/2021\/04\/Comtur-2021.jpg\"><img loading=\"lazy\" decoding=\"async\" class=\"alignnone size-full wp-image-74333\" src=\"http:\/\/folhadosudeste.com\/site\/wp-content\/uploads\/2021\/04\/Comtur-2021.jpg\" alt=\"\" width=\"2048\" height=\"1146\" srcset=\"https:\/\/folhadosudeste.com\/site\/wp-content\/uploads\/2021\/04\/Comtur-2021.jpg 2048w, https:\/\/folhadosudeste.com\/site\/wp-content\/uploads\/2021\/04\/Comtur-2021-300x168.jpg 300w, https:\/\/folhadosudeste.com\/site\/wp-content\/uploads\/2021\/04\/Comtur-2021-768x430.jpg 768w, https:\/\/folhadosudeste.com\/site\/wp-content\/uploads\/2021\/04\/Comtur-2021-1024x573.jpg 1024w\" sizes=\"auto, (max-width: 2048px) 100vw, 2048px\" \/><\/a><\/p>\n<p style=\"text-align: left;\" align=\"justify\">O Conselho Municipal de Turismo (Comtur) elegeu a nova diretoria para a gest\u00e3o 2021\/2022. A cerim\u00f4nia de posse contou com a presen\u00e7a do prefeito Jos\u00e9 Braz e do secret\u00e1rio de Governo, Paulo S\u00e9rgio Amaral. A nova presid\u00eancia ficou a cargo de Gilca Napier, a vice-presid\u00eancia, Wania Muahad e secret\u00e1rio, Alexandre Ferreira.<\/p>\n<p style=\"text-align: left;\" align=\"justify\">A pol\u00edtica municipal de turismo compreende as iniciativas ligadas \u00e0 ind\u00fastria do turismo, sejam origin\u00e1rias do setor privado ou p\u00fablico, isoladas ou coordenadas entre si, desde que colaborem para o desenvolvimento social, econ\u00f4mico e cultural de Muria\u00e9.<\/p>\n<p align=\"justify\"><!--more--><\/p>\n<p style=\"text-align: left;\" align=\"justify\">O conselho foi composto por entidades p\u00fablicas e privadas. As reuni\u00f5es acontecer\u00e3o a cada dois meses.<\/p>\n<p style=\"text-align: left;\" align=\"justify\">Os conselheiros foram indicados por cada setor envolvidos:<\/p>\n<p style=\"text-align: left;\" align=\"justify\">Secretaria Municipal de Governo:<\/p>\n<p style=\"text-align: left;\" align=\"justify\">Laureana Cristina de Oliveira Azevedo<\/p>\n<p style=\"text-align: left;\" align=\"justify\">Suplente: Carolina Nobre de Almeida<\/p>\n<p style=\"text-align: left;\" align=\"justify\">Titular: Patrice de Paula Coelho Pedrosa<\/p>\n<p style=\"text-align: left;\" align=\"justify\">Suplente: Vanda Helena de Mattos<\/p>\n<p style=\"text-align: left;\" align=\"justify\">Secretaria Municipal de Administra\u00e7\u00e3o:<\/p>\n<p style=\"text-align: left;\" align=\"justify\">Titular: Eliete Maria da Silva<\/p>\n<p style=\"text-align: left;\" align=\"justify\">Suplente: Fabiano L. da Silva Ribeiro<\/p>\n<p style=\"text-align: left;\" align=\"justify\">Secretaria de Desenvolvimento Econ\u00f4mico:<\/p>\n<p style=\"text-align: left;\" align=\"justify\">Titular: Leandra M. Bastos Torres<\/p>\n<p style=\"text-align: left;\" align=\"justify\">Suplente: Leandro Latine Veiga<\/p>\n<p style=\"text-align: left;\" align=\"justify\">Titular: Silvana Casedey<\/p>\n<p style=\"text-align: left;\" align=\"justify\">Suplente: Eduardo Ribeiro de Carvalho<\/p>\n<p style=\"text-align: left;\" align=\"justify\">Fundarte:<\/p>\n<p style=\"text-align: left;\" align=\"justify\">Titular: Fernando Paix\u00e3o Duarte<\/p>\n<p style=\"text-align: left;\" align=\"justify\">Suplente: Evandro Silva<\/p>\n<p style=\"text-align: left;\" align=\"justify\">Titular: Bruno Bastos Ribeiro<\/p>\n<p style=\"text-align: left;\" align=\"justify\">Suplente: Vanderl\u00e9a Castro<\/p>\n<p style=\"text-align: left;\" align=\"justify\">C\u00e2mara Municipal de Muria\u00e9:<\/p>\n<p style=\"text-align: left;\" align=\"justify\">Titular: Valdinei Lacerda da Silva<\/p>\n<p style=\"text-align: left;\" align=\"justify\">Suplente: Wellington Forim de Assis Silva<\/p>\n<p style=\"text-align: left;\" align=\"justify\">Sindicato das Industrias do Vestuario (SINDVEST)<\/p>\n<p style=\"text-align: left;\" align=\"justify\">Titular: Suely de F\u00e1tima Vardiero<\/p>\n<p style=\"text-align: left;\" align=\"justify\">Suplente: Aldo Santos Lima<\/p>\n<p style=\"text-align: left;\" align=\"justify\">Abriga<\/p>\n<p style=\"text-align: left;\" align=\"justify\">Titular: Wania Muahad<\/p>\n<p style=\"text-align: left;\" align=\"justify\">Suplente: Patr\u00edcia Laviola<\/p>\n<p style=\"text-align: left;\" align=\"justify\">C\u00e2mara de Dirigentes Logista (CDL)<\/p>\n<p style=\"text-align: left;\" align=\"justify\">Titular: Paulo Henrique Silva Lima<\/p>\n<p style=\"text-align: left;\" align=\"justify\">Suplente: Ronald Francisco Araujo<\/p>\n<p style=\"text-align: left;\" align=\"justify\">Titular: Jefferson de Paula Garcia<\/p>\n<p style=\"text-align: left;\" align=\"justify\">Suplente: Luiz Paulo La gatta<\/p>\n<p style=\"text-align: left;\" align=\"justify\">Titular: Keila C. de Souza da Matta<\/p>\n<p style=\"text-align: left;\" align=\"justify\">Suplente: Juliana Couri Laviola<\/p>\n<p style=\"text-align: left;\" align=\"justify\">Titular: Vagner C\u00e9sar da Silva<\/p>\n<p style=\"text-align: left;\" align=\"justify\">Suplente: Rosilene Duarte de Souza<\/p>\n<p style=\"text-align: left;\" align=\"justify\">Institui\u00e7\u00e3o Superior de Ensino<\/p>\n<p style=\"text-align: left;\" align=\"justify\">Titular: Eduardo Goulart<\/p>\n<p style=\"text-align: left;\" align=\"justify\">Suplente: Carlos Eduardo Paradelas<\/p>\n<p style=\"text-align: left;\" align=\"justify\">Licamur<\/p>\n<p style=\"text-align: left;\" align=\"justify\">Titular: Paulo Sergio M. Saliviando<\/p>\n<p style=\"text-align: left;\" align=\"justify\">Suplente: Adyr de Souza Assis<\/p>\n","protected":false},"excerpt":{"rendered":"<p>O Conselho Municipal de Turismo (Comtur) elegeu a nova diretoria para a gest\u00e3o 2021\/2022. A cerim\u00f4nia de posse contou com a presen\u00e7a do prefeito Jos\u00e9 Braz e do secret\u00e1rio de Governo, Paulo S\u00e9rgio Amaral. A nova presid\u00eancia ficou a cargo de Gilca Napier, a vice-presid\u00eancia, Wania Muahad e secret\u00e1rio, Alexandre Ferreira. A pol\u00edtica municipal de [&hellip;]<\/p>\n","protected":false},"author":6,"featured_media":0,"comment_status":"open","ping_status":"closed","sticky":false,"template":"","format":"standard","meta":{"_joinchat":[],"footnotes":""},"categories":[1],"tags":[],"class_list":["post-74332","post","type-post","status-publish","format-standard","hentry","category-sem-categoria"],"_links":{"self":[{"href":"https:\/\/folhadosudeste.com\/site\/index.php?rest_route=\/wp\/v2\/posts\/74332","targetHints":{"allow":["GET"]}}],"collection":[{"href":"https:\/\/folhadosudeste.com\/site\/index.php?rest_route=\/wp\/v2\/posts"}],"about":[{"href":"https:\/\/folhadosudeste.com\/site\/index.php?rest_route=\/wp\/v2\/types\/post"}],"author":[{"embeddable":true,"href":"https:\/\/folhadosudeste.com\/site\/index.php?rest_route=\/wp\/v2\/users\/6"}],"replies":[{"embeddable":true,"href":"https:\/\/folhadosudeste.com\/site\/index.php?rest_route=%2Fwp%2Fv2%2Fcomments&post=74332"}],"version-history":[{"count":1,"href":"https:\/\/folhadosudeste.com\/site\/index.php?rest_route=\/wp\/v2\/posts\/74332\/revisions"}],"predecessor-version":[{"id":74334,"href":"https:\/\/folhadosudeste.com\/site\/index.php?rest_route=\/wp\/v2\/posts\/74332\/revisions\/74334"}],"wp:attachment":[{"href":"https:\/\/folhadosudeste.com\/site\/index.php?rest_route=%2Fwp%2Fv2%2Fmedia&parent=74332"}],"wp:term":[{"taxonomy":"category","embeddable":true,"href":"https:\/\/folhadosudeste.com\/site\/index.php?rest_route=%2Fwp%2Fv2%2Fcategories&post=74332"},{"taxonomy":"post_tag","embeddable":true,"href":"https:\/\/folhadosudeste.com\/site\/index.php?rest_route=%2Fwp%2Fv2%2Ftags&post=74332"}],"curies":[{"name":"wp","href":"https:\/\/api.w.org\/{rel}","templated":true}]}}