{"id":74341,"date":"2021-04-25T14:59:06","date_gmt":"2021-04-25T14:59:06","guid":{"rendered":"http:\/\/folhadosudeste.com\/site\/?p=74341"},"modified":"2021-04-25T14:59:06","modified_gmt":"2021-04-25T14:59:06","slug":"sancionada-lei-do-dr-frederico-faria-sobre-hospital-de-campanha","status":"publish","type":"post","link":"https:\/\/folhadosudeste.com\/site\/?p=74341","title":{"rendered":"Sancionada lei do Dr. Frederico Faria sobre Hospital de Campanha"},"content":{"rendered":"<p><a href=\"http:\/\/folhadosudeste.com\/site\/wp-content\/uploads\/2021\/04\/dd2587501ea2cec829648d25485c26c6.jpeg\"><img loading=\"lazy\" decoding=\"async\" class=\"alignnone size-full wp-image-74342\" src=\"http:\/\/folhadosudeste.com\/site\/wp-content\/uploads\/2021\/04\/dd2587501ea2cec829648d25485c26c6.jpeg\" alt=\"\" width=\"800\" height=\"450\" srcset=\"https:\/\/folhadosudeste.com\/site\/wp-content\/uploads\/2021\/04\/dd2587501ea2cec829648d25485c26c6.jpeg 800w, https:\/\/folhadosudeste.com\/site\/wp-content\/uploads\/2021\/04\/dd2587501ea2cec829648d25485c26c6-300x169.jpeg 300w, https:\/\/folhadosudeste.com\/site\/wp-content\/uploads\/2021\/04\/dd2587501ea2cec829648d25485c26c6-768x432.jpeg 768w\" sizes=\"auto, (max-width: 800px) 100vw, 800px\" \/><\/a><\/p>\n<p style=\"font-weight: 400; text-align: left;\">Um projeto de Lei assinado pelo vereador Dr. Frederico Faria, juntamente com o presidente Afonso da Sa\u00fade e Delegado Dr. Rangel foi sancionado e publicado em Di\u00e1rio Oficial pelo prefeito Jos\u00e9 Braz.<\/p>\n<p style=\"font-weight: 400; text-align: left;\">No come\u00e7o da legislatura 2021-2024 o vereador Dr. Frederico Faria propunha a instala\u00e7\u00e3o de um Hospital de Campanha na cidade para atender pessoas com a covid-19 no munic\u00edpio. Naquela ocasi\u00e3o o autor conversou com alguns vereadores sobre a proposi\u00e7\u00e3o e, a pedido dos vereadores, o projeto foi retirado pelo autor, para receber melhorias.<\/p>\n<p><!--more--><\/p>\n<p style=\"font-weight: 400; text-align: left;\">Assim, ap\u00f3s se reunir com os vereadores Afonso da Sa\u00fade (presidente da C\u00e2mara) e Delegado Dr. Rangel o projeto foi ampliado, adequado ao munic\u00edpio e reapresentado em plen\u00e1rio. Ap\u00f3s tramitar pelas comiss\u00f5es da Casa foi aprovado por unanimidade e, assim, o prefeito poderia instalar o hospital.<\/p>\n<p style=\"font-weight: 400; text-align: left;\">Como \u00e9 um projeto autorizativo, a prefeitura de Muria\u00e9 poder\u00e1 instalar o hospital se os casos voltarem a aumentar e para desafogar o Hospital S\u00e3o Paulo, a UPA (Unidade de Pronto Atendimento) do bairro Barra e a Casa de Sa\u00fade que s\u00e3o as unidades hospitalares refer\u00eancias em atendimento a pacientes com a doen\u00e7a.<\/p>\n<p style=\"font-weight: 400; text-align: left;\">Na \u00faltima sexta-feira, 23 de abril, o projeto foi publicado no Di\u00e1rio Eletr\u00f4nico da AMM (Associa\u00e7\u00e3o Mineira de Munic\u00edpios) o que permitir\u00e1, se necess\u00e1rio, instalar esta unidade.<\/p>\n<p style=\"font-weight: 400; text-align: left;\">O vereador Dr. Frederico faria disse que a parceria com Afonso da Sa\u00fade e Dr. Rangel permitiram criar uma lei moderna e eficiente para Muria\u00e9. \u201cO presidente da C\u00e2mara e meu colega Dr. Rangel contribu\u00edram para que o projeto fosse melhorado e tivesse o aceite de todos os vereadores da cidade que avaliaram de necessidade esta permiss\u00e3o \u00e0 prefeitura para erguer o hospital na cidade\u201d, explicou agradecendo aos demais vereadores. \u201cFizemos pelo bem de Muria\u00e9 e continuaremos trabalhando pela cidade durante nosso mandato\u201d, destacou o vereador petebista.<\/p>\n<p style=\"text-align: left;\">&nbsp;<\/p>\n<p style=\"text-align: left;\">Fonte: Cidad\u00e3 de Muria\u00e9<\/p>\n","protected":false},"excerpt":{"rendered":"<p>Um projeto de Lei assinado pelo vereador Dr. Frederico Faria, juntamente com o presidente Afonso da Sa\u00fade e Delegado Dr. Rangel foi sancionado e publicado em Di\u00e1rio Oficial pelo prefeito Jos\u00e9 Braz. No come\u00e7o da legislatura 2021-2024 o vereador Dr. Frederico Faria propunha a instala\u00e7\u00e3o de um Hospital de Campanha na cidade para atender pessoas [&hellip;]<\/p>\n","protected":false},"author":6,"featured_media":0,"comment_status":"open","ping_status":"closed","sticky":false,"template":"","format":"standard","meta":{"_joinchat":[],"footnotes":""},"categories":[1],"tags":[],"class_list":["post-74341","post","type-post","status-publish","format-standard","hentry","category-sem-categoria"],"_links":{"self":[{"href":"https:\/\/folhadosudeste.com\/site\/index.php?rest_route=\/wp\/v2\/posts\/74341","targetHints":{"allow":["GET"]}}],"collection":[{"href":"https:\/\/folhadosudeste.com\/site\/index.php?rest_route=\/wp\/v2\/posts"}],"about":[{"href":"https:\/\/folhadosudeste.com\/site\/index.php?rest_route=\/wp\/v2\/types\/post"}],"author":[{"embeddable":true,"href":"https:\/\/folhadosudeste.com\/site\/index.php?rest_route=\/wp\/v2\/users\/6"}],"replies":[{"embeddable":true,"href":"https:\/\/folhadosudeste.com\/site\/index.php?rest_route=%2Fwp%2Fv2%2Fcomments&post=74341"}],"version-history":[{"count":1,"href":"https:\/\/folhadosudeste.com\/site\/index.php?rest_route=\/wp\/v2\/posts\/74341\/revisions"}],"predecessor-version":[{"id":74343,"href":"https:\/\/folhadosudeste.com\/site\/index.php?rest_route=\/wp\/v2\/posts\/74341\/revisions\/74343"}],"wp:attachment":[{"href":"https:\/\/folhadosudeste.com\/site\/index.php?rest_route=%2Fwp%2Fv2%2Fmedia&parent=74341"}],"wp:term":[{"taxonomy":"category","embeddable":true,"href":"https:\/\/folhadosudeste.com\/site\/index.php?rest_route=%2Fwp%2Fv2%2Fcategories&post=74341"},{"taxonomy":"post_tag","embeddable":true,"href":"https:\/\/folhadosudeste.com\/site\/index.php?rest_route=%2Fwp%2Fv2%2Ftags&post=74341"}],"curies":[{"name":"wp","href":"https:\/\/api.w.org\/{rel}","templated":true}]}}