{"id":74344,"date":"2021-04-27T21:08:31","date_gmt":"2021-04-27T21:08:31","guid":{"rendered":"http:\/\/folhadosudeste.com\/site\/?p=74344"},"modified":"2021-04-27T21:08:31","modified_gmt":"2021-04-27T21:08:31","slug":"boletim-epidemiologico-27-04-2021","status":"publish","type":"post","link":"https:\/\/folhadosudeste.com\/site\/?p=74344","title":{"rendered":"Boletim Epidemiol\u00f3gico &#8211; 27\/04\/2021"},"content":{"rendered":"<p><a href=\"http:\/\/folhadosudeste.com\/site\/wp-content\/uploads\/2021\/04\/27042021.jpg\"><img loading=\"lazy\" decoding=\"async\" class=\"alignnone size-full wp-image-74346\" src=\"http:\/\/folhadosudeste.com\/site\/wp-content\/uploads\/2021\/04\/27042021.jpg\" alt=\"\" width=\"1080\" height=\"1080\" srcset=\"https:\/\/folhadosudeste.com\/site\/wp-content\/uploads\/2021\/04\/27042021.jpg 1080w, https:\/\/folhadosudeste.com\/site\/wp-content\/uploads\/2021\/04\/27042021-150x150.jpg 150w, https:\/\/folhadosudeste.com\/site\/wp-content\/uploads\/2021\/04\/27042021-300x300.jpg 300w, https:\/\/folhadosudeste.com\/site\/wp-content\/uploads\/2021\/04\/27042021-768x768.jpg 768w, https:\/\/folhadosudeste.com\/site\/wp-content\/uploads\/2021\/04\/27042021-1024x1024.jpg 1024w\" sizes=\"auto, (max-width: 1080px) 100vw, 1080px\" \/><\/a><\/p>\n<div>Mais sete mortes ocorridas em Muria\u00e9 recentemente tiveram a covid-19 como causa confirmada. Os \u00f3bitos referem-se aos seguintes casos:<\/div>\n<div>&nbsp;<\/div>\n<div>Mulher | 65 anos | Sem comorbidades | \u00d3bito em 03\/04<\/div>\n<div>Mulher | 63 anos | Hipertens\u00e3o | \u00d3bito em 19\/04<\/div>\n<div>Mulher | 55 anos | Diabetes e poliomielite | \u00d3bito ocorrido em 24\/04<\/div>\n<div>Mulher | 63 anos | Hipotireoidismo | \u00d3bito ocorrido em 25\/04<\/div>\n<div>Mulher | 81 anos | Hipertens\u00e3o | \u00d3bito em 25\/04<\/div>\n<div>Homem | 84 anos | Doen\u00e7a neurol\u00f3gica, cardiovascular e hipertens\u00e3o&nbsp; | \u00d3bito em 25\/04<\/div>\n<div>Homem | 72 anos | Hipertens\u00e3o | \u00d3bito em 25\/04<\/div>\n<div>&nbsp;<\/div>\n<div>&nbsp;<\/div>\n<p><!--more--><\/p>\n<div>Vale sempre lembrar que as mortes s\u00f3 s\u00e3o lan\u00e7adas no boletim ap\u00f3s a Secretaria Municipal de Sa\u00fade receber a notifica\u00e7\u00e3o da institui\u00e7\u00e3o hospitalar a respeito do \u00f3bito e tamb\u00e9m o laudo confirmando que o paciente testou positivo para covid-19.<\/div>\n<div>&nbsp;<\/div>\n<div>Novos casos &#8211; O boletim de hoje tamb\u00e9m trouxe o registro de 36 novos casos de covid em Muria\u00e9. O paciente mais jovem \u00e9 um beb\u00ea de apenas dois meses, enquanto o mais idoso tem 79 anos.<\/div>\n<div>&nbsp;<\/div>\n<div>Agora a cidade est\u00e1 com 172 pacientes ativos confirmados, dos quais 59 est\u00e3o hospitalizados. Este n\u00famero se divide da seguinte forma:<\/div>\n<div>&nbsp;<\/div>\n<div>Adultos em Enfermaria: 16<\/div>\n<div>Adultos em UTI: 42 (17 est\u00e3o intubados)<\/div>\n<div>Crian\u00e7as em Enfermaria: 01<\/div>\n<div>Crian\u00e7as em UTI: 00<\/div>\n<div>&nbsp;<\/div>\n<div>Veja os n\u00fameros completos de hoje (27\/04\/2021):<\/div>\n<div>&nbsp;<\/div>\n<div>VACINA\u00c7\u00c3O<\/div>\n<div>Vacinados com uma dose: 20.802<\/div>\n<div>Vacinados com duas doses: 10.547<\/div>\n<div>&nbsp;<\/div>\n<div>PACIENTES<\/div>\n<div>Total de casos confirmados: 8.921 (em rela\u00e7\u00e3o ao boletim anterior: +36)<\/div>\n<div>Pacientes ativos: 172 (em rela\u00e7\u00e3o ao boletim anterior: -16)<\/div>\n<div>Pacientes curados: 8.534 (em rela\u00e7\u00e3o ao boletim anterior: +45)<\/div>\n<div>\u00d3bitos: 215 (em rela\u00e7\u00e3o ao boletim anterior: +07)<\/div>\n<div>Investigados \/ Monitorados: 91<\/div>\n<div>Negativos: 9.223<\/div>\n<div>&nbsp;<\/div>\n<div>Fonte: PMM<\/div>\n","protected":false},"excerpt":{"rendered":"<p>Mais sete mortes ocorridas em Muria\u00e9 recentemente tiveram a covid-19 como causa confirmada. Os \u00f3bitos referem-se aos seguintes casos: &nbsp; Mulher | 65 anos | Sem comorbidades | \u00d3bito em 03\/04 Mulher | 63 anos | Hipertens\u00e3o | \u00d3bito em 19\/04 Mulher | 55 anos | Diabetes e poliomielite | \u00d3bito ocorrido em 24\/04 Mulher [&hellip;]<\/p>\n","protected":false},"author":6,"featured_media":0,"comment_status":"open","ping_status":"closed","sticky":false,"template":"","format":"standard","meta":{"_joinchat":[],"footnotes":""},"categories":[1],"tags":[],"class_list":["post-74344","post","type-post","status-publish","format-standard","hentry","category-sem-categoria"],"_links":{"self":[{"href":"https:\/\/folhadosudeste.com\/site\/index.php?rest_route=\/wp\/v2\/posts\/74344","targetHints":{"allow":["GET"]}}],"collection":[{"href":"https:\/\/folhadosudeste.com\/site\/index.php?rest_route=\/wp\/v2\/posts"}],"about":[{"href":"https:\/\/folhadosudeste.com\/site\/index.php?rest_route=\/wp\/v2\/types\/post"}],"author":[{"embeddable":true,"href":"https:\/\/folhadosudeste.com\/site\/index.php?rest_route=\/wp\/v2\/users\/6"}],"replies":[{"embeddable":true,"href":"https:\/\/folhadosudeste.com\/site\/index.php?rest_route=%2Fwp%2Fv2%2Fcomments&post=74344"}],"version-history":[{"count":1,"href":"https:\/\/folhadosudeste.com\/site\/index.php?rest_route=\/wp\/v2\/posts\/74344\/revisions"}],"predecessor-version":[{"id":74347,"href":"https:\/\/folhadosudeste.com\/site\/index.php?rest_route=\/wp\/v2\/posts\/74344\/revisions\/74347"}],"wp:attachment":[{"href":"https:\/\/folhadosudeste.com\/site\/index.php?rest_route=%2Fwp%2Fv2%2Fmedia&parent=74344"}],"wp:term":[{"taxonomy":"category","embeddable":true,"href":"https:\/\/folhadosudeste.com\/site\/index.php?rest_route=%2Fwp%2Fv2%2Fcategories&post=74344"},{"taxonomy":"post_tag","embeddable":true,"href":"https:\/\/folhadosudeste.com\/site\/index.php?rest_route=%2Fwp%2Fv2%2Ftags&post=74344"}],"curies":[{"name":"wp","href":"https:\/\/api.w.org\/{rel}","templated":true}]}}