{"id":74363,"date":"2021-04-27T21:24:01","date_gmt":"2021-04-27T21:24:01","guid":{"rendered":"http:\/\/folhadosudeste.com\/site\/?p=74363"},"modified":"2021-04-27T23:07:52","modified_gmt":"2021-04-27T23:07:52","slug":"1o-dia-de-campo-virtual-para-cafeicultores-sera-amanha-15h-caixa-de-entrada-comunicacao-pmm","status":"publish","type":"post","link":"https:\/\/folhadosudeste.com\/site\/?p=74363","title":{"rendered":"1\u00ba Dia de Campo\u2019 virtual para cafeicultores ser\u00e1 amanh\u00e3 &#8211; 15h"},"content":{"rendered":"<p><a href=\"http:\/\/folhadosudeste.com\/site\/wp-content\/uploads\/2021\/04\/recorte-Dia-de-campo.png\"><img loading=\"lazy\" decoding=\"async\" class=\"alignnone size-full wp-image-74364\" src=\"http:\/\/folhadosudeste.com\/site\/wp-content\/uploads\/2021\/04\/recorte-Dia-de-campo.png\" alt=\"\" width=\"390\" height=\"205\" srcset=\"https:\/\/folhadosudeste.com\/site\/wp-content\/uploads\/2021\/04\/recorte-Dia-de-campo.png 390w, https:\/\/folhadosudeste.com\/site\/wp-content\/uploads\/2021\/04\/recorte-Dia-de-campo-300x158.png 300w\" sizes=\"auto, (max-width: 390px) 100vw, 390px\" \/><\/a><\/p>\n<p align=\"justify\">A Prefeitura e Emater realizam amanh\u00e3 (28), de 15h \u00e1s 17h, o primeiro \u2018Dia de Campo\u2019 virtual sobre \u2018Cafeicultura\u2019. O objetivo \u00e9 fomentar o manejo do caf\u00e9 para produtores rurais. O evento acontecer\u00e1 pela plataforma do Facebook da Prefeitura de Muria\u00e9 em forma de \u2018Live\u2019.<\/p>\n<p align=\"justify\">O \u2018Dia de Campo\u2019 \u00e9 uma a\u00e7\u00e3o que leva novas t\u00e9cnicas de cultivo para agricultores. A abertura ser\u00e1 realizada pelo diretor da Emater, Paulo Alexandre, e pelo secret\u00e1rio Interino de Agricultura e Meio Ambiente, Carlos Kneip.<\/p>\n<p align=\"justify\"><!--more--><\/p>\n<p align=\"justify\">Ser\u00e3o oferecidas palestras com os temas \u2018Novas Cultivares de Caf\u00e9\u2019, \u2018Caf\u00e9 e suas Dicas\u2019 e \u2018Colheita e P\u00f3s colheita de Caf\u00e9\u2019.<\/p>\n<p align=\"justify\"><a href=\"http:\/\/folhadosudeste.com\/site\/wp-content\/uploads\/2021\/04\/Gr\u00e3os-de-caf\u00e9-1.jpg\"><img loading=\"lazy\" decoding=\"async\" class=\"alignnone size-full wp-image-74365\" src=\"http:\/\/folhadosudeste.com\/site\/wp-content\/uploads\/2021\/04\/Gr\u00e3os-de-caf\u00e9-1.jpg\" alt=\"\" width=\"960\" height=\"640\" srcset=\"https:\/\/folhadosudeste.com\/site\/wp-content\/uploads\/2021\/04\/Gr\u00e3os-de-caf\u00e9-1.jpg 960w, https:\/\/folhadosudeste.com\/site\/wp-content\/uploads\/2021\/04\/Gr\u00e3os-de-caf\u00e9-1-300x200.jpg 300w, https:\/\/folhadosudeste.com\/site\/wp-content\/uploads\/2021\/04\/Gr\u00e3os-de-caf\u00e9-1-768x512.jpg 768w, https:\/\/folhadosudeste.com\/site\/wp-content\/uploads\/2021\/04\/Gr\u00e3os-de-caf\u00e9-1-120x80.jpg 120w, https:\/\/folhadosudeste.com\/site\/wp-content\/uploads\/2021\/04\/Gr\u00e3os-de-caf\u00e9-1-345x230.jpg 345w\" sizes=\"auto, (max-width: 960px) 100vw, 960px\" \/><\/a><\/p>\n<p align=\"justify\">Fonte: Comunica\u00e7\u00e3o PMM<\/p>\n<p align=\"justify\">&nbsp;<\/p>\n","protected":false},"excerpt":{"rendered":"<p>A Prefeitura e Emater realizam amanh\u00e3 (28), de 15h \u00e1s 17h, o primeiro \u2018Dia de Campo\u2019 virtual sobre \u2018Cafeicultura\u2019. O objetivo \u00e9 fomentar o manejo do caf\u00e9 para produtores rurais. O evento acontecer\u00e1 pela plataforma do Facebook da Prefeitura de Muria\u00e9 em forma de \u2018Live\u2019. O \u2018Dia de Campo\u2019 \u00e9 uma a\u00e7\u00e3o que leva novas [&hellip;]<\/p>\n","protected":false},"author":6,"featured_media":0,"comment_status":"open","ping_status":"closed","sticky":false,"template":"","format":"standard","meta":{"_joinchat":[],"footnotes":""},"categories":[1],"tags":[],"class_list":["post-74363","post","type-post","status-publish","format-standard","hentry","category-sem-categoria"],"_links":{"self":[{"href":"https:\/\/folhadosudeste.com\/site\/index.php?rest_route=\/wp\/v2\/posts\/74363","targetHints":{"allow":["GET"]}}],"collection":[{"href":"https:\/\/folhadosudeste.com\/site\/index.php?rest_route=\/wp\/v2\/posts"}],"about":[{"href":"https:\/\/folhadosudeste.com\/site\/index.php?rest_route=\/wp\/v2\/types\/post"}],"author":[{"embeddable":true,"href":"https:\/\/folhadosudeste.com\/site\/index.php?rest_route=\/wp\/v2\/users\/6"}],"replies":[{"embeddable":true,"href":"https:\/\/folhadosudeste.com\/site\/index.php?rest_route=%2Fwp%2Fv2%2Fcomments&post=74363"}],"version-history":[{"count":4,"href":"https:\/\/folhadosudeste.com\/site\/index.php?rest_route=\/wp\/v2\/posts\/74363\/revisions"}],"predecessor-version":[{"id":74369,"href":"https:\/\/folhadosudeste.com\/site\/index.php?rest_route=\/wp\/v2\/posts\/74363\/revisions\/74369"}],"wp:attachment":[{"href":"https:\/\/folhadosudeste.com\/site\/index.php?rest_route=%2Fwp%2Fv2%2Fmedia&parent=74363"}],"wp:term":[{"taxonomy":"category","embeddable":true,"href":"https:\/\/folhadosudeste.com\/site\/index.php?rest_route=%2Fwp%2Fv2%2Fcategories&post=74363"},{"taxonomy":"post_tag","embeddable":true,"href":"https:\/\/folhadosudeste.com\/site\/index.php?rest_route=%2Fwp%2Fv2%2Ftags&post=74363"}],"curies":[{"name":"wp","href":"https:\/\/api.w.org\/{rel}","templated":true}]}}