{"id":74371,"date":"2021-04-28T16:10:13","date_gmt":"2021-04-28T16:10:13","guid":{"rendered":"http:\/\/folhadosudeste.com\/site\/?p=74371"},"modified":"2021-04-28T16:10:13","modified_gmt":"2021-04-28T16:10:13","slug":"prefeitura-e-sebrae-oferecem-oportunidades-para-empresas-de-muriae-saiba-como-participar","status":"publish","type":"post","link":"https:\/\/folhadosudeste.com\/site\/?p=74371","title":{"rendered":"Prefeitura e Sebrae oferecem oportunidades para empresas de Muria\u00e9; saiba como participar"},"content":{"rendered":"<p><a href=\"http:\/\/folhadosudeste.com\/site\/wp-content\/uploads\/2021\/04\/conheca-a-importancia-da-gestao-de-credito-e-cobranca-nas-empresas-scaled-e1580908468278.jpg\"><img loading=\"lazy\" decoding=\"async\" class=\"alignnone size-full wp-image-74372\" src=\"http:\/\/folhadosudeste.com\/site\/wp-content\/uploads\/2021\/04\/conheca-a-importancia-da-gestao-de-credito-e-cobranca-nas-empresas-scaled-e1580908468278.jpg\" alt=\"\" width=\"1080\" height=\"675\" srcset=\"https:\/\/folhadosudeste.com\/site\/wp-content\/uploads\/2021\/04\/conheca-a-importancia-da-gestao-de-credito-e-cobranca-nas-empresas-scaled-e1580908468278.jpg 1080w, https:\/\/folhadosudeste.com\/site\/wp-content\/uploads\/2021\/04\/conheca-a-importancia-da-gestao-de-credito-e-cobranca-nas-empresas-scaled-e1580908468278-300x188.jpg 300w, https:\/\/folhadosudeste.com\/site\/wp-content\/uploads\/2021\/04\/conheca-a-importancia-da-gestao-de-credito-e-cobranca-nas-empresas-scaled-e1580908468278-768x480.jpg 768w, https:\/\/folhadosudeste.com\/site\/wp-content\/uploads\/2021\/04\/conheca-a-importancia-da-gestao-de-credito-e-cobranca-nas-empresas-scaled-e1580908468278-1024x640.jpg 1024w\" sizes=\"auto, (max-width: 1080px) 100vw, 1080px\" \/><\/a><\/p>\n<div style=\"text-align: left;\">Tem oportunidades gratuitas de aperfei\u00e7oamento chegando para as empresas de Muria\u00e9. As inscri\u00e7\u00f5es j\u00e1 est\u00e3o abertas para consultorias, palestra e oficina voltadas para o desenvolvimento da economia e do com\u00e9rcio, especialmente durante tempos de crise.<\/div>\n<div style=\"text-align: left;\">&nbsp;<\/div>\n<div style=\"text-align: left;\">As atividades v\u00e3o acontecer ao longo da pr\u00f3xima semana, entre os dias 3 e 7 de maio, sempre pela internet. A realiza\u00e7\u00e3o \u00e9 uma parceria da Prefeitura de Muria\u00e9 (atrav\u00e9s da Secretaria Municipal de Desenvolvimento Econ\u00f4mico) com o Sebrae Minas (por meio da ag\u00eancia local da institui\u00e7\u00e3o).<\/div>\n<div>&nbsp;<\/div>\n<p><!--more--><\/p>\n<div style=\"text-align: left;\">&nbsp;<\/div>\n<div style=\"text-align: left;\">Veja as informa\u00e7\u00f5es sobre cada oportunidade:<\/div>\n<div style=\"text-align: left;\">&nbsp;<\/div>\n<div style=\"text-align: left;\">OFICINA<\/div>\n<div style=\"text-align: left;\">Estrat\u00e9gia em vendas \u2013 alcance bons resultados<\/div>\n<div style=\"text-align: left;\">Data: 3 e 4 de maio<\/div>\n<div style=\"text-align: left;\">Hor\u00e1rio: das 19h \u00e0s 22h<\/div>\n<div style=\"text-align: left;\">Inscri\u00e7\u00e3o:&nbsp;<a href=\"http:\/\/loja.sebraemg.com.br\/#!\/detalhe\/25840\/oficina-estrategias-de-vendas-alcance-bons-resultados\" target=\"_blank\" rel=\"noopener\" data-saferedirecturl=\"https:\/\/www.google.com\/url?q=http:\/\/loja.sebraemg.com.br\/%23!\/detalhe\/25840\/oficina-estrategias-de-vendas-alcance-bons-resultados&amp;source=gmail&amp;ust=1619710252335000&amp;usg=AFQjCNGA9oHPyoyTOqSSrWrI62L1_9_1YQ\">loja.sebraemg.com.br\/#!\/<wbr>detalhe\/25840\/oficina-<wbr>estrategias-de-vendas-alcance-<wbr>bons-resultados<\/a><\/div>\n<div style=\"text-align: left;\">&nbsp;<\/div>\n<div style=\"text-align: left;\">PALESTRA<\/div>\n<div style=\"text-align: left;\">Como modelar seu neg\u00f3cio em tempos de crise<\/div>\n<div style=\"text-align: left;\">Data: 5 de maio<\/div>\n<div style=\"text-align: left;\">Hor\u00e1rio: das 19h \u00e0s 21h<\/div>\n<div style=\"text-align: left;\">Inscri\u00e7\u00e3o:&nbsp;<a href=\"http:\/\/loja.sebraemg.com.br\/#!\/detalhe\/25835\/palestra-como-modelar-seu-negocio-em-tempos-de-crise\" target=\"_blank\" rel=\"noopener\" data-saferedirecturl=\"https:\/\/www.google.com\/url?q=http:\/\/loja.sebraemg.com.br\/%23!\/detalhe\/25835\/palestra-como-modelar-seu-negocio-em-tempos-de-crise&amp;source=gmail&amp;ust=1619710252335000&amp;usg=AFQjCNHMvuikjbCLUoRK9gK3l-yhwTC_Ag\">loja.sebraemg.com.br\/#!\/<wbr>detalhe\/25835\/palestra-como-<wbr>modelar-seu-negocio-em-tempos-<wbr>de-crise<\/a><\/div>\n<div style=\"text-align: left;\">&nbsp;<\/div>\n<div style=\"text-align: left;\">CONSULTORIA E ORIENTA\u00c7\u00d5ES \u2013 SESS\u00d5ES INDIVIDUAIS<\/div>\n<div style=\"text-align: left;\">Planejamento, vendas, marketing e finan\u00e7as<\/div>\n<div style=\"text-align: left;\">Data: de 3 a 7 de maio<\/div>\n<div style=\"text-align: left;\">Dura\u00e7\u00e3o de cada sess\u00e3o: 1h30min<\/div>\n<div style=\"text-align: left;\">Inscri\u00e7\u00f5es e agendamento de hor\u00e1rio pelo telefone (32) 3721-9722<\/div>\n<div>&nbsp;<\/div>\n<div>Fonte: Comunica\u00e7\u00e3o PMM&nbsp;<\/div>\n<div class=\"yj6qo\" style=\"text-align: left;\">&nbsp;<\/div>\n<div class=\"adL\" style=\"text-align: left;\">&nbsp;<\/div>\n<div class=\"adL\" style=\"text-align: left;\">&nbsp;<\/div>\n<div class=\"adL\" style=\"text-align: left;\">&nbsp;<\/div>\n","protected":false},"excerpt":{"rendered":"<p>Tem oportunidades gratuitas de aperfei\u00e7oamento chegando para as empresas de Muria\u00e9. As inscri\u00e7\u00f5es j\u00e1 est\u00e3o abertas para consultorias, palestra e oficina voltadas para o desenvolvimento da economia e do com\u00e9rcio, especialmente durante tempos de crise. &nbsp; As atividades v\u00e3o acontecer ao longo da pr\u00f3xima semana, entre os dias 3 e 7 de maio, sempre pela [&hellip;]<\/p>\n","protected":false},"author":6,"featured_media":0,"comment_status":"open","ping_status":"closed","sticky":false,"template":"","format":"standard","meta":{"_joinchat":[],"footnotes":""},"categories":[1],"tags":[],"class_list":["post-74371","post","type-post","status-publish","format-standard","hentry","category-sem-categoria"],"_links":{"self":[{"href":"https:\/\/folhadosudeste.com\/site\/index.php?rest_route=\/wp\/v2\/posts\/74371","targetHints":{"allow":["GET"]}}],"collection":[{"href":"https:\/\/folhadosudeste.com\/site\/index.php?rest_route=\/wp\/v2\/posts"}],"about":[{"href":"https:\/\/folhadosudeste.com\/site\/index.php?rest_route=\/wp\/v2\/types\/post"}],"author":[{"embeddable":true,"href":"https:\/\/folhadosudeste.com\/site\/index.php?rest_route=\/wp\/v2\/users\/6"}],"replies":[{"embeddable":true,"href":"https:\/\/folhadosudeste.com\/site\/index.php?rest_route=%2Fwp%2Fv2%2Fcomments&post=74371"}],"version-history":[{"count":1,"href":"https:\/\/folhadosudeste.com\/site\/index.php?rest_route=\/wp\/v2\/posts\/74371\/revisions"}],"predecessor-version":[{"id":74373,"href":"https:\/\/folhadosudeste.com\/site\/index.php?rest_route=\/wp\/v2\/posts\/74371\/revisions\/74373"}],"wp:attachment":[{"href":"https:\/\/folhadosudeste.com\/site\/index.php?rest_route=%2Fwp%2Fv2%2Fmedia&parent=74371"}],"wp:term":[{"taxonomy":"category","embeddable":true,"href":"https:\/\/folhadosudeste.com\/site\/index.php?rest_route=%2Fwp%2Fv2%2Fcategories&post=74371"},{"taxonomy":"post_tag","embeddable":true,"href":"https:\/\/folhadosudeste.com\/site\/index.php?rest_route=%2Fwp%2Fv2%2Ftags&post=74371"}],"curies":[{"name":"wp","href":"https:\/\/api.w.org\/{rel}","templated":true}]}}