{"id":74395,"date":"2021-04-30T22:44:04","date_gmt":"2021-04-30T22:44:04","guid":{"rendered":"http:\/\/folhadosudeste.com\/site\/?p=74395"},"modified":"2021-04-30T22:44:04","modified_gmt":"2021-04-30T22:44:04","slug":"microrregiao-de-muriae-retorna-para-onda-amarela-nova-resolucao-do-comite-ja-foi-publicada","status":"publish","type":"post","link":"https:\/\/folhadosudeste.com\/site\/?p=74395","title":{"rendered":"Microrregi\u00e3o de Muria\u00e9 retorna para onda amarela; nova resolu\u00e7\u00e3o do comit\u00ea j\u00e1 foi publicada"},"content":{"rendered":"<p><a href=\"http:\/\/folhadosudeste.com\/site\/wp-content\/uploads\/2021\/04\/prefeitura-inicia-operacao-cidade-limpa-para-melhorar-limpeza-e-conservacao-urbana-em-muriae.jpg\"><img loading=\"lazy\" decoding=\"async\" class=\"alignnone size-full wp-image-74396\" src=\"http:\/\/folhadosudeste.com\/site\/wp-content\/uploads\/2021\/04\/prefeitura-inicia-operacao-cidade-limpa-para-melhorar-limpeza-e-conservacao-urbana-em-muriae.jpg\" alt=\"\" width=\"984\" height=\"656\" srcset=\"https:\/\/folhadosudeste.com\/site\/wp-content\/uploads\/2021\/04\/prefeitura-inicia-operacao-cidade-limpa-para-melhorar-limpeza-e-conservacao-urbana-em-muriae.jpg 984w, https:\/\/folhadosudeste.com\/site\/wp-content\/uploads\/2021\/04\/prefeitura-inicia-operacao-cidade-limpa-para-melhorar-limpeza-e-conservacao-urbana-em-muriae-300x200.jpg 300w, https:\/\/folhadosudeste.com\/site\/wp-content\/uploads\/2021\/04\/prefeitura-inicia-operacao-cidade-limpa-para-melhorar-limpeza-e-conservacao-urbana-em-muriae-768x512.jpg 768w, https:\/\/folhadosudeste.com\/site\/wp-content\/uploads\/2021\/04\/prefeitura-inicia-operacao-cidade-limpa-para-melhorar-limpeza-e-conservacao-urbana-em-muriae-120x80.jpg 120w, https:\/\/folhadosudeste.com\/site\/wp-content\/uploads\/2021\/04\/prefeitura-inicia-operacao-cidade-limpa-para-melhorar-limpeza-e-conservacao-urbana-em-muriae-345x230.jpg 345w\" sizes=\"auto, (max-width: 984px) 100vw, 984px\" \/><\/a><\/p>\n<div style=\"text-align: left;\">Devido \u00e0 redu\u00e7\u00e3o do n\u00famero de infec\u00e7\u00f5es e interna\u00e7\u00f5es por covid-19, a microrregi\u00e3o de Muria\u00e9 foi reclassificada na quinta-fera (29) para a Onda Amarela do programa Minas Consciente.&nbsp;<\/div>\n<div style=\"text-align: left;\">&nbsp;<\/div>\n<div style=\"text-align: left;\">Com isso, uma nova resolu\u00e7\u00e3o do Comit\u00ea Municipal foi publicada nesta sexta, contendo as diretrizes para o enfrentamento ao coronav\u00edrus na cidade e nos distritos.<\/div>\n<div style=\"text-align: left;\">&nbsp;<\/div>\n<div style=\"text-align: left;\">O documento trouxe mais flexibiliza\u00e7\u00e3o para o funcionamento de determinadas atividades. Os eventos, reuni\u00f5es e cursos, que estavam restritos ao n\u00famero m\u00e1ximo de 30 participantes, agora podem acontecer com at\u00e9 60 pessoas ao mesmo tempo.&nbsp;<\/div>\n<div>&nbsp;<\/div>\n<p><!--more--><\/p>\n<div style=\"text-align: left;\">&nbsp;<\/div>\n<div style=\"text-align: left;\">J\u00e1 os templos religiosos podem agora funcionar com 50% da capacidade, em vez de 30% como estava determinado at\u00e9 ent\u00e3o.<\/div>\n<div style=\"text-align: left;\">&nbsp;<\/div>\n<div style=\"text-align: left;\">Para outras atividades, ainda existem determinadas restri\u00e7\u00f5es. Nos hospitais e cl\u00ednicas, as cirurgias eletivas seguem suspensas em raz\u00e3o da escassez de sedativos.&nbsp;<\/div>\n<div style=\"text-align: left;\">&nbsp;<\/div>\n<div style=\"text-align: left;\">Ja os bares, restaurantes e cong\u00eaneres continuam com funcionamento autorizado somente at\u00e9 23h e ainda n\u00e3o podem oferecer entretenimento como m\u00fasica ao vivo, voz e viol\u00e3o ou som mec\u00e2nico.<\/div>\n<div style=\"text-align: left;\">&nbsp;<\/div>\n<div style=\"text-align: left;\">A nova resolu\u00e7\u00e3o do Comit\u00ea Municipal Covid-19 est\u00e1 dispon\u00edvel para consulta em&nbsp;<a href=\"http:\/\/muriae.mg.gov.br\/resolucao\/\" target=\"_blank\" rel=\"noopener\" data-saferedirecturl=\"https:\/\/www.google.com\/url?q=http:\/\/muriae.mg.gov.br\/resolucao\/&amp;source=gmail&amp;ust=1619908041504000&amp;usg=AFQjCNE1Tw2bcz1F0RhKuQa7dGF2FllCrQ\">muriae.mg.gov.br\/resolucao\/<\/a>.<\/div>\n<div>&nbsp;<\/div>\n<div>\n<div>&nbsp;Fonte: Comunica\u00e7\u00e3o PMM\/ foto: Prefeitura de Muria\u00e9\/Divulga\u00e7\u00e3o<\/div>\n<\/div>\n","protected":false},"excerpt":{"rendered":"<p>Devido \u00e0 redu\u00e7\u00e3o do n\u00famero de infec\u00e7\u00f5es e interna\u00e7\u00f5es por covid-19, a microrregi\u00e3o de Muria\u00e9 foi reclassificada na quinta-fera (29) para a Onda Amarela do programa Minas Consciente.&nbsp; &nbsp; Com isso, uma nova resolu\u00e7\u00e3o do Comit\u00ea Municipal foi publicada nesta sexta, contendo as diretrizes para o enfrentamento ao coronav\u00edrus na cidade e nos distritos. &nbsp; [&hellip;]<\/p>\n","protected":false},"author":6,"featured_media":0,"comment_status":"open","ping_status":"closed","sticky":false,"template":"","format":"standard","meta":{"_joinchat":[],"footnotes":""},"categories":[1],"tags":[],"class_list":["post-74395","post","type-post","status-publish","format-standard","hentry","category-sem-categoria"],"_links":{"self":[{"href":"https:\/\/folhadosudeste.com\/site\/index.php?rest_route=\/wp\/v2\/posts\/74395","targetHints":{"allow":["GET"]}}],"collection":[{"href":"https:\/\/folhadosudeste.com\/site\/index.php?rest_route=\/wp\/v2\/posts"}],"about":[{"href":"https:\/\/folhadosudeste.com\/site\/index.php?rest_route=\/wp\/v2\/types\/post"}],"author":[{"embeddable":true,"href":"https:\/\/folhadosudeste.com\/site\/index.php?rest_route=\/wp\/v2\/users\/6"}],"replies":[{"embeddable":true,"href":"https:\/\/folhadosudeste.com\/site\/index.php?rest_route=%2Fwp%2Fv2%2Fcomments&post=74395"}],"version-history":[{"count":1,"href":"https:\/\/folhadosudeste.com\/site\/index.php?rest_route=\/wp\/v2\/posts\/74395\/revisions"}],"predecessor-version":[{"id":74397,"href":"https:\/\/folhadosudeste.com\/site\/index.php?rest_route=\/wp\/v2\/posts\/74395\/revisions\/74397"}],"wp:attachment":[{"href":"https:\/\/folhadosudeste.com\/site\/index.php?rest_route=%2Fwp%2Fv2%2Fmedia&parent=74395"}],"wp:term":[{"taxonomy":"category","embeddable":true,"href":"https:\/\/folhadosudeste.com\/site\/index.php?rest_route=%2Fwp%2Fv2%2Fcategories&post=74395"},{"taxonomy":"post_tag","embeddable":true,"href":"https:\/\/folhadosudeste.com\/site\/index.php?rest_route=%2Fwp%2Fv2%2Ftags&post=74395"}],"curies":[{"name":"wp","href":"https:\/\/api.w.org\/{rel}","templated":true}]}}