{"id":74534,"date":"2021-05-06T20:18:41","date_gmt":"2021-05-06T20:18:41","guid":{"rendered":"http:\/\/folhadosudeste.com\/site\/?p=74534"},"modified":"2021-05-06T20:18:41","modified_gmt":"2021-05-06T20:18:41","slug":"procon-da-dicas-para-consumidor-sobre-dia-das-maes","status":"publish","type":"post","link":"https:\/\/folhadosudeste.com\/site\/?p=74534","title":{"rendered":"Procon d\u00e1 dicas para consumidor sobre \u2018Dia das M\u00e3es\u2019"},"content":{"rendered":"<p><a href=\"http:\/\/folhadosudeste.com\/site\/wp-content\/uploads\/2021\/05\/Mae.presente.2.jpg\"><img loading=\"lazy\" decoding=\"async\" class=\"alignnone size-full wp-image-74535\" src=\"http:\/\/folhadosudeste.com\/site\/wp-content\/uploads\/2021\/05\/Mae.presente.2.jpg\" alt=\"\" width=\"626\" height=\"417\" srcset=\"https:\/\/folhadosudeste.com\/site\/wp-content\/uploads\/2021\/05\/Mae.presente.2.jpg 626w, https:\/\/folhadosudeste.com\/site\/wp-content\/uploads\/2021\/05\/Mae.presente.2-300x200.jpg 300w, https:\/\/folhadosudeste.com\/site\/wp-content\/uploads\/2021\/05\/Mae.presente.2-120x80.jpg 120w, https:\/\/folhadosudeste.com\/site\/wp-content\/uploads\/2021\/05\/Mae.presente.2-345x230.jpg 345w\" sizes=\"auto, (max-width: 626px) 100vw, 626px\" \/><\/a><\/p>\n<p style=\"text-align: left;\" align=\"justify\">O \u2018Dia das M\u00e3es\u2019 ser\u00e1 comemorado, neste domingo (9), em todo o pa\u00eds. Para tanto, o Procon de Muria\u00e9 solicita que os consumidores tomem as precau\u00e7\u00f5es necess\u00e1rias, j\u00e1 que o consumo local se torna intenso e lucrativo para o com\u00e9rcio nesta data.<\/p>\n<p style=\"text-align: left;\" align=\"justify\">O coordenador executivo do Procon, Cristiano Assis, adverte para que sejam tomados os devidos cuidados na hora das compras, principalmente na modalidade on-line. \u201cFiquem atentos aos sites em que realizam compras. Existem muitos comerciantes \u2018fakes\u2019, pessoas que agem de m\u00e1-f\u00e9, que acabam aproveitando do grande \u00edndice de vendas na modalidade na internet. Eles criam sites falsos para que consumidores realizem compras que jamais ser\u00e3o entregues\u201d, informou.<\/p>\n<p align=\"justify\"><!--more--><\/p>\n<p style=\"text-align: left;\" align=\"justify\">Algumas dicas do Procon auxiliam ao consumidor neste momento da aquisi\u00e7\u00e3o de mercadorias. Dentre elas, a verifica\u00e7\u00e3o da proced\u00eancia do site (principalmente no \u2018Reclame aqui\u2019), verificar o CNPJ da empresa no link da Receita Federal para ver se ela esta ativa, observar o \u00edndice de vendas dos produtos descritos na p\u00e1gina, averiguar o c\u00f3digo do boleto banc\u00e1rio (caso seja por boleto) para identificar a institui\u00e7\u00e3o na qual est\u00e1 vinculado e sempre analisar os cometarios que os compradores deixaram.<\/p>\n<p style=\"text-align: left;\" align=\"justify\">Todo consumidor (apenas em compras realizadas fora do estabelecimento comercial) possui o direito de arrependimento no prazo de 7 (sete) dias, de acordo com o artigo 49 do C\u00f3digo de Defesa do Consumidor &#8211; CDC. Em caso de compras realizadas dentro do estabelecimento comercial, o produto apenas poder\u00e1 ser trocado, caso apresente defeito.<\/p>\n<p style=\"text-align: left;\" align=\"justify\">Sobre garantia, \u00e9 imprenscind\u00edvel lembrar que existe a \u2018legal\u2019 que vale por 30 dias (para produtos n\u00e3o dur\u00e1veis) e a outra que vale por 90 dias (para bens dur\u00e1veis). H\u00e1 ainda os produtos que possuem a garantia de f\u00e1brica, que s\u00e3o as chamadas de \u2018contratuais\u2019, bem como h\u00e1 \u00e0 possibilidade do consumidor contratar a que tem um tempo maior. \u201cNeste caso, se o consumidor tiver a garantia legal, mais a estendida, soma-se o tempo das duas, para contabilizar o tempo e o direito para reclamar sobre o produto\u201d, esclareceu o assessor jur\u00eddico do Procon, Erick Barbosa.<\/p>\n","protected":false},"excerpt":{"rendered":"<p>O \u2018Dia das M\u00e3es\u2019 ser\u00e1 comemorado, neste domingo (9), em todo o pa\u00eds. Para tanto, o Procon de Muria\u00e9 solicita que os consumidores tomem as precau\u00e7\u00f5es necess\u00e1rias, j\u00e1 que o consumo local se torna intenso e lucrativo para o com\u00e9rcio nesta data. O coordenador executivo do Procon, Cristiano Assis, adverte para que sejam tomados os [&hellip;]<\/p>\n","protected":false},"author":6,"featured_media":0,"comment_status":"open","ping_status":"closed","sticky":false,"template":"","format":"standard","meta":{"_joinchat":[],"footnotes":""},"categories":[1],"tags":[],"class_list":["post-74534","post","type-post","status-publish","format-standard","hentry","category-sem-categoria"],"_links":{"self":[{"href":"https:\/\/folhadosudeste.com\/site\/index.php?rest_route=\/wp\/v2\/posts\/74534","targetHints":{"allow":["GET"]}}],"collection":[{"href":"https:\/\/folhadosudeste.com\/site\/index.php?rest_route=\/wp\/v2\/posts"}],"about":[{"href":"https:\/\/folhadosudeste.com\/site\/index.php?rest_route=\/wp\/v2\/types\/post"}],"author":[{"embeddable":true,"href":"https:\/\/folhadosudeste.com\/site\/index.php?rest_route=\/wp\/v2\/users\/6"}],"replies":[{"embeddable":true,"href":"https:\/\/folhadosudeste.com\/site\/index.php?rest_route=%2Fwp%2Fv2%2Fcomments&post=74534"}],"version-history":[{"count":1,"href":"https:\/\/folhadosudeste.com\/site\/index.php?rest_route=\/wp\/v2\/posts\/74534\/revisions"}],"predecessor-version":[{"id":74536,"href":"https:\/\/folhadosudeste.com\/site\/index.php?rest_route=\/wp\/v2\/posts\/74534\/revisions\/74536"}],"wp:attachment":[{"href":"https:\/\/folhadosudeste.com\/site\/index.php?rest_route=%2Fwp%2Fv2%2Fmedia&parent=74534"}],"wp:term":[{"taxonomy":"category","embeddable":true,"href":"https:\/\/folhadosudeste.com\/site\/index.php?rest_route=%2Fwp%2Fv2%2Fcategories&post=74534"},{"taxonomy":"post_tag","embeddable":true,"href":"https:\/\/folhadosudeste.com\/site\/index.php?rest_route=%2Fwp%2Fv2%2Ftags&post=74534"}],"curies":[{"name":"wp","href":"https:\/\/api.w.org\/{rel}","templated":true}]}}