{"id":74546,"date":"2021-05-12T15:13:16","date_gmt":"2021-05-12T15:13:16","guid":{"rendered":"http:\/\/folhadosudeste.com\/site\/?p=74546"},"modified":"2021-05-12T15:38:48","modified_gmt":"2021-05-12T15:38:48","slug":"muriae-tera-aplicacao-de-2a-dose-da-coronavac-nesta-quinta","status":"publish","type":"post","link":"https:\/\/folhadosudeste.com\/site\/?p=74546","title":{"rendered":"Muria\u00e9 ter\u00e1 aplica\u00e7\u00e3o de 2\u00aa dose da Coronavac nesta quinta"},"content":{"rendered":"<p><a href=\"http:\/\/folhadosudeste.com\/site\/wp-content\/uploads\/2021\/05\/segunda-dose-coronavac.jpeg\"><img loading=\"lazy\" decoding=\"async\" class=\"alignnone size-full wp-image-74547\" src=\"http:\/\/folhadosudeste.com\/site\/wp-content\/uploads\/2021\/05\/segunda-dose-coronavac.jpeg\" alt=\"\" width=\"1280\" height=\"1280\" srcset=\"https:\/\/folhadosudeste.com\/site\/wp-content\/uploads\/2021\/05\/segunda-dose-coronavac.jpeg 1280w, https:\/\/folhadosudeste.com\/site\/wp-content\/uploads\/2021\/05\/segunda-dose-coronavac-150x150.jpeg 150w, https:\/\/folhadosudeste.com\/site\/wp-content\/uploads\/2021\/05\/segunda-dose-coronavac-300x300.jpeg 300w, https:\/\/folhadosudeste.com\/site\/wp-content\/uploads\/2021\/05\/segunda-dose-coronavac-768x768.jpeg 768w, https:\/\/folhadosudeste.com\/site\/wp-content\/uploads\/2021\/05\/segunda-dose-coronavac-1024x1024.jpeg 1024w\" sizes=\"auto, (max-width: 1280px) 100vw, 1280px\" \/><\/a><\/p>\n<div class=\"gs\">\n<div class=\"\">\n<div id=\":p8\" class=\"ii gt\">\n<div id=\":p7\" class=\"a3s aiL \">\n<div>\n<div>\n<div>\n<div style=\"text-align: left;\">A aplica\u00e7\u00e3o da segunda dose da Coronavac para idosos que tomaram a primeira at\u00e9 o dia 10 de abril j\u00e1 tem data para acontecer: ser\u00e1 na pr\u00f3xima quinta-feira, dia 13 de maio.<\/div>\n<div style=\"text-align: left;\">&nbsp;<\/div>\n<div style=\"text-align: left;\">A vacina\u00e7\u00e3o ser\u00e1 da 8h \u00e0s 11h, nas escolas municipais do Centro, Barra, Dornelas e Porto. Ser\u00e3o distribu\u00eddas 200 senhas em cada local.<\/div>\n<div>&nbsp;<\/div>\n<div style=\"text-align: left;\">Importante: o Minist\u00e9rio da Sa\u00fade orienta que as pessoas tomem a segunda dose da Coronavac mesmo com o atraso em rela\u00e7\u00e3o ao prazo de 28 dias, que foi provocado pela paralisa\u00e7\u00e3o na produ\u00e7\u00e3o e remessa do imunizante.<\/div>\n<div>&nbsp;<\/div>\n<div style=\"text-align: left;\">Nos pr\u00f3ximos dias, mais doses da Coronavac devem chegar a Muria\u00e9 e novas datas para aplica\u00e7\u00e3o da segunda dose ser\u00e3o agendadas.<\/div>\n<\/div>\n<div>&nbsp;<\/div>\n<div>Fonte: PMM&nbsp;<\/div>\n<\/div>\n<\/div>\n<\/div>\n<div class=\"yj6qo\">&nbsp;<\/div>\n<\/div>\n<div id=\":q1\" class=\"hq gt a10\">\n<div class=\"hp\">&nbsp;<\/div>\n<div id=\":q4\">&nbsp;<\/div>\n<div id=\":q3\" class=\"aQH\">\n<div class=\"aZK\">&nbsp;<\/div>\n<\/div>\n<\/div>\n<div class=\"hi\">&nbsp;<\/div>\n<\/div>\n<\/div>\n<p>&nbsp;<\/p>\n<p>&nbsp;<\/p>\n<p>&nbsp;<\/p>\n<p>&nbsp;<\/p>\n<p>&nbsp;<\/p>\n<p>&nbsp;<\/p>\n","protected":false},"excerpt":{"rendered":"<p>A aplica\u00e7\u00e3o da segunda dose da Coronavac para idosos que tomaram a primeira at\u00e9 o dia 10 de abril j\u00e1 tem data para acontecer: ser\u00e1 na pr\u00f3xima quinta-feira, dia 13 de maio. &nbsp; A vacina\u00e7\u00e3o ser\u00e1 da 8h \u00e0s 11h, nas escolas municipais do Centro, Barra, Dornelas e Porto. Ser\u00e3o distribu\u00eddas 200 senhas em cada [&hellip;]<\/p>\n","protected":false},"author":6,"featured_media":0,"comment_status":"open","ping_status":"closed","sticky":false,"template":"","format":"standard","meta":{"_joinchat":[],"footnotes":""},"categories":[1],"tags":[],"class_list":["post-74546","post","type-post","status-publish","format-standard","hentry","category-sem-categoria"],"_links":{"self":[{"href":"https:\/\/folhadosudeste.com\/site\/index.php?rest_route=\/wp\/v2\/posts\/74546","targetHints":{"allow":["GET"]}}],"collection":[{"href":"https:\/\/folhadosudeste.com\/site\/index.php?rest_route=\/wp\/v2\/posts"}],"about":[{"href":"https:\/\/folhadosudeste.com\/site\/index.php?rest_route=\/wp\/v2\/types\/post"}],"author":[{"embeddable":true,"href":"https:\/\/folhadosudeste.com\/site\/index.php?rest_route=\/wp\/v2\/users\/6"}],"replies":[{"embeddable":true,"href":"https:\/\/folhadosudeste.com\/site\/index.php?rest_route=%2Fwp%2Fv2%2Fcomments&post=74546"}],"version-history":[{"count":3,"href":"https:\/\/folhadosudeste.com\/site\/index.php?rest_route=\/wp\/v2\/posts\/74546\/revisions"}],"predecessor-version":[{"id":74565,"href":"https:\/\/folhadosudeste.com\/site\/index.php?rest_route=\/wp\/v2\/posts\/74546\/revisions\/74565"}],"wp:attachment":[{"href":"https:\/\/folhadosudeste.com\/site\/index.php?rest_route=%2Fwp%2Fv2%2Fmedia&parent=74546"}],"wp:term":[{"taxonomy":"category","embeddable":true,"href":"https:\/\/folhadosudeste.com\/site\/index.php?rest_route=%2Fwp%2Fv2%2Fcategories&post=74546"},{"taxonomy":"post_tag","embeddable":true,"href":"https:\/\/folhadosudeste.com\/site\/index.php?rest_route=%2Fwp%2Fv2%2Ftags&post=74546"}],"curies":[{"name":"wp","href":"https:\/\/api.w.org\/{rel}","templated":true}]}}