{"id":74559,"date":"2021-05-12T15:37:58","date_gmt":"2021-05-12T15:37:58","guid":{"rendered":"http:\/\/folhadosudeste.com\/site\/?p=74559"},"modified":"2021-05-12T15:37:58","modified_gmt":"2021-05-12T15:37:58","slug":"fundarte-amplia-instalacoes-e-promove-novas-vagas-para-escola-de-musica","status":"publish","type":"post","link":"https:\/\/folhadosudeste.com\/site\/?p=74559","title":{"rendered":"Fundarte amplia instala\u00e7\u00f5es e promove novas vagas para escola de m\u00fasica"},"content":{"rendered":"<p><a href=\"http:\/\/folhadosudeste.com\/site\/wp-content\/uploads\/2021\/05\/IMG_3764.jpg\"><img loading=\"lazy\" decoding=\"async\" class=\"alignnone size-full wp-image-74560\" src=\"http:\/\/folhadosudeste.com\/site\/wp-content\/uploads\/2021\/05\/IMG_3764.jpg\" alt=\"\" width=\"2048\" height=\"1536\" srcset=\"https:\/\/folhadosudeste.com\/site\/wp-content\/uploads\/2021\/05\/IMG_3764.jpg 2048w, https:\/\/folhadosudeste.com\/site\/wp-content\/uploads\/2021\/05\/IMG_3764-300x225.jpg 300w, https:\/\/folhadosudeste.com\/site\/wp-content\/uploads\/2021\/05\/IMG_3764-768x576.jpg 768w, https:\/\/folhadosudeste.com\/site\/wp-content\/uploads\/2021\/05\/IMG_3764-1024x768.jpg 1024w\" sizes=\"auto, (max-width: 2048px) 100vw, 2048px\" \/><\/a><\/p>\n<p align=\"justify\">A Funda\u00e7\u00e3o de Cultura e Arte ampliou as depend\u00eancias e criou novos espa\u00e7os para a parte administrativa do setor. Neste dia 11, as novas instala\u00e7\u00f5es foram inauguradas para que todo a \u00e1rea pertencente a escola esteja liberada para ampliar o n\u00famero de vagas para estudantes das aulas de instrumentos musicais.<\/p>\n<p align=\"justify\">Sete salas novas foram inseridas no complexo para abrigar os setores de Turismo, Cultura, Juventude, sala de reuni\u00f5es, patrim\u00f4nio cultural e recep\u00e7\u00e3o. A inaugura\u00e7\u00e3o foi modesta e respeitando os protocolos da pandemia, reunindo um pequeno n\u00famero de pessoas.<\/p>\n<p align=\"justify\"><!--more--><\/p>\n<p align=\"justify\">Estiveram presentes o prefeito Jos\u00e9 Braz, o secret\u00e1rio de Governo Paulo S\u00e9rgio, a diretora da Fundarte Gilca Napier e a adjunta, Vanderl\u00e9ia Castro, o secret\u00e1rio de Administra\u00e7\u00e3o Edmar Pereira e dois vereadores, que representaram a C\u00e2mara Municipal.<\/p>\n<p align=\"justify\">As salas, anteriormente dedicadas para servi\u00e7os administrativos e burocr\u00e1ticos, agora est\u00e3o liberadas. Todo o espa\u00e7o ser\u00e1 dedicado a cria\u00e7\u00e3o de novas turmas para as escolas de arte e m\u00fasica.<\/p>\n<p align=\"justify\">\u201cO prefeito Jos\u00e9 Braz nos deu o aval para fazer a adequa\u00e7\u00e3o do ambiente. Ampliamos as salas para as laterais, transferindo o setor administrativo para os novos c\u00f4modos que foram reformados e decorados. Assim, criamos sete salas para os diversos setores.\u201d, explicou a diretora da Fundarte, Gilca Napier, lembrando que sempre houve fila de espera para a escola de m\u00fasica, mesmo tendo aulas de manh\u00e3, a tarde e a noite, a demanda sempre foi muito grande.<\/p>\n<p align=\"justify\">A partir de ent\u00e3o, assim que normalizarem as aulas presenciais, a Funda\u00e7\u00e3o oferecer\u00e1 um maior n\u00famero de turmas de instrumentos musicais, com aulas de flauta, viol\u00e3o, bateria, percuss\u00e3o, canto e outras modalidades.<\/p>\n<p align=\"justify\">A Fundarte tem hoje sob sua tutela, administra\u00e7\u00e3o e conserva\u00e7\u00e3o a Biblioteca Municipal Vivaldi Wenceslau Moreira, a Escola de M\u00fasica Leonel Vargas, o Teatro Greg\u00f3rio de Matos Guerra e o Belmira Vilas Boas, a Escola de Dan\u00e7a Jorge Barroca, a Escola de Artes Visuais Moacyr Fenelon, a Escola de \u00c1udio Visual Carlos Scalla, o Memorial e o Arquivo Municipal, al\u00e9m do Teatro Zaccaria Marques e a Galeria de Exposi\u00e7\u00e3o de Artes.<\/p>\n<p align=\"justify\"><a href=\"http:\/\/folhadosudeste.com\/site\/wp-content\/uploads\/2021\/05\/IMG_3713.jpg\"><img loading=\"lazy\" decoding=\"async\" class=\"alignnone size-full wp-image-74561\" src=\"http:\/\/folhadosudeste.com\/site\/wp-content\/uploads\/2021\/05\/IMG_3713.jpg\" alt=\"\" width=\"2048\" height=\"1536\" srcset=\"https:\/\/folhadosudeste.com\/site\/wp-content\/uploads\/2021\/05\/IMG_3713.jpg 2048w, https:\/\/folhadosudeste.com\/site\/wp-content\/uploads\/2021\/05\/IMG_3713-300x225.jpg 300w, https:\/\/folhadosudeste.com\/site\/wp-content\/uploads\/2021\/05\/IMG_3713-768x576.jpg 768w, https:\/\/folhadosudeste.com\/site\/wp-content\/uploads\/2021\/05\/IMG_3713-1024x768.jpg 1024w\" sizes=\"auto, (max-width: 2048px) 100vw, 2048px\" \/><\/a><\/p>\n<p align=\"justify\"><a href=\"http:\/\/folhadosudeste.com\/site\/wp-content\/uploads\/2021\/05\/IMG_3755.jpg\"><img loading=\"lazy\" decoding=\"async\" class=\"alignnone size-full wp-image-74562\" src=\"http:\/\/folhadosudeste.com\/site\/wp-content\/uploads\/2021\/05\/IMG_3755.jpg\" alt=\"\" width=\"2048\" height=\"1536\" srcset=\"https:\/\/folhadosudeste.com\/site\/wp-content\/uploads\/2021\/05\/IMG_3755.jpg 2048w, https:\/\/folhadosudeste.com\/site\/wp-content\/uploads\/2021\/05\/IMG_3755-300x225.jpg 300w, https:\/\/folhadosudeste.com\/site\/wp-content\/uploads\/2021\/05\/IMG_3755-768x576.jpg 768w, https:\/\/folhadosudeste.com\/site\/wp-content\/uploads\/2021\/05\/IMG_3755-1024x768.jpg 1024w\" sizes=\"auto, (max-width: 2048px) 100vw, 2048px\" \/><\/a><\/p>\n<p align=\"justify\">&nbsp;<\/p>\n<p align=\"justify\">Fonte: PMM<\/p>\n","protected":false},"excerpt":{"rendered":"<p>A Funda\u00e7\u00e3o de Cultura e Arte ampliou as depend\u00eancias e criou novos espa\u00e7os para a parte administrativa do setor. Neste dia 11, as novas instala\u00e7\u00f5es foram inauguradas para que todo a \u00e1rea pertencente a escola esteja liberada para ampliar o n\u00famero de vagas para estudantes das aulas de instrumentos musicais. Sete salas novas foram inseridas [&hellip;]<\/p>\n","protected":false},"author":6,"featured_media":0,"comment_status":"open","ping_status":"closed","sticky":false,"template":"","format":"standard","meta":{"_joinchat":[],"footnotes":""},"categories":[1],"tags":[],"class_list":["post-74559","post","type-post","status-publish","format-standard","hentry","category-sem-categoria"],"_links":{"self":[{"href":"https:\/\/folhadosudeste.com\/site\/index.php?rest_route=\/wp\/v2\/posts\/74559","targetHints":{"allow":["GET"]}}],"collection":[{"href":"https:\/\/folhadosudeste.com\/site\/index.php?rest_route=\/wp\/v2\/posts"}],"about":[{"href":"https:\/\/folhadosudeste.com\/site\/index.php?rest_route=\/wp\/v2\/types\/post"}],"author":[{"embeddable":true,"href":"https:\/\/folhadosudeste.com\/site\/index.php?rest_route=\/wp\/v2\/users\/6"}],"replies":[{"embeddable":true,"href":"https:\/\/folhadosudeste.com\/site\/index.php?rest_route=%2Fwp%2Fv2%2Fcomments&post=74559"}],"version-history":[{"count":1,"href":"https:\/\/folhadosudeste.com\/site\/index.php?rest_route=\/wp\/v2\/posts\/74559\/revisions"}],"predecessor-version":[{"id":74563,"href":"https:\/\/folhadosudeste.com\/site\/index.php?rest_route=\/wp\/v2\/posts\/74559\/revisions\/74563"}],"wp:attachment":[{"href":"https:\/\/folhadosudeste.com\/site\/index.php?rest_route=%2Fwp%2Fv2%2Fmedia&parent=74559"}],"wp:term":[{"taxonomy":"category","embeddable":true,"href":"https:\/\/folhadosudeste.com\/site\/index.php?rest_route=%2Fwp%2Fv2%2Fcategories&post=74559"},{"taxonomy":"post_tag","embeddable":true,"href":"https:\/\/folhadosudeste.com\/site\/index.php?rest_route=%2Fwp%2Fv2%2Ftags&post=74559"}],"curies":[{"name":"wp","href":"https:\/\/api.w.org\/{rel}","templated":true}]}}