{"id":74566,"date":"2021-05-13T17:20:25","date_gmt":"2021-05-13T17:20:25","guid":{"rendered":"http:\/\/folhadosudeste.com\/site\/?p=74566"},"modified":"2021-05-14T00:20:54","modified_gmt":"2021-05-14T00:20:54","slug":"vacinacao-com-astrazeneca-esta-suspensa-tambem-para-puerperas","status":"publish","type":"post","link":"https:\/\/folhadosudeste.com\/site\/?p=74566","title":{"rendered":"Vacina\u00e7\u00e3o com AstraZeneca est\u00e1 suspensa para gestantes e pu\u00e9rperas"},"content":{"rendered":"<p><a href=\"http:\/\/folhadosudeste.com\/site\/wp-content\/uploads\/2021\/05\/assistencia-gestantes-puerperas-768x434.jpg\"><img loading=\"lazy\" decoding=\"async\" class=\"alignnone size-full wp-image-74567\" src=\"http:\/\/folhadosudeste.com\/site\/wp-content\/uploads\/2021\/05\/assistencia-gestantes-puerperas-768x434.jpg\" alt=\"\" width=\"768\" height=\"434\" srcset=\"https:\/\/folhadosudeste.com\/site\/wp-content\/uploads\/2021\/05\/assistencia-gestantes-puerperas-768x434.jpg 768w, https:\/\/folhadosudeste.com\/site\/wp-content\/uploads\/2021\/05\/assistencia-gestantes-puerperas-768x434-300x170.jpg 300w\" sizes=\"auto, (max-width: 768px) 100vw, 768px\" \/><\/a><\/p>\n<div style=\"text-align: left;\">O Minist\u00e9rio da Sa\u00fade confirmou na noite de ter\u00e7a-feira (11) que, al\u00e9m das gestantes, a aplica\u00e7\u00e3o do imunizante Oxford\/AstraZeneca\/Fiocruz est\u00e1 suspensa tamb\u00e9m para as pu\u00e9rperas (mulheres que est\u00e3o no per\u00edodo p\u00f3s-parto).<\/div>\n<div style=\"text-align: left;\">&nbsp;<\/div>\n<div style=\"text-align: left;\">J\u00e1 a Coronavac est\u00e1 autorizada para ambos os grupos, desde que tenham comorbidades. Segundo o minist\u00e9rio, aquelas que n\u00e3o apresentarem condi\u00e7\u00f5es de sa\u00fade enquadradas nesta categoria n\u00e3o dever\u00e3o ser imunizadas.<\/div>\n<div>&nbsp;<\/div>\n<p><!--more--><\/p>\n<div style=\"text-align: left;\">&nbsp;<\/div>\n<div style=\"text-align: left;\">Em Muria\u00e9, a vacina\u00e7\u00e3o contra covid-19 para gestantes e pu\u00e9rperas com comorbidades havia come\u00e7ado na segunda-feira \u2013 em ambos os casos, com Oxford\/AstraZeneca\/Fiocruz. Apenas tr\u00eas mulheres chegaram a ser imunizadas, todas elas gr\u00e1vidas.<\/div>\n<div style=\"text-align: left;\">&nbsp;<\/div>\n<div style=\"text-align: left;\">O primeiro grupo foi interrompido j\u00e1 na ter\u00e7a, ap\u00f3s a recomenda\u00e7\u00e3o da Anvisa, e nesta quarta as mulheres no per\u00edodo p\u00f3s-parto tamb\u00e9m foram inclu\u00eddas na suspens\u00e3o.<\/div>\n<div style=\"text-align: left;\">&nbsp;<\/div>\n<div style=\"text-align: left;\">A imuniza\u00e7\u00e3o para estas categorias ser\u00e1 retomada quando houver novamente a disponibilidade de Coronavac para aplica\u00e7\u00e3o de primeira dose \u2013 no momento, todas as unidades deste imunizante est\u00e3o sendo direcionadas para segunda dose junto aos idosos.<\/div>\n<div>&nbsp;<\/div>\n<div>Fonte: PMM\/Foto: Biblioteca virtual de Enfermagem&nbsp;<\/div>\n","protected":false},"excerpt":{"rendered":"<p>O Minist\u00e9rio da Sa\u00fade confirmou na noite de ter\u00e7a-feira (11) que, al\u00e9m das gestantes, a aplica\u00e7\u00e3o do imunizante Oxford\/AstraZeneca\/Fiocruz est\u00e1 suspensa tamb\u00e9m para as pu\u00e9rperas (mulheres que est\u00e3o no per\u00edodo p\u00f3s-parto). &nbsp; J\u00e1 a Coronavac est\u00e1 autorizada para ambos os grupos, desde que tenham comorbidades. Segundo o minist\u00e9rio, aquelas que n\u00e3o apresentarem condi\u00e7\u00f5es de sa\u00fade [&hellip;]<\/p>\n","protected":false},"author":6,"featured_media":0,"comment_status":"open","ping_status":"closed","sticky":false,"template":"","format":"standard","meta":{"_joinchat":[],"footnotes":""},"categories":[1],"tags":[],"class_list":["post-74566","post","type-post","status-publish","format-standard","hentry","category-sem-categoria"],"_links":{"self":[{"href":"https:\/\/folhadosudeste.com\/site\/index.php?rest_route=\/wp\/v2\/posts\/74566","targetHints":{"allow":["GET"]}}],"collection":[{"href":"https:\/\/folhadosudeste.com\/site\/index.php?rest_route=\/wp\/v2\/posts"}],"about":[{"href":"https:\/\/folhadosudeste.com\/site\/index.php?rest_route=\/wp\/v2\/types\/post"}],"author":[{"embeddable":true,"href":"https:\/\/folhadosudeste.com\/site\/index.php?rest_route=\/wp\/v2\/users\/6"}],"replies":[{"embeddable":true,"href":"https:\/\/folhadosudeste.com\/site\/index.php?rest_route=%2Fwp%2Fv2%2Fcomments&post=74566"}],"version-history":[{"count":2,"href":"https:\/\/folhadosudeste.com\/site\/index.php?rest_route=\/wp\/v2\/posts\/74566\/revisions"}],"predecessor-version":[{"id":74618,"href":"https:\/\/folhadosudeste.com\/site\/index.php?rest_route=\/wp\/v2\/posts\/74566\/revisions\/74618"}],"wp:attachment":[{"href":"https:\/\/folhadosudeste.com\/site\/index.php?rest_route=%2Fwp%2Fv2%2Fmedia&parent=74566"}],"wp:term":[{"taxonomy":"category","embeddable":true,"href":"https:\/\/folhadosudeste.com\/site\/index.php?rest_route=%2Fwp%2Fv2%2Fcategories&post=74566"},{"taxonomy":"post_tag","embeddable":true,"href":"https:\/\/folhadosudeste.com\/site\/index.php?rest_route=%2Fwp%2Fv2%2Ftags&post=74566"}],"curies":[{"name":"wp","href":"https:\/\/api.w.org\/{rel}","templated":true}]}}