{"id":74619,"date":"2021-05-14T00:39:50","date_gmt":"2021-05-14T00:39:50","guid":{"rendered":"http:\/\/folhadosudeste.com\/site\/?p=74619"},"modified":"2021-05-14T00:39:50","modified_gmt":"2021-05-14T00:39:50","slug":"vereadora-miriam-facchini-pp-e-a-nova-lider-do-governo-na-camara","status":"publish","type":"post","link":"https:\/\/folhadosudeste.com\/site\/?p=74619","title":{"rendered":"Vereadora Miriam Facchini (PP) \u00e9 a nova l\u00edder do governo na C\u00e2mara"},"content":{"rendered":"<div id=\":1c3\" class=\"ii gt\">\n<div id=\":1c4\" class=\"a3s aiL \">\n<div>\n<div>\n<div>&nbsp;<\/div>\n<\/div>\n<\/div>\n<\/div>\n<\/div>\n<p><a href=\"http:\/\/folhadosudeste.com\/site\/wp-content\/uploads\/2021\/05\/Vereadora-Miriam-Facchini-PP.jpeg\"><img loading=\"lazy\" decoding=\"async\" class=\"alignnone size-full wp-image-74625\" src=\"http:\/\/folhadosudeste.com\/site\/wp-content\/uploads\/2021\/05\/Vereadora-Miriam-Facchini-PP.jpeg\" alt=\"\" width=\"1024\" height=\"689\" srcset=\"https:\/\/folhadosudeste.com\/site\/wp-content\/uploads\/2021\/05\/Vereadora-Miriam-Facchini-PP.jpeg 1024w, https:\/\/folhadosudeste.com\/site\/wp-content\/uploads\/2021\/05\/Vereadora-Miriam-Facchini-PP-300x202.jpeg 300w, https:\/\/folhadosudeste.com\/site\/wp-content\/uploads\/2021\/05\/Vereadora-Miriam-Facchini-PP-768x517.jpeg 768w, https:\/\/folhadosudeste.com\/site\/wp-content\/uploads\/2021\/05\/Vereadora-Miriam-Facchini-PP-120x80.jpeg 120w\" sizes=\"auto, (max-width: 1024px) 100vw, 1024px\" \/><\/a><\/p>\n<p style=\"text-align: left;\">Ap\u00f3s&nbsp;of\u00edcio enviado pelo Executivo municipal em 5 de maio, a vereadora Miriam Facchini (PP) foi indicada como a nova&nbsp;l\u00edder&nbsp;do&nbsp;governo&nbsp;para 2021 na C\u00e2mara de Muria\u00e9. Miriam substitui o vereador Christian Tanus Bahia (PTB), que exercia a fun\u00e7\u00e3o at\u00e9 o in\u00edcio deste m\u00eas.<\/p>\n<p><!--more--><\/p>\n<p style=\"text-align: left;\">Engenheira de forma\u00e7\u00e3o, Miriam Facchini cumpre atualmente seu segundo mandato no Legislativo. Antes de assumir a cadeira de vereadora na C\u00e2mara, atuou, entre 2001 e 2005, como coordenadora do Conselho Municipal de Defesa Civil (Comdec) de Muria\u00e9 e presidente do Conselho Municipal de Planejamento Urbano (Comuplan).<\/p>\n<p style=\"text-align: left;\">Al\u00e9m disso, ocupou em 2012 o cargo de secret\u00e1ria Municipal de Meio Ambiente e presidente do Conselho Municipal de Meio Ambiente (Codema) e como secret\u00e1ria Municipal de Obras por dois mandatos \u2013 2001\/2004 e 2013\/2016.<\/p>\n<p style=\"text-align: left;\">A vereadora disse que, enquanto l\u00edder do governo, vai trabalhar \u201cpelo bom entendimento entre as bases e lideran\u00e7as pol\u00edticas da cidade, ajudando o gestor municipal e a cidade avan\u00e7ar nos temas primordiais\u201d.<\/p>\n<p style=\"text-align: left;\">\u201cMais do que simplesmente servir de \u2018ponte\u2019 entre os Poderes Legislativo e Executivo, vamos buscar colocar a fun\u00e7\u00e3o de l\u00edder a servi\u00e7o do munic\u00edpio como um todo. O principal objetivo dessa lideran\u00e7a \u00e9 estreitar as rela\u00e7\u00f5es entre os Poderes, para que possamos nos unir para trabalhar por uma Muria\u00e9 melhor. Vamos ouvir todos, e levarei as demandas dos meus pares e das comunidades ao prefeito e aos secret\u00e1rios municipais\u201d, conta.<\/p>\n<p style=\"text-align: left;\">Ainda de acordo com a nova l\u00edder de governo, o fato de conhecer a m\u00e1quina administrativa do Executivo vai facilitar essa interlocu\u00e7\u00e3o. \u201cPor conhecer o prefeito Jos\u00e9 Braz e seu secretariado, sabemos que todos pautam pelo dialogo prioritariamente, o que tornam as rela\u00e7\u00f5es entre os Poderes mais f\u00e1ceis\u201d, avalia. \u201cOcupar essa fun\u00e7\u00e3o \u00e9 um grande desafio para mim, mas me sinto preparada para a tarefa. Agrade\u00e7o ao prefeito Jos\u00e9 Braz pela confian\u00e7a em mim para assumir este compromisso\u201d, conclui.<\/p>\n<p style=\"text-align: left;\"><a href=\"http:\/\/folhadosudeste.com\/site\/wp-content\/uploads\/2021\/05\/Vereadora-Miriam-Facchini-PP-2.jpg\"><img loading=\"lazy\" decoding=\"async\" class=\"alignnone size-full wp-image-74626\" src=\"http:\/\/folhadosudeste.com\/site\/wp-content\/uploads\/2021\/05\/Vereadora-Miriam-Facchini-PP-2.jpg\" alt=\"\" width=\"1000\" height=\"738\" srcset=\"https:\/\/folhadosudeste.com\/site\/wp-content\/uploads\/2021\/05\/Vereadora-Miriam-Facchini-PP-2.jpg 1000w, https:\/\/folhadosudeste.com\/site\/wp-content\/uploads\/2021\/05\/Vereadora-Miriam-Facchini-PP-2-300x221.jpg 300w, https:\/\/folhadosudeste.com\/site\/wp-content\/uploads\/2021\/05\/Vereadora-Miriam-Facchini-PP-2-768x567.jpg 768w\" sizes=\"auto, (max-width: 1000px) 100vw, 1000px\" \/><\/a><\/p>\n<p style=\"text-align: left;\"><b><i>Fonte\/fotos: CMM<\/i><\/b><\/p>\n<div class=\"yj6qo\" style=\"text-align: left;\">&nbsp;<\/div>\n<div id=\":1ak\" class=\"hq gt\" style=\"text-align: left;\">&nbsp;<\/div>\n","protected":false},"excerpt":{"rendered":"<p>&nbsp; Ap\u00f3s&nbsp;of\u00edcio enviado pelo Executivo municipal em 5 de maio, a vereadora Miriam Facchini (PP) foi indicada como a nova&nbsp;l\u00edder&nbsp;do&nbsp;governo&nbsp;para 2021 na C\u00e2mara de Muria\u00e9. Miriam substitui o vereador Christian Tanus Bahia (PTB), que exercia a fun\u00e7\u00e3o at\u00e9 o in\u00edcio deste m\u00eas.<\/p>\n","protected":false},"author":6,"featured_media":0,"comment_status":"open","ping_status":"closed","sticky":false,"template":"","format":"standard","meta":{"_joinchat":[],"footnotes":""},"categories":[1],"tags":[],"class_list":["post-74619","post","type-post","status-publish","format-standard","hentry","category-sem-categoria"],"_links":{"self":[{"href":"https:\/\/folhadosudeste.com\/site\/index.php?rest_route=\/wp\/v2\/posts\/74619","targetHints":{"allow":["GET"]}}],"collection":[{"href":"https:\/\/folhadosudeste.com\/site\/index.php?rest_route=\/wp\/v2\/posts"}],"about":[{"href":"https:\/\/folhadosudeste.com\/site\/index.php?rest_route=\/wp\/v2\/types\/post"}],"author":[{"embeddable":true,"href":"https:\/\/folhadosudeste.com\/site\/index.php?rest_route=\/wp\/v2\/users\/6"}],"replies":[{"embeddable":true,"href":"https:\/\/folhadosudeste.com\/site\/index.php?rest_route=%2Fwp%2Fv2%2Fcomments&post=74619"}],"version-history":[{"count":1,"href":"https:\/\/folhadosudeste.com\/site\/index.php?rest_route=\/wp\/v2\/posts\/74619\/revisions"}],"predecessor-version":[{"id":74627,"href":"https:\/\/folhadosudeste.com\/site\/index.php?rest_route=\/wp\/v2\/posts\/74619\/revisions\/74627"}],"wp:attachment":[{"href":"https:\/\/folhadosudeste.com\/site\/index.php?rest_route=%2Fwp%2Fv2%2Fmedia&parent=74619"}],"wp:term":[{"taxonomy":"category","embeddable":true,"href":"https:\/\/folhadosudeste.com\/site\/index.php?rest_route=%2Fwp%2Fv2%2Fcategories&post=74619"},{"taxonomy":"post_tag","embeddable":true,"href":"https:\/\/folhadosudeste.com\/site\/index.php?rest_route=%2Fwp%2Fv2%2Ftags&post=74619"}],"curies":[{"name":"wp","href":"https:\/\/api.w.org\/{rel}","templated":true}]}}