{"id":74628,"date":"2021-05-14T00:42:46","date_gmt":"2021-05-14T00:42:46","guid":{"rendered":"http:\/\/folhadosudeste.com\/site\/?p=74628"},"modified":"2021-05-14T00:42:46","modified_gmt":"2021-05-14T00:42:46","slug":"procon-inspeciona-valores-da-cesta-basica-em-supermercados-de-muriae","status":"publish","type":"post","link":"https:\/\/folhadosudeste.com\/site\/?p=74628","title":{"rendered":"Procon inspeciona valores da cesta b\u00e1sica em supermercados de Muria\u00e9"},"content":{"rendered":"<p><a href=\"http:\/\/folhadosudeste.com\/site\/wp-content\/uploads\/2021\/05\/IMG_3769.jpg\"><img loading=\"lazy\" decoding=\"async\" class=\"alignnone size-full wp-image-74620\" src=\"http:\/\/folhadosudeste.com\/site\/wp-content\/uploads\/2021\/05\/IMG_3769.jpg\" alt=\"\" width=\"2048\" height=\"1536\" srcset=\"https:\/\/folhadosudeste.com\/site\/wp-content\/uploads\/2021\/05\/IMG_3769.jpg 2048w, https:\/\/folhadosudeste.com\/site\/wp-content\/uploads\/2021\/05\/IMG_3769-300x225.jpg 300w, https:\/\/folhadosudeste.com\/site\/wp-content\/uploads\/2021\/05\/IMG_3769-768x576.jpg 768w, https:\/\/folhadosudeste.com\/site\/wp-content\/uploads\/2021\/05\/IMG_3769-1024x768.jpg 1024w\" sizes=\"auto, (max-width: 2048px) 100vw, 2048px\" \/><\/a><\/p>\n<p align=\"justify\">O Procon iniciou neste dia 12 de maio uma vistoria nos supermercados da cidade para verificar o valor da cesta b\u00e1sica nos estabelecimentos. A averigua\u00e7\u00e3o foi solicitada pela C\u00e2mara de Vereadores, que recebeu muitas reclama\u00e7\u00f5es de pre\u00e7os abusivos e decidiu criar uma sindic\u00e2ncia atrav\u00e9s da Comiss\u00e3o dos Direitos do Consumidor.<\/p>\n<p align=\"justify\"><!--more--><\/p>\n<p align=\"justify\">A unidade de Muria\u00e9 de fiscaliza\u00e7\u00e3o do C\u00f3digo de Defesa do Consumidor dever\u00e1 permanecer neste tipo de servi\u00e7o at\u00e9 terminar a visita a todos os estabelecimentos. A quest\u00e3o levantada junto as ger\u00eancias de cada com\u00e9rcio \u00e9 a apresenta\u00e7\u00e3o de uma planilha com base de c\u00e1lculo, objetivando avaliar os pre\u00e7os finais dos produtos que s\u00e3o repassados para os clientes. Os principais produtos questionados s\u00e3o o arroz, feij\u00e3o, a\u00e7\u00facar, caf\u00e9 e \u00f3leo.<\/p>\n<p align=\"justify\">De acordo com o diretor do Procon, Cristiano de Assis, a cada dia ser\u00e3o feitas inspe\u00e7\u00f5es nos bairros. \u201cVisitaremos cada estabelecimento do munic\u00edpio e, ent\u00e3o aguardaremos os laudos a serem apresentados por cada empresa e, assim, faremos uma compara\u00e7\u00e3o com valores praticados em outras cidades. Confrontaremos os dados e faremos um relat\u00f3rio comparativo de pre\u00e7os para enviar as autoridades competentes\u201d, disse.<\/p>\n<p align=\"justify\">Os vereadores Miriam Facchini, Christian Tanus Bahia e Evandro Cheroso, titulares da Comiss\u00e3o dos Direitos do Consumidor, acompanharam as primeiras inspe\u00e7\u00f5es para registrar os levantamentos. \u201cRecebemos v\u00e1rios questionamentos da popula\u00e7\u00e3o dizendo que cada vez que v\u00e3o aos mercados encontram pre\u00e7os mais altos. N\u00e3o est\u00e3o conseguindo comprar as cestas b\u00e1sicas dentro do padr\u00e3o de que antes consumiam. Precisaram tirar alguns produtos. A base disto tudo, \u00e9 o alto \u00edndice de desemprego e a renda inexistente que as fam\u00edlias passaram a ter neste per\u00edodo de pandemia. N\u00f3s pretendemos, com est\u00e1 reivindica\u00e7\u00e3o, alcan\u00e7ar resultados positivos para as pessoas mais carentes\u201d, frisou a legisladora.<\/p>\n<p align=\"justify\">Os pontos comerciais ser\u00e3o fiscalizados em sua totalidade durante as pr\u00f3ximas semanas. Todos os supermercados de Muria\u00e9 dever\u00e3o apresentar a rela\u00e7\u00e3o de pre\u00e7os dos produtos da Cesta B\u00e1sica. Ao final da vistoria, o Procon far\u00e1 planilhas de base de custos e dever\u00e1 organizar um relat\u00f3rio t\u00e9cnico. Os resultados ser\u00e3o destinados para a C\u00e2mara Municipal e Minist\u00e9rio P\u00fablico para as poss\u00edveis autua\u00e7\u00f5es.<\/p>\n<p align=\"justify\"><a href=\"http:\/\/folhadosudeste.com\/site\/wp-content\/uploads\/2021\/05\/IMG_3796.jpg\"><img loading=\"lazy\" decoding=\"async\" class=\"alignnone size-full wp-image-74622\" src=\"http:\/\/folhadosudeste.com\/site\/wp-content\/uploads\/2021\/05\/IMG_3796.jpg\" alt=\"\" width=\"2048\" height=\"1536\" srcset=\"https:\/\/folhadosudeste.com\/site\/wp-content\/uploads\/2021\/05\/IMG_3796.jpg 2048w, https:\/\/folhadosudeste.com\/site\/wp-content\/uploads\/2021\/05\/IMG_3796-300x225.jpg 300w, https:\/\/folhadosudeste.com\/site\/wp-content\/uploads\/2021\/05\/IMG_3796-768x576.jpg 768w, https:\/\/folhadosudeste.com\/site\/wp-content\/uploads\/2021\/05\/IMG_3796-1024x768.jpg 1024w\" sizes=\"auto, (max-width: 2048px) 100vw, 2048px\" \/><\/a><\/p>\n<p align=\"justify\"><a href=\"http:\/\/folhadosudeste.com\/site\/wp-content\/uploads\/2021\/05\/IMG_3781.jpg\"><img loading=\"lazy\" decoding=\"async\" class=\"alignnone size-full wp-image-74624\" src=\"http:\/\/folhadosudeste.com\/site\/wp-content\/uploads\/2021\/05\/IMG_3781.jpg\" alt=\"\" width=\"2048\" height=\"1536\" srcset=\"https:\/\/folhadosudeste.com\/site\/wp-content\/uploads\/2021\/05\/IMG_3781.jpg 2048w, https:\/\/folhadosudeste.com\/site\/wp-content\/uploads\/2021\/05\/IMG_3781-300x225.jpg 300w, https:\/\/folhadosudeste.com\/site\/wp-content\/uploads\/2021\/05\/IMG_3781-768x576.jpg 768w, https:\/\/folhadosudeste.com\/site\/wp-content\/uploads\/2021\/05\/IMG_3781-1024x768.jpg 1024w\" sizes=\"auto, (max-width: 2048px) 100vw, 2048px\" \/><\/a><\/p>\n<p align=\"justify\"><a href=\"http:\/\/folhadosudeste.com\/site\/wp-content\/uploads\/2021\/05\/IMG_3791.jpg\"><img loading=\"lazy\" decoding=\"async\" class=\"alignnone size-full wp-image-74623\" src=\"http:\/\/folhadosudeste.com\/site\/wp-content\/uploads\/2021\/05\/IMG_3791.jpg\" alt=\"\" width=\"2048\" height=\"1536\" srcset=\"https:\/\/folhadosudeste.com\/site\/wp-content\/uploads\/2021\/05\/IMG_3791.jpg 2048w, https:\/\/folhadosudeste.com\/site\/wp-content\/uploads\/2021\/05\/IMG_3791-300x225.jpg 300w, https:\/\/folhadosudeste.com\/site\/wp-content\/uploads\/2021\/05\/IMG_3791-768x576.jpg 768w, https:\/\/folhadosudeste.com\/site\/wp-content\/uploads\/2021\/05\/IMG_3791-1024x768.jpg 1024w\" sizes=\"auto, (max-width: 2048px) 100vw, 2048px\" \/><\/a><\/p>\n<p align=\"justify\"><a href=\"http:\/\/folhadosudeste.com\/site\/wp-content\/uploads\/2021\/05\/IMG_3776.jpg\"><img loading=\"lazy\" decoding=\"async\" class=\"alignnone size-full wp-image-74621\" src=\"http:\/\/folhadosudeste.com\/site\/wp-content\/uploads\/2021\/05\/IMG_3776.jpg\" alt=\"\" width=\"2048\" height=\"1536\" srcset=\"https:\/\/folhadosudeste.com\/site\/wp-content\/uploads\/2021\/05\/IMG_3776.jpg 2048w, https:\/\/folhadosudeste.com\/site\/wp-content\/uploads\/2021\/05\/IMG_3776-300x225.jpg 300w, https:\/\/folhadosudeste.com\/site\/wp-content\/uploads\/2021\/05\/IMG_3776-768x576.jpg 768w, https:\/\/folhadosudeste.com\/site\/wp-content\/uploads\/2021\/05\/IMG_3776-1024x768.jpg 1024w\" sizes=\"auto, (max-width: 2048px) 100vw, 2048px\" \/><\/a><\/p>\n<p align=\"justify\">Fonte: PMM&nbsp;<\/p>\n","protected":false},"excerpt":{"rendered":"<p>O Procon iniciou neste dia 12 de maio uma vistoria nos supermercados da cidade para verificar o valor da cesta b\u00e1sica nos estabelecimentos. A averigua\u00e7\u00e3o foi solicitada pela C\u00e2mara de Vereadores, que recebeu muitas reclama\u00e7\u00f5es de pre\u00e7os abusivos e decidiu criar uma sindic\u00e2ncia atrav\u00e9s da Comiss\u00e3o dos Direitos do Consumidor.<\/p>\n","protected":false},"author":6,"featured_media":0,"comment_status":"open","ping_status":"closed","sticky":false,"template":"","format":"standard","meta":{"_joinchat":[],"footnotes":""},"categories":[1],"tags":[],"class_list":["post-74628","post","type-post","status-publish","format-standard","hentry","category-sem-categoria"],"_links":{"self":[{"href":"https:\/\/folhadosudeste.com\/site\/index.php?rest_route=\/wp\/v2\/posts\/74628","targetHints":{"allow":["GET"]}}],"collection":[{"href":"https:\/\/folhadosudeste.com\/site\/index.php?rest_route=\/wp\/v2\/posts"}],"about":[{"href":"https:\/\/folhadosudeste.com\/site\/index.php?rest_route=\/wp\/v2\/types\/post"}],"author":[{"embeddable":true,"href":"https:\/\/folhadosudeste.com\/site\/index.php?rest_route=\/wp\/v2\/users\/6"}],"replies":[{"embeddable":true,"href":"https:\/\/folhadosudeste.com\/site\/index.php?rest_route=%2Fwp%2Fv2%2Fcomments&post=74628"}],"version-history":[{"count":1,"href":"https:\/\/folhadosudeste.com\/site\/index.php?rest_route=\/wp\/v2\/posts\/74628\/revisions"}],"predecessor-version":[{"id":74629,"href":"https:\/\/folhadosudeste.com\/site\/index.php?rest_route=\/wp\/v2\/posts\/74628\/revisions\/74629"}],"wp:attachment":[{"href":"https:\/\/folhadosudeste.com\/site\/index.php?rest_route=%2Fwp%2Fv2%2Fmedia&parent=74628"}],"wp:term":[{"taxonomy":"category","embeddable":true,"href":"https:\/\/folhadosudeste.com\/site\/index.php?rest_route=%2Fwp%2Fv2%2Fcategories&post=74628"},{"taxonomy":"post_tag","embeddable":true,"href":"https:\/\/folhadosudeste.com\/site\/index.php?rest_route=%2Fwp%2Fv2%2Ftags&post=74628"}],"curies":[{"name":"wp","href":"https:\/\/api.w.org\/{rel}","templated":true}]}}