{"id":74630,"date":"2021-05-14T21:47:38","date_gmt":"2021-05-14T21:47:38","guid":{"rendered":"http:\/\/folhadosudeste.com\/site\/?p=74630"},"modified":"2021-05-14T21:54:33","modified_gmt":"2021-05-14T21:54:33","slug":"novo-calendario-de-vacinacao-contra-covid-19","status":"publish","type":"post","link":"https:\/\/folhadosudeste.com\/site\/?p=74630","title":{"rendered":"Novo calend\u00e1rio de vacina\u00e7\u00e3o contra covid-19"},"content":{"rendered":"<div><a href=\"http:\/\/folhadosudeste.com\/site\/wp-content\/uploads\/2021\/05\/2c4e943f-ab05-4f99-b159-0319b470cba7.jpg\"><img loading=\"lazy\" decoding=\"async\" class=\"alignnone size-full wp-image-74637\" src=\"http:\/\/folhadosudeste.com\/site\/wp-content\/uploads\/2021\/05\/2c4e943f-ab05-4f99-b159-0319b470cba7.jpg\" alt=\"\" width=\"1040\" height=\"1280\" srcset=\"https:\/\/folhadosudeste.com\/site\/wp-content\/uploads\/2021\/05\/2c4e943f-ab05-4f99-b159-0319b470cba7.jpg 1040w, https:\/\/folhadosudeste.com\/site\/wp-content\/uploads\/2021\/05\/2c4e943f-ab05-4f99-b159-0319b470cba7-244x300.jpg 244w, https:\/\/folhadosudeste.com\/site\/wp-content\/uploads\/2021\/05\/2c4e943f-ab05-4f99-b159-0319b470cba7-768x945.jpg 768w, https:\/\/folhadosudeste.com\/site\/wp-content\/uploads\/2021\/05\/2c4e943f-ab05-4f99-b159-0319b470cba7-832x1024.jpg 832w\" sizes=\"auto, (max-width: 1040px) 100vw, 1040px\" \/><\/a><\/div>\n<div>&nbsp;<\/div>\n<div style=\"text-align: left;\">A vacina\u00e7\u00e3o contra a covid-19 segue acontecendo em Muria\u00e9. Na pr\u00f3xima segunda e ter\u00e7a-feira (17 e 18 de maio), ser\u00e1 a vez das pessoas com idade a partir de 50 anos &#8211; desde que tenham comorbidades ou defici\u00eancia permanente.&nbsp;<\/div>\n<div style=\"text-align: left;\">&nbsp;<\/div>\n<div style=\"text-align: left;\"><strong>Vale lembrar que \u00e9 obrigat\u00f3rio apresentar atestado m\u00e9dico atualizado.<\/strong><\/div>\n<div style=\"text-align: left;\">&nbsp;<\/div>\n<div style=\"text-align: left;\">O imunizante utilizado ser\u00e1 o Oxford\/AstraZeneca\/Fiocruz. O atendimento aos pacientes ser\u00e1 nas escolas municipais do Centro, Barra, Dornelas e Porto, das 8h \u00e0s 11h. Ser\u00e3o distribu\u00eddas 250 senhas por dia em cada um dos quatro locais de vacina\u00e7\u00e3o.<\/div>\n<div>&nbsp;<\/div>\n<p><!--more--><\/p>\n<div style=\"text-align: left;\">&nbsp;<\/div>\n<div style=\"text-align: left;\">No caso das comorbidades, s\u00e3o aceitas:&nbsp;<\/div>\n<div style=\"text-align: left;\">&nbsp;<\/div>\n<div style=\"text-align: left;\">&#8211; diabetes;&nbsp;<\/div>\n<div style=\"text-align: left;\">&#8211; hipertens\u00e3o arterial resistente<\/div>\n<div style=\"text-align: left;\">&#8211; hipertens\u00e3o arterial grau 3<\/div>\n<div style=\"text-align: left;\">hipertens\u00e3o arterial grau 1 e 2, desde que associada a outra comorbidade ou com les\u00e3o em \u00f3rg\u00e3o-alvo da covid;<\/div>\n<div style=\"text-align: left;\">&#8211; doen\u00e7a pulmonar obstrutiva cr\u00f4nica;<\/div>\n<div style=\"text-align: left;\">&#8211; insufici\u00eancia renal;<\/div>\n<div style=\"text-align: left;\">&#8211; doen\u00e7a cardiovascular \/ cerebrovascular;<\/div>\n<div style=\"text-align: left;\">&#8211; transplante de \u00f3rg\u00e3o s\u00f3lido ou de medula \u00f3ssea;<\/div>\n<div style=\"text-align: left;\">&#8211; doen\u00e7a imunossupressora<\/div>\n<div style=\"text-align: left;\">&#8211; anemia falciforme<\/div>\n<div style=\"text-align: left;\">&#8211; obesidade grau 3 (IMC igual ou superior a 40)<\/div>\n<div style=\"text-align: left;\">&nbsp;<\/div>\n<div style=\"text-align: left;\">J\u00e1 no caso das pessoas com defici\u00eancia permanente, al\u00e9m da idade a partir de 50 anos, tamb\u00e9m \u00e9 necess\u00e1rio ser cadastrado no programa do Benef\u00edcio de Presta\u00e7\u00e3o Continuada (BPC).<\/div>\n<div style=\"text-align: left;\">&nbsp;<\/div>\n<div style=\"text-align: left;\">Outros p\u00fablicos &#8211; Pessoas com s\u00edndrome de Down ou que fa\u00e7am terapia de hemodi\u00e1lise tamb\u00e9m poder\u00e3o receber a primeira dose da Astrazeneca nas mesmas datas. Nestes casos, o acesso \u00e0 vacina \u00e9 para qualquer idade a partir de 18 anos.<\/div>\n<div>&nbsp;<\/div>\n<div>Fonte: PMM<\/div>\n","protected":false},"excerpt":{"rendered":"<p>&nbsp; A vacina\u00e7\u00e3o contra a covid-19 segue acontecendo em Muria\u00e9. Na pr\u00f3xima segunda e ter\u00e7a-feira (17 e 18 de maio), ser\u00e1 a vez das pessoas com idade a partir de 50 anos &#8211; desde que tenham comorbidades ou defici\u00eancia permanente.&nbsp; &nbsp; Vale lembrar que \u00e9 obrigat\u00f3rio apresentar atestado m\u00e9dico atualizado. &nbsp; O imunizante utilizado ser\u00e1 [&hellip;]<\/p>\n","protected":false},"author":6,"featured_media":0,"comment_status":"open","ping_status":"closed","sticky":false,"template":"","format":"standard","meta":{"_joinchat":[],"footnotes":""},"categories":[1],"tags":[],"class_list":["post-74630","post","type-post","status-publish","format-standard","hentry","category-sem-categoria"],"_links":{"self":[{"href":"https:\/\/folhadosudeste.com\/site\/index.php?rest_route=\/wp\/v2\/posts\/74630","targetHints":{"allow":["GET"]}}],"collection":[{"href":"https:\/\/folhadosudeste.com\/site\/index.php?rest_route=\/wp\/v2\/posts"}],"about":[{"href":"https:\/\/folhadosudeste.com\/site\/index.php?rest_route=\/wp\/v2\/types\/post"}],"author":[{"embeddable":true,"href":"https:\/\/folhadosudeste.com\/site\/index.php?rest_route=\/wp\/v2\/users\/6"}],"replies":[{"embeddable":true,"href":"https:\/\/folhadosudeste.com\/site\/index.php?rest_route=%2Fwp%2Fv2%2Fcomments&post=74630"}],"version-history":[{"count":3,"href":"https:\/\/folhadosudeste.com\/site\/index.php?rest_route=\/wp\/v2\/posts\/74630\/revisions"}],"predecessor-version":[{"id":74638,"href":"https:\/\/folhadosudeste.com\/site\/index.php?rest_route=\/wp\/v2\/posts\/74630\/revisions\/74638"}],"wp:attachment":[{"href":"https:\/\/folhadosudeste.com\/site\/index.php?rest_route=%2Fwp%2Fv2%2Fmedia&parent=74630"}],"wp:term":[{"taxonomy":"category","embeddable":true,"href":"https:\/\/folhadosudeste.com\/site\/index.php?rest_route=%2Fwp%2Fv2%2Fcategories&post=74630"},{"taxonomy":"post_tag","embeddable":true,"href":"https:\/\/folhadosudeste.com\/site\/index.php?rest_route=%2Fwp%2Fv2%2Ftags&post=74630"}],"curies":[{"name":"wp","href":"https:\/\/api.w.org\/{rel}","templated":true}]}}