{"id":74639,"date":"2021-05-14T22:03:04","date_gmt":"2021-05-14T22:03:04","guid":{"rendered":"http:\/\/folhadosudeste.com\/site\/?p=74639"},"modified":"2021-05-14T22:03:04","modified_gmt":"2021-05-14T22:03:04","slug":"exposicao-marca-comemoracao-dos-166-anos-de-emancipacao-de-muriae","status":"publish","type":"post","link":"https:\/\/folhadosudeste.com\/site\/?p=74639","title":{"rendered":"Exposi\u00e7\u00e3o marca comemora\u00e7\u00e3o dos 166 anos de emancipa\u00e7\u00e3o de Muria\u00e9"},"content":{"rendered":"<p><a href=\"http:\/\/folhadosudeste.com\/site\/wp-content\/uploads\/2021\/05\/IMG-20210512-WA0034.jpg\"><img loading=\"lazy\" decoding=\"async\" class=\"alignnone size-full wp-image-74640\" src=\"http:\/\/folhadosudeste.com\/site\/wp-content\/uploads\/2021\/05\/IMG-20210512-WA0034.jpg\" alt=\"\" width=\"1080\" height=\"1080\" srcset=\"https:\/\/folhadosudeste.com\/site\/wp-content\/uploads\/2021\/05\/IMG-20210512-WA0034.jpg 1080w, https:\/\/folhadosudeste.com\/site\/wp-content\/uploads\/2021\/05\/IMG-20210512-WA0034-150x150.jpg 150w, https:\/\/folhadosudeste.com\/site\/wp-content\/uploads\/2021\/05\/IMG-20210512-WA0034-300x300.jpg 300w, https:\/\/folhadosudeste.com\/site\/wp-content\/uploads\/2021\/05\/IMG-20210512-WA0034-768x768.jpg 768w, https:\/\/folhadosudeste.com\/site\/wp-content\/uploads\/2021\/05\/IMG-20210512-WA0034-1024x1024.jpg 1024w\" sizes=\"auto, (max-width: 1080px) 100vw, 1080px\" \/><\/a><\/p>\n<p align=\"justify\">A comemora\u00e7\u00e3o da Emancipa\u00e7\u00e3o Pol\u00edtico Administrativa da cidade acontecer\u00e1 neste domingo, 16 de maio: Muria\u00e9 &#8211; 166 anos. A Prefeitura e Funda\u00e7\u00e3o de Cultura e Arte \u2013 Fundarte, por meio do Pa\u00e7o Municipal, apresentam, de sexta-feira (14) at\u00e9 o dia 28 de maio, na Pra\u00e7a Coronel Pacheco de Medeiros (pra\u00e7a da prefeitura), as fotografias que narram um pouco da trajet\u00f3ria do munic\u00edpio.<\/p>\n<p align=\"justify\"><!--more--><\/p>\n<p align=\"justify\">A exposi\u00e7\u00e3o ser\u00e1 um convite aos transeuntes, j\u00e1 que ao cruzarem a pra\u00e7a perceber\u00e3o uma galeria de arte a c\u00e9u aberto. \u201cA exposi\u00e7\u00e3o foi adequada ao momento que estamos vivendo. Ao ar livre. Todos podem passar e observar a evolu\u00e7\u00e3o da cidade, pois aqui estar\u00e3o representadas as variadas fases do munic\u00edpio. Ser\u00e1 uma oportunidade para conhecer um pouco mais sobre nossa terra\u201d, explicou o historiador, respons\u00e1vel pelo Pa\u00e7o Municipal, Jo\u00e3o Carlos Vargas.<\/p>\n<p align=\"justify\">Muria\u00e9 antigamente fazia parte do munic\u00edpio de S\u00e3o Jo\u00e3o Batista do Pres\u00eddio que hoje \u00e9 a conhecida Visconde do Rio Branco. Ap\u00f3s a emancipa\u00e7\u00e3o pol\u00edtico administrativa, a cidade ganhou o seu pr\u00f3prio territ\u00f3rio e passou a envolver 21 localidades.<\/p>\n<p align=\"justify\">Durante a exposi\u00e7\u00e3o, o Pa\u00e7o Municipal estar\u00e1 aberto de 7h30 \u00e0s 17h para receber visitas. Um dos espa\u00e7os que ter\u00e1 um volume de material para ser oferecido aos interessados na vida hist\u00f3rica do munic\u00edpio ser\u00e1 a sala \u201cTerrit\u00f3rio muriaeense\u201d. No local, as pessoas ter\u00e3o acesso as origens do povoamento da regi\u00e3o.<\/p>\n<p><b>Servi\u00e7o:<\/b><\/p>\n<p>Exposi\u00e7\u00e3o: Muria\u00e9 \u2013 166 anos<\/p>\n<p>Data: 14 a 28 de maio<\/p>\n<p>Local: Pra\u00e7a Coronel Pacheco de Medeiros e Pa\u00e7o Municipal<\/p>\n<p><a href=\"http:\/\/folhadosudeste.com\/site\/wp-content\/uploads\/2021\/05\/20210514_102234.jpg\"><img loading=\"lazy\" decoding=\"async\" class=\"alignnone size-full wp-image-74641\" src=\"http:\/\/folhadosudeste.com\/site\/wp-content\/uploads\/2021\/05\/20210514_102234.jpg\" alt=\"\" width=\"2048\" height=\"1536\" srcset=\"https:\/\/folhadosudeste.com\/site\/wp-content\/uploads\/2021\/05\/20210514_102234.jpg 2048w, https:\/\/folhadosudeste.com\/site\/wp-content\/uploads\/2021\/05\/20210514_102234-300x225.jpg 300w, https:\/\/folhadosudeste.com\/site\/wp-content\/uploads\/2021\/05\/20210514_102234-768x576.jpg 768w, https:\/\/folhadosudeste.com\/site\/wp-content\/uploads\/2021\/05\/20210514_102234-1024x768.jpg 1024w\" sizes=\"auto, (max-width: 2048px) 100vw, 2048px\" \/><\/a> <a href=\"http:\/\/folhadosudeste.com\/site\/wp-content\/uploads\/2021\/05\/20210514_102252.jpg\"><img loading=\"lazy\" decoding=\"async\" class=\"alignnone size-full wp-image-74642\" src=\"http:\/\/folhadosudeste.com\/site\/wp-content\/uploads\/2021\/05\/20210514_102252.jpg\" alt=\"\" width=\"2048\" height=\"1536\" srcset=\"https:\/\/folhadosudeste.com\/site\/wp-content\/uploads\/2021\/05\/20210514_102252.jpg 2048w, https:\/\/folhadosudeste.com\/site\/wp-content\/uploads\/2021\/05\/20210514_102252-300x225.jpg 300w, https:\/\/folhadosudeste.com\/site\/wp-content\/uploads\/2021\/05\/20210514_102252-768x576.jpg 768w, https:\/\/folhadosudeste.com\/site\/wp-content\/uploads\/2021\/05\/20210514_102252-1024x768.jpg 1024w\" sizes=\"auto, (max-width: 2048px) 100vw, 2048px\" \/><\/a><\/p>\n<p>Fonte: PMM<\/p>\n","protected":false},"excerpt":{"rendered":"<p>A comemora\u00e7\u00e3o da Emancipa\u00e7\u00e3o Pol\u00edtico Administrativa da cidade acontecer\u00e1 neste domingo, 16 de maio: Muria\u00e9 &#8211; 166 anos. A Prefeitura e Funda\u00e7\u00e3o de Cultura e Arte \u2013 Fundarte, por meio do Pa\u00e7o Municipal, apresentam, de sexta-feira (14) at\u00e9 o dia 28 de maio, na Pra\u00e7a Coronel Pacheco de Medeiros (pra\u00e7a da prefeitura), as fotografias que [&hellip;]<\/p>\n","protected":false},"author":6,"featured_media":0,"comment_status":"open","ping_status":"closed","sticky":false,"template":"","format":"standard","meta":{"_joinchat":[],"footnotes":""},"categories":[1],"tags":[],"class_list":["post-74639","post","type-post","status-publish","format-standard","hentry","category-sem-categoria"],"_links":{"self":[{"href":"https:\/\/folhadosudeste.com\/site\/index.php?rest_route=\/wp\/v2\/posts\/74639","targetHints":{"allow":["GET"]}}],"collection":[{"href":"https:\/\/folhadosudeste.com\/site\/index.php?rest_route=\/wp\/v2\/posts"}],"about":[{"href":"https:\/\/folhadosudeste.com\/site\/index.php?rest_route=\/wp\/v2\/types\/post"}],"author":[{"embeddable":true,"href":"https:\/\/folhadosudeste.com\/site\/index.php?rest_route=\/wp\/v2\/users\/6"}],"replies":[{"embeddable":true,"href":"https:\/\/folhadosudeste.com\/site\/index.php?rest_route=%2Fwp%2Fv2%2Fcomments&post=74639"}],"version-history":[{"count":1,"href":"https:\/\/folhadosudeste.com\/site\/index.php?rest_route=\/wp\/v2\/posts\/74639\/revisions"}],"predecessor-version":[{"id":74643,"href":"https:\/\/folhadosudeste.com\/site\/index.php?rest_route=\/wp\/v2\/posts\/74639\/revisions\/74643"}],"wp:attachment":[{"href":"https:\/\/folhadosudeste.com\/site\/index.php?rest_route=%2Fwp%2Fv2%2Fmedia&parent=74639"}],"wp:term":[{"taxonomy":"category","embeddable":true,"href":"https:\/\/folhadosudeste.com\/site\/index.php?rest_route=%2Fwp%2Fv2%2Fcategories&post=74639"},{"taxonomy":"post_tag","embeddable":true,"href":"https:\/\/folhadosudeste.com\/site\/index.php?rest_route=%2Fwp%2Fv2%2Ftags&post=74639"}],"curies":[{"name":"wp","href":"https:\/\/api.w.org\/{rel}","templated":true}]}}