{"id":74650,"date":"2021-05-17T15:04:49","date_gmt":"2021-05-17T15:04:49","guid":{"rendered":"http:\/\/folhadosudeste.com\/site\/?p=74650"},"modified":"2021-05-17T15:04:49","modified_gmt":"2021-05-17T15:04:49","slug":"prefeitura-conclui-gabioes-para-recuperacao-das-areas-afetadas-pelas-chuvas","status":"publish","type":"post","link":"https:\/\/folhadosudeste.com\/site\/?p=74650","title":{"rendered":"Prefeitura conclui gabi\u00f5es para recupera\u00e7\u00e3o das \u00e1reas afetadas pelas chuvas"},"content":{"rendered":"<p><a href=\"http:\/\/folhadosudeste.com\/site\/wp-content\/uploads\/2021\/05\/FOTO-2-Av.-Comendador-Jacinto-Soares-de-Souza-Lima-pr\u00f3ximo-a-Casa-de-Festas-Solarium-em-frente-ao-Bahamas-Mix-no-bairro-Dico-Teixeira-2.png\"><img loading=\"lazy\" decoding=\"async\" class=\"alignnone size-full wp-image-74651\" src=\"http:\/\/folhadosudeste.com\/site\/wp-content\/uploads\/2021\/05\/FOTO-2-Av.-Comendador-Jacinto-Soares-de-Souza-Lima-pr\u00f3ximo-a-Casa-de-Festas-Solarium-em-frente-ao-Bahamas-Mix-no-bairro-Dico-Teixeira-2.png\" alt=\"\" width=\"1920\" height=\"1080\" srcset=\"https:\/\/folhadosudeste.com\/site\/wp-content\/uploads\/2021\/05\/FOTO-2-Av.-Comendador-Jacinto-Soares-de-Souza-Lima-pr\u00f3ximo-a-Casa-de-Festas-Solarium-em-frente-ao-Bahamas-Mix-no-bairro-Dico-Teixeira-2.png 1920w, https:\/\/folhadosudeste.com\/site\/wp-content\/uploads\/2021\/05\/FOTO-2-Av.-Comendador-Jacinto-Soares-de-Souza-Lima-pr\u00f3ximo-a-Casa-de-Festas-Solarium-em-frente-ao-Bahamas-Mix-no-bairro-Dico-Teixeira-2-300x169.png 300w, https:\/\/folhadosudeste.com\/site\/wp-content\/uploads\/2021\/05\/FOTO-2-Av.-Comendador-Jacinto-Soares-de-Souza-Lima-pr\u00f3ximo-a-Casa-de-Festas-Solarium-em-frente-ao-Bahamas-Mix-no-bairro-Dico-Teixeira-2-768x432.png 768w, https:\/\/folhadosudeste.com\/site\/wp-content\/uploads\/2021\/05\/FOTO-2-Av.-Comendador-Jacinto-Soares-de-Souza-Lima-pr\u00f3ximo-a-Casa-de-Festas-Solarium-em-frente-ao-Bahamas-Mix-no-bairro-Dico-Teixeira-2-1024x576.png 1024w\" sizes=\"auto, (max-width: 1920px) 100vw, 1920px\" \/><\/a><\/p>\n<p style=\"font-weight: 400; text-align: left;\">Pouco mais de um ano ap\u00f3s a aprova\u00e7\u00e3o dos Planos de Metas de Restabelecimento e de Reconstru\u00e7\u00e3o do munic\u00edpio, pela Secretaria Nacional de Prote\u00e7\u00e3o e Defesa Civil (Sedec) do Minist\u00e9rio do Desenvolvimento Regional (MDR), a Prefeitura de Ub\u00e1 j\u00e1 concluiu as obras de constru\u00e7\u00e3o de 10 gabi\u00f5es para recupera\u00e7\u00e3o das \u00e1reas afetadas pelas tr\u00eas enchentes que acometeram Ub\u00e1 nos meses de janeiro, mar\u00e7o e abril de 2020.<\/p>\n<p><!--more--><\/p>\n<p style=\"font-weight: 400; text-align: left;\">Ao todo, mais de R$4,6 milh\u00f5es foram repassados, em 2020, pelo MDR para a realiza\u00e7\u00e3o das seguintes obras de restabelecimento e reconstru\u00e7\u00e3o&nbsp;da cidade:<\/p>\n<p style=\"font-weight: 400; text-align: left;\">&#8211; Constru\u00e7\u00e3o de Gabi\u00e3o para conten\u00e7\u00e3o do passeio e da Av. Comendador Jacinto Soares de Souza Lima (Beira-Rio) e cabeceira da Ponte da Bandeira (pr\u00f3ximo a Ponte da Bandeira);<\/p>\n<p style=\"font-weight: 400; text-align: left;\">&#8211; Constru\u00e7\u00e3o de Gabi\u00e3o para a reconstru\u00e7\u00e3o de passeio, conten\u00e7\u00e3o Av. Comendador Jacinto Soares de Souza Lima (Beira-Rio) e prote\u00e7\u00e3o da Ponte (em frente ao Posto D&#8217; Lucca); &nbsp;<\/p>\n<p style=\"font-weight: 400; text-align: left;\">&#8211; Constru\u00e7\u00e3o de Gabi\u00e3o para reconstru\u00e7\u00e3o do passeio e prote\u00e7\u00e3o da Av. Comendador Jacinto Soares de Souza Lima (Beira-Rio&nbsp;&#8211; em frente a Loja Agropecu\u00e1ria Jomaza);<\/p>\n<p style=\"font-weight: 400; text-align: left;\">&#8211; Constru\u00e7\u00e3o de Gabi\u00e3o para conten\u00e7\u00e3o do passeio e da Av. Jo\u00e3o Groppo (pr\u00f3ximo Hidroel\u00e9trica Teixeira);<\/p>\n<p style=\"font-weight: 400; text-align: left;\">&#8211; Constru\u00e7\u00e3o de Gabi\u00e3o para conten\u00e7\u00e3o da Ponte Major Fusaro, passeio e Av. Comendador Jacinto Soares de Souza Lima (Beira-Rio&nbsp;&#8211; em frente a Loja Casa de Carnes);<\/p>\n<p style=\"font-weight: 400; text-align: left;\">&#8211; Constru\u00e7\u00e3o de Gabi\u00e3o para conten\u00e7\u00e3o do passeio e prote\u00e7\u00e3o da Av. Comendador Jacinto Soares de Souza Lima (Beira-Rio&nbsp;&#8211; em frente a Loja Honda Taozinho);<\/p>\n<p style=\"font-weight: 400; text-align: left;\">&#8211; Constru\u00e7\u00e3o de Gabi\u00e3o para conten\u00e7\u00e3o do passeio, Rua Nossa Senhora Aparecida e da Ponte;<\/p>\n<p style=\"font-weight: 400; text-align: left;\">&#8211; Constru\u00e7\u00e3o de Gabi\u00e3o para conten\u00e7\u00e3o do passeio e da Av Comendador Jacinto Soares de Souza Lima (Beira-Rio&nbsp;&#8211; pr\u00f3ximo \u00e0 Ultragaz);<\/p>\n<p style=\"font-weight: 400; text-align: left;\">&#8211; Constru\u00e7\u00e3o de Gabi\u00e3o para a prote\u00e7\u00e3o das alas da ponte na Av. Elp\u00eddia da Silva Fagundes &#8211; Bairro Santa Edwiges;<\/p>\n<p style=\"font-weight: 400; text-align: left;\">&#8211; Constru\u00e7\u00e3o de Gabi\u00e3o para conten\u00e7\u00e3o do passeio e da Rua Capit\u00e3o Teixeira Pinto (pr\u00f3ximo a loja Yazoo).<\/p>\n<p style=\"font-weight: 400; text-align: left;\">Visando complementar as a\u00e7\u00f5es de recupera\u00e7\u00e3o dos pontos afetados pelas chuvas, a Prefeitura executou ainda a constru\u00e7\u00e3o de mais 03 muros de gabi\u00e3o para conten\u00e7\u00e3o do passeio e da Av. Comendador Jacinto Soares de Souza Lima (Beira-Rio&nbsp;&#8211; em frente a sede do CREA-MG); para conten\u00e7\u00e3o do passeio e da Av. Comendador Jacinto Soares de Souza Lima (Beira-Rio&nbsp;&#8211; nos fundos do Banco do Brasil) e para conten\u00e7\u00e3o da Rua Pedro Candian (B. Industrial), 02 muros de concreto na Av. Beira-Rio e obras de reconstru\u00e7\u00e3o da Ponte Major Siqueira, na Av. Cristiano Ro\u00e7as (constru\u00e7\u00e3o de muro de gabi\u00e3o e de muro atirantado para prote\u00e7\u00e3o da ponte). Essas interven\u00e7\u00f5es foram realizadas com recursos pr\u00f3prios do munic\u00edpio, no valor de mais de R$2,5 milh\u00f5es.<\/p>\n<p style=\"font-weight: 400; text-align: left;\">Al\u00e9m disso, a Prefeitura realizou, em todas as \u00e1reas reconstru\u00eddas, a\u00e7\u00f5es de urbaniza\u00e7\u00e3o como aterro, recupera\u00e7\u00e3o de passeio, recapeamento asf\u00e1ltico das vias, plantio de mudas e paisagismo e instala\u00e7\u00e3o de guarda-corpo.<\/p>\n<p style=\"font-weight: 400; text-align: left;\"><strong>Obra no Dico Teixeira ser\u00e1 iniciada em breve<\/strong><\/p>\n<p style=\"font-weight: 400; text-align: left;\">Dando continuidade as a\u00e7\u00f5es de recupera\u00e7\u00e3o de infraestrutura danificada pelas enchentes, a Prefeitura inicia em breve a constru\u00e7\u00e3o de um muro de gabi\u00e3o, com 300 metros de extens\u00e3o e 7 metros de altura, para conten\u00e7\u00e3o do passeio e da Av. Comendador Jacinto Soares de Souza Lima (Beira-Rio&nbsp;&#8211; pr\u00f3ximo a Casa de Festas Solarium, em frente ao Bahamas Mix), no bairro Dico Teixeira.<\/p>\n<p style=\"font-weight: 400; text-align: left;\">A obra \u00e9 mais uma das metas do Plano de Reconstru\u00e7\u00e3o aprovado pelo munic\u00edpio junto \u00e0 Sedec, que teve seu recurso liberado em 2021. Ao todo, foram repassados pelo MDR mais de R$ 4,4 milh\u00f5es para a execu\u00e7\u00e3o desta interven\u00e7\u00e3o.<\/p>\n<p style=\"font-weight: 400; text-align: left;\"><strong>Transfer\u00eancia de recursos para o munic\u00edpio<\/strong><\/p>\n<p style=\"font-weight: 400; text-align: left;\"><strong>&nbsp;<\/strong>Ub\u00e1 foi um dos munic\u00edpios mineiros que tiveram seus planos de trabalho analisados e aprovados pela Secretaria Nacional de Prote\u00e7\u00e3o e Defesa Civil (Sedec), do Minist\u00e9rio do Desenvolvimento Regional, para recebimento de verbas federais para execu\u00e7\u00e3o de a\u00e7\u00f5es de socorro, assist\u00eancia e restabelecimento de servi\u00e7os essenciais \u00e0 popula\u00e7\u00e3o ap\u00f3s as chuvas de 2020. O repasse de mais de R$ 9 milh\u00f5es autorizado para o munic\u00edpio, nos anos de 2020 e 2021, atendeu integralmente ao Plano de Metas de Restabelecimento e mais 08 obras do Plano de Metas de Reconstru\u00e7\u00e3o que a administra\u00e7\u00e3o apresentou a Sedec.<\/p>\n<p style=\"font-weight: 400; text-align: left;\"><a href=\"http:\/\/folhadosudeste.com\/site\/wp-content\/uploads\/2021\/05\/FOTO-4-Gabi\u00e3o-para-conten\u00e7\u00e3o-do-passeio-e-da-Av.-Jo\u00e3o-Groppo.jpeg\"><img loading=\"lazy\" decoding=\"async\" class=\"alignnone size-full wp-image-74652\" src=\"http:\/\/folhadosudeste.com\/site\/wp-content\/uploads\/2021\/05\/FOTO-4-Gabi\u00e3o-para-conten\u00e7\u00e3o-do-passeio-e-da-Av.-Jo\u00e3o-Groppo.jpeg\" alt=\"\" width=\"1280\" height=\"605\" srcset=\"https:\/\/folhadosudeste.com\/site\/wp-content\/uploads\/2021\/05\/FOTO-4-Gabi\u00e3o-para-conten\u00e7\u00e3o-do-passeio-e-da-Av.-Jo\u00e3o-Groppo.jpeg 1280w, https:\/\/folhadosudeste.com\/site\/wp-content\/uploads\/2021\/05\/FOTO-4-Gabi\u00e3o-para-conten\u00e7\u00e3o-do-passeio-e-da-Av.-Jo\u00e3o-Groppo-300x142.jpeg 300w, https:\/\/folhadosudeste.com\/site\/wp-content\/uploads\/2021\/05\/FOTO-4-Gabi\u00e3o-para-conten\u00e7\u00e3o-do-passeio-e-da-Av.-Jo\u00e3o-Groppo-768x363.jpeg 768w, https:\/\/folhadosudeste.com\/site\/wp-content\/uploads\/2021\/05\/FOTO-4-Gabi\u00e3o-para-conten\u00e7\u00e3o-do-passeio-e-da-Av.-Jo\u00e3o-Groppo-1024x484.jpeg 1024w\" sizes=\"auto, (max-width: 1280px) 100vw, 1280px\" \/><\/a> <a href=\"http:\/\/folhadosudeste.com\/site\/wp-content\/uploads\/2021\/05\/FOTO-6-Gabi\u00e3o-para-conten\u00e7\u00e3o-do-passeio-e-da-Av.-Beira-Rioem-frente-a-sede-do-CREA-MG.jpeg\"><img loading=\"lazy\" decoding=\"async\" class=\"alignnone size-full wp-image-74653\" src=\"http:\/\/folhadosudeste.com\/site\/wp-content\/uploads\/2021\/05\/FOTO-6-Gabi\u00e3o-para-conten\u00e7\u00e3o-do-passeio-e-da-Av.-Beira-Rioem-frente-a-sede-do-CREA-MG.jpeg\" alt=\"\" width=\"1280\" height=\"721\" srcset=\"https:\/\/folhadosudeste.com\/site\/wp-content\/uploads\/2021\/05\/FOTO-6-Gabi\u00e3o-para-conten\u00e7\u00e3o-do-passeio-e-da-Av.-Beira-Rioem-frente-a-sede-do-CREA-MG.jpeg 1280w, https:\/\/folhadosudeste.com\/site\/wp-content\/uploads\/2021\/05\/FOTO-6-Gabi\u00e3o-para-conten\u00e7\u00e3o-do-passeio-e-da-Av.-Beira-Rioem-frente-a-sede-do-CREA-MG-300x169.jpeg 300w, https:\/\/folhadosudeste.com\/site\/wp-content\/uploads\/2021\/05\/FOTO-6-Gabi\u00e3o-para-conten\u00e7\u00e3o-do-passeio-e-da-Av.-Beira-Rioem-frente-a-sede-do-CREA-MG-768x433.jpeg 768w, https:\/\/folhadosudeste.com\/site\/wp-content\/uploads\/2021\/05\/FOTO-6-Gabi\u00e3o-para-conten\u00e7\u00e3o-do-passeio-e-da-Av.-Beira-Rioem-frente-a-sede-do-CREA-MG-1024x577.jpeg 1024w\" sizes=\"auto, (max-width: 1280px) 100vw, 1280px\" \/><\/a> <a href=\"http:\/\/folhadosudeste.com\/site\/wp-content\/uploads\/2021\/05\/FOTO-5-Gabi\u00e3o-para-conten\u00e7\u00e3o-do-passeio-e-da-Av.-Beira-Rio-nos-fundos-do-Banco-do-Brasil.jpg\"><img loading=\"lazy\" decoding=\"async\" class=\"alignnone size-full wp-image-74654\" src=\"http:\/\/folhadosudeste.com\/site\/wp-content\/uploads\/2021\/05\/FOTO-5-Gabi\u00e3o-para-conten\u00e7\u00e3o-do-passeio-e-da-Av.-Beira-Rio-nos-fundos-do-Banco-do-Brasil.jpg\" alt=\"\" width=\"2048\" height=\"1536\" srcset=\"https:\/\/folhadosudeste.com\/site\/wp-content\/uploads\/2021\/05\/FOTO-5-Gabi\u00e3o-para-conten\u00e7\u00e3o-do-passeio-e-da-Av.-Beira-Rio-nos-fundos-do-Banco-do-Brasil.jpg 2048w, https:\/\/folhadosudeste.com\/site\/wp-content\/uploads\/2021\/05\/FOTO-5-Gabi\u00e3o-para-conten\u00e7\u00e3o-do-passeio-e-da-Av.-Beira-Rio-nos-fundos-do-Banco-do-Brasil-300x225.jpg 300w, https:\/\/folhadosudeste.com\/site\/wp-content\/uploads\/2021\/05\/FOTO-5-Gabi\u00e3o-para-conten\u00e7\u00e3o-do-passeio-e-da-Av.-Beira-Rio-nos-fundos-do-Banco-do-Brasil-768x576.jpg 768w, https:\/\/folhadosudeste.com\/site\/wp-content\/uploads\/2021\/05\/FOTO-5-Gabi\u00e3o-para-conten\u00e7\u00e3o-do-passeio-e-da-Av.-Beira-Rio-nos-fundos-do-Banco-do-Brasil-1024x768.jpg 1024w\" sizes=\"auto, (max-width: 2048px) 100vw, 2048px\" \/><\/a><\/p>\n<p>Fonte: Assessoria de Comunica\u00e7\u00e3o Prefeitura de Ub\u00e1&nbsp;<\/p>\n","protected":false},"excerpt":{"rendered":"<p>Pouco mais de um ano ap\u00f3s a aprova\u00e7\u00e3o dos Planos de Metas de Restabelecimento e de Reconstru\u00e7\u00e3o do munic\u00edpio, pela Secretaria Nacional de Prote\u00e7\u00e3o e Defesa Civil (Sedec) do Minist\u00e9rio do Desenvolvimento Regional (MDR), a Prefeitura de Ub\u00e1 j\u00e1 concluiu as obras de constru\u00e7\u00e3o de 10 gabi\u00f5es para recupera\u00e7\u00e3o das \u00e1reas afetadas pelas tr\u00eas enchentes [&hellip;]<\/p>\n","protected":false},"author":6,"featured_media":0,"comment_status":"open","ping_status":"closed","sticky":false,"template":"","format":"standard","meta":{"_joinchat":[],"footnotes":""},"categories":[1],"tags":[],"class_list":["post-74650","post","type-post","status-publish","format-standard","hentry","category-sem-categoria"],"_links":{"self":[{"href":"https:\/\/folhadosudeste.com\/site\/index.php?rest_route=\/wp\/v2\/posts\/74650","targetHints":{"allow":["GET"]}}],"collection":[{"href":"https:\/\/folhadosudeste.com\/site\/index.php?rest_route=\/wp\/v2\/posts"}],"about":[{"href":"https:\/\/folhadosudeste.com\/site\/index.php?rest_route=\/wp\/v2\/types\/post"}],"author":[{"embeddable":true,"href":"https:\/\/folhadosudeste.com\/site\/index.php?rest_route=\/wp\/v2\/users\/6"}],"replies":[{"embeddable":true,"href":"https:\/\/folhadosudeste.com\/site\/index.php?rest_route=%2Fwp%2Fv2%2Fcomments&post=74650"}],"version-history":[{"count":1,"href":"https:\/\/folhadosudeste.com\/site\/index.php?rest_route=\/wp\/v2\/posts\/74650\/revisions"}],"predecessor-version":[{"id":74655,"href":"https:\/\/folhadosudeste.com\/site\/index.php?rest_route=\/wp\/v2\/posts\/74650\/revisions\/74655"}],"wp:attachment":[{"href":"https:\/\/folhadosudeste.com\/site\/index.php?rest_route=%2Fwp%2Fv2%2Fmedia&parent=74650"}],"wp:term":[{"taxonomy":"category","embeddable":true,"href":"https:\/\/folhadosudeste.com\/site\/index.php?rest_route=%2Fwp%2Fv2%2Fcategories&post=74650"},{"taxonomy":"post_tag","embeddable":true,"href":"https:\/\/folhadosudeste.com\/site\/index.php?rest_route=%2Fwp%2Fv2%2Ftags&post=74650"}],"curies":[{"name":"wp","href":"https:\/\/api.w.org\/{rel}","templated":true}]}}