{"id":74669,"date":"2021-05-18T12:47:19","date_gmt":"2021-05-18T12:47:19","guid":{"rendered":"http:\/\/folhadosudeste.com\/site\/?p=74669"},"modified":"2021-05-18T12:47:19","modified_gmt":"2021-05-18T12:47:19","slug":"boletim-17-05-2021","status":"publish","type":"post","link":"https:\/\/folhadosudeste.com\/site\/?p=74669","title":{"rendered":"Boletim &#8211; 17\/05\/2021"},"content":{"rendered":"<p><a href=\"http:\/\/folhadosudeste.com\/site\/wp-content\/uploads\/2021\/05\/17052021.jpeg\"><img loading=\"lazy\" decoding=\"async\" class=\"alignnone size-full wp-image-74670\" src=\"http:\/\/folhadosudeste.com\/site\/wp-content\/uploads\/2021\/05\/17052021.jpeg\" alt=\"\" width=\"1080\" height=\"1080\" srcset=\"https:\/\/folhadosudeste.com\/site\/wp-content\/uploads\/2021\/05\/17052021.jpeg 1080w, https:\/\/folhadosudeste.com\/site\/wp-content\/uploads\/2021\/05\/17052021-150x150.jpeg 150w, https:\/\/folhadosudeste.com\/site\/wp-content\/uploads\/2021\/05\/17052021-300x300.jpeg 300w, https:\/\/folhadosudeste.com\/site\/wp-content\/uploads\/2021\/05\/17052021-768x768.jpeg 768w, https:\/\/folhadosudeste.com\/site\/wp-content\/uploads\/2021\/05\/17052021-1024x1024.jpeg 1024w\" sizes=\"auto, (max-width: 1080px) 100vw, 1080px\" \/><\/a><\/p>\n<div style=\"text-align: left;\">Mais dois moradores de Muria\u00e9 foram v\u00edtimas da covid-19 nos \u00faltimos dias. As mortes referem-se aos seguintes casos:<\/div>\n<div style=\"text-align: left;\">&nbsp;<\/div>\n<div style=\"text-align: left;\">Homem | 92 anos | Diabetes e doen\u00e7a cardiovascular | \u00d3bito em 12\/05<\/div>\n<div style=\"text-align: left;\">Homem | 93 anos | Sem comorbidades | \u00d3bito em 14\/05<\/div>\n<div style=\"text-align: left;\">&nbsp;<\/div>\n<div style=\"text-align: left;\">O boletim desta segunda-feira tamb\u00e9m trouxe o registro de 12 novos casos da doen\u00e7a. O paciente mais jovem tem 19 anos, enquanto o mais idoso tem 65.<\/div>\n<div>&nbsp;<\/div>\n<p><!--more--><\/p>\n<div style=\"text-align: left;\">&nbsp;<\/div>\n<div style=\"text-align: left;\">Interna\u00e7\u00f5es &#8211; Nesta quinta-feira, Muria\u00e9 est\u00e1 com 61 pessoas hospitalizadas em fun\u00e7\u00e3o da covid-19. Este n\u00famero se divide da seguinte forma:<\/div>\n<div style=\"text-align: left;\">&nbsp;<\/div>\n<div style=\"text-align: left;\">Adultos em Enfermaria: 22<\/div>\n<div style=\"text-align: left;\">Adultos em UTI: 35 (18 est\u00e3o intubados)<\/div>\n<div style=\"text-align: left;\">Crian\u00e7as em Enfermaria: 03<\/div>\n<div style=\"text-align: left;\">Crian\u00e7as em UTI: 01<\/div>\n<div style=\"text-align: left;\">&nbsp;<\/div>\n<div style=\"text-align: left;\">Veja os n\u00fameros completos de hoje (17\/05\/2021):<\/div>\n<div style=\"text-align: left;\">&nbsp;<\/div>\n<div style=\"text-align: left;\">VACINA\u00c7\u00c3O<\/div>\n<div style=\"text-align: left;\">Vacinados com uma dose: 24.539 (22,43% da popula\u00e7\u00e3o)<\/div>\n<div style=\"text-align: left;\">Vacinados com duas doses: 12.956 (11,84% da popula\u00e7\u00e3o)<\/div>\n<div style=\"text-align: left;\">&nbsp;<\/div>\n<div style=\"text-align: left;\">PACIENTES<\/div>\n<div style=\"text-align: left;\">Total de casos confirmados: 9.212 (+12)<\/div>\n<div style=\"text-align: left;\">Pacientes ativos: 159<\/div>\n<div style=\"text-align: left;\">Pacientes curados: 8.824<\/div>\n<div style=\"text-align: left;\">\u00d3bitos: 229 (+02)<\/div>\n<div style=\"text-align: left;\">Investigados \/ Monitorados: 165<\/div>\n<div style=\"text-align: left;\">Negativos: 9.656<\/div>\n<div style=\"text-align: left;\">&nbsp;<\/div>\n<div style=\"text-align: left;\">Fonte: PMM<\/div>\n","protected":false},"excerpt":{"rendered":"<p>Mais dois moradores de Muria\u00e9 foram v\u00edtimas da covid-19 nos \u00faltimos dias. As mortes referem-se aos seguintes casos: &nbsp; Homem | 92 anos | Diabetes e doen\u00e7a cardiovascular | \u00d3bito em 12\/05 Homem | 93 anos | Sem comorbidades | \u00d3bito em 14\/05 &nbsp; O boletim desta segunda-feira tamb\u00e9m trouxe o registro de 12 novos [&hellip;]<\/p>\n","protected":false},"author":6,"featured_media":0,"comment_status":"open","ping_status":"closed","sticky":false,"template":"","format":"standard","meta":{"_joinchat":[],"footnotes":""},"categories":[1],"tags":[],"class_list":["post-74669","post","type-post","status-publish","format-standard","hentry","category-sem-categoria"],"_links":{"self":[{"href":"https:\/\/folhadosudeste.com\/site\/index.php?rest_route=\/wp\/v2\/posts\/74669","targetHints":{"allow":["GET"]}}],"collection":[{"href":"https:\/\/folhadosudeste.com\/site\/index.php?rest_route=\/wp\/v2\/posts"}],"about":[{"href":"https:\/\/folhadosudeste.com\/site\/index.php?rest_route=\/wp\/v2\/types\/post"}],"author":[{"embeddable":true,"href":"https:\/\/folhadosudeste.com\/site\/index.php?rest_route=\/wp\/v2\/users\/6"}],"replies":[{"embeddable":true,"href":"https:\/\/folhadosudeste.com\/site\/index.php?rest_route=%2Fwp%2Fv2%2Fcomments&post=74669"}],"version-history":[{"count":1,"href":"https:\/\/folhadosudeste.com\/site\/index.php?rest_route=\/wp\/v2\/posts\/74669\/revisions"}],"predecessor-version":[{"id":74671,"href":"https:\/\/folhadosudeste.com\/site\/index.php?rest_route=\/wp\/v2\/posts\/74669\/revisions\/74671"}],"wp:attachment":[{"href":"https:\/\/folhadosudeste.com\/site\/index.php?rest_route=%2Fwp%2Fv2%2Fmedia&parent=74669"}],"wp:term":[{"taxonomy":"category","embeddable":true,"href":"https:\/\/folhadosudeste.com\/site\/index.php?rest_route=%2Fwp%2Fv2%2Fcategories&post=74669"},{"taxonomy":"post_tag","embeddable":true,"href":"https:\/\/folhadosudeste.com\/site\/index.php?rest_route=%2Fwp%2Fv2%2Ftags&post=74669"}],"curies":[{"name":"wp","href":"https:\/\/api.w.org\/{rel}","templated":true}]}}