{"id":74676,"date":"2021-05-18T12:52:10","date_gmt":"2021-05-18T12:52:10","guid":{"rendered":"http:\/\/folhadosudeste.com\/site\/?p=74676"},"modified":"2021-05-18T12:52:10","modified_gmt":"2021-05-18T12:52:10","slug":"muriae-tera-vacinacao-de-2a-dose-da-coronavac-nesta-quarta","status":"publish","type":"post","link":"https:\/\/folhadosudeste.com\/site\/?p=74676","title":{"rendered":"Muria\u00e9 ter\u00e1 vacina\u00e7\u00e3o de 2\u00aa dose da Coronavac nesta quarta"},"content":{"rendered":"<p><a href=\"http:\/\/folhadosudeste.com\/site\/wp-content\/uploads\/2021\/05\/coronavac.jpeg\"><img loading=\"lazy\" decoding=\"async\" class=\"alignnone size-full wp-image-74673\" src=\"http:\/\/folhadosudeste.com\/site\/wp-content\/uploads\/2021\/05\/coronavac.jpeg\" alt=\"\" width=\"1280\" height=\"1280\" srcset=\"https:\/\/folhadosudeste.com\/site\/wp-content\/uploads\/2021\/05\/coronavac.jpeg 1280w, https:\/\/folhadosudeste.com\/site\/wp-content\/uploads\/2021\/05\/coronavac-150x150.jpeg 150w, https:\/\/folhadosudeste.com\/site\/wp-content\/uploads\/2021\/05\/coronavac-300x300.jpeg 300w, https:\/\/folhadosudeste.com\/site\/wp-content\/uploads\/2021\/05\/coronavac-768x768.jpeg 768w, https:\/\/folhadosudeste.com\/site\/wp-content\/uploads\/2021\/05\/coronavac-1024x1024.jpeg 1024w\" sizes=\"auto, (max-width: 1280px) 100vw, 1280px\" \/><\/a><\/p>\n<p>A espera pela segunda dose da Coronavac j\u00e1 tem data e hora para acabar: ser\u00e1 nesta quarta-feira (19), das 8h \u00e0s 11h.<\/p>\n<p>Ser\u00e3o cinco locais de vacina\u00e7\u00e3o dentro da cidade: escolas municipais do Centro, Barra, Dornelas e Porto, al\u00e9m da unidade b\u00e1sica de sa\u00fade do bairro S\u00e3o Francisco. Ser\u00e3o 400 senhas em cada um dos cinco pontos, totalizando 2 mil aplica\u00e7\u00f5es.<\/p>\n<p><!--more--><\/p>\n<p>A segunda dose da Coronavac \u00e9 destinada para todas as pessoas que receberam a primeira aplica\u00e7\u00e3o ainda em abril e est\u00e3o com o prazo de 28 dias j\u00e1 vencido. O atraso se deu devido \u00e0 paralisa\u00e7\u00e3o na produ\u00e7\u00e3o e distribui\u00e7\u00e3o da vacina, atingindo todos os munic\u00edpios do Brasil.<\/p>\n<p>Mesmo com o atraso, o Minist\u00e9rio da Sa\u00fade orienta que todas as pessoas que tomaram a primeira dose do imunizante devem comparecer para receber a dose complementar.<\/p>\n<p>Fonte: PMM<\/p>\n","protected":false},"excerpt":{"rendered":"<p>A espera pela segunda dose da Coronavac j\u00e1 tem data e hora para acabar: ser\u00e1 nesta quarta-feira (19), das 8h \u00e0s 11h. Ser\u00e3o cinco locais de vacina\u00e7\u00e3o dentro da cidade: escolas municipais do Centro, Barra, Dornelas e Porto, al\u00e9m da unidade b\u00e1sica de sa\u00fade do bairro S\u00e3o Francisco. Ser\u00e3o 400 senhas em cada um dos [&hellip;]<\/p>\n","protected":false},"author":6,"featured_media":0,"comment_status":"open","ping_status":"closed","sticky":false,"template":"","format":"standard","meta":{"_joinchat":[],"footnotes":""},"categories":[1],"tags":[],"class_list":["post-74676","post","type-post","status-publish","format-standard","hentry","category-sem-categoria"],"_links":{"self":[{"href":"https:\/\/folhadosudeste.com\/site\/index.php?rest_route=\/wp\/v2\/posts\/74676","targetHints":{"allow":["GET"]}}],"collection":[{"href":"https:\/\/folhadosudeste.com\/site\/index.php?rest_route=\/wp\/v2\/posts"}],"about":[{"href":"https:\/\/folhadosudeste.com\/site\/index.php?rest_route=\/wp\/v2\/types\/post"}],"author":[{"embeddable":true,"href":"https:\/\/folhadosudeste.com\/site\/index.php?rest_route=\/wp\/v2\/users\/6"}],"replies":[{"embeddable":true,"href":"https:\/\/folhadosudeste.com\/site\/index.php?rest_route=%2Fwp%2Fv2%2Fcomments&post=74676"}],"version-history":[{"count":1,"href":"https:\/\/folhadosudeste.com\/site\/index.php?rest_route=\/wp\/v2\/posts\/74676\/revisions"}],"predecessor-version":[{"id":74677,"href":"https:\/\/folhadosudeste.com\/site\/index.php?rest_route=\/wp\/v2\/posts\/74676\/revisions\/74677"}],"wp:attachment":[{"href":"https:\/\/folhadosudeste.com\/site\/index.php?rest_route=%2Fwp%2Fv2%2Fmedia&parent=74676"}],"wp:term":[{"taxonomy":"category","embeddable":true,"href":"https:\/\/folhadosudeste.com\/site\/index.php?rest_route=%2Fwp%2Fv2%2Fcategories&post=74676"},{"taxonomy":"post_tag","embeddable":true,"href":"https:\/\/folhadosudeste.com\/site\/index.php?rest_route=%2Fwp%2Fv2%2Ftags&post=74676"}],"curies":[{"name":"wp","href":"https:\/\/api.w.org\/{rel}","templated":true}]}}