{"id":74678,"date":"2021-05-18T13:10:23","date_gmt":"2021-05-18T13:10:23","guid":{"rendered":"http:\/\/folhadosudeste.com\/site\/?p=74678"},"modified":"2021-05-18T13:10:23","modified_gmt":"2021-05-18T13:10:23","slug":"programa-legaliza-lar-chega-ao-joao-xxiii-iniciativa-permite-regularizacao-de-imoveis-sem-escritura","status":"publish","type":"post","link":"https:\/\/folhadosudeste.com\/site\/?p=74678","title":{"rendered":"Programa \u2018Legaliza Lar\u2019 chega ao Jo\u00e3o XXIII; iniciativa permite regulariza\u00e7\u00e3o de im\u00f3veis sem escritura"},"content":{"rendered":"<p><a href=\"http:\/\/folhadosudeste.com\/site\/wp-content\/uploads\/2021\/05\/Joao-XXIII-768x512.png\"><img loading=\"lazy\" decoding=\"async\" class=\"alignnone size-full wp-image-74679\" src=\"http:\/\/folhadosudeste.com\/site\/wp-content\/uploads\/2021\/05\/Joao-XXIII-768x512.png\" alt=\"\" width=\"768\" height=\"512\" srcset=\"https:\/\/folhadosudeste.com\/site\/wp-content\/uploads\/2021\/05\/Joao-XXIII-768x512.png 768w, https:\/\/folhadosudeste.com\/site\/wp-content\/uploads\/2021\/05\/Joao-XXIII-768x512-300x200.png 300w, https:\/\/folhadosudeste.com\/site\/wp-content\/uploads\/2021\/05\/Joao-XXIII-768x512-120x80.png 120w, https:\/\/folhadosudeste.com\/site\/wp-content\/uploads\/2021\/05\/Joao-XXIII-768x512-345x230.png 345w\" sizes=\"auto, (max-width: 768px) 100vw, 768px\" \/><\/a><\/p>\n<div>\n<div class=\"yj6qo\">&nbsp;<\/div>\n<\/div>\n<div>Ap\u00f3s anos ou at\u00e9 d\u00e9cadas de espera, chegou a vez dos moradores do Jo\u00e3o XXIII finalmente conseguirem obter a regulariza\u00e7\u00e3o dos seus im\u00f3veis.<\/div>\n<div>&nbsp;<\/div>\n<div>O programa Legaliza Lar, desenvolvido pela Prefeitura de Muria\u00e9, est\u00e1 chegando ao bairro a partir desta segunda-feira, dia 17 de maio, para levar o sonhado documento de legitima\u00e7\u00e3o fundi\u00e1ria para as pessoas que ainda n\u00e3o possuem escritura de casa.<\/div>\n<div>&nbsp;<\/div>\n<div>At\u00e9 a pr\u00f3xima sexta-feira, a equipe de Trabalho T\u00e9cnico-Social vai percorrer as ruas do bairro para realizar servi\u00e7o de panfletagem e orienta\u00e7\u00e3o junto aos moradores.<\/div>\n<div>&nbsp;<\/div>\n<p><!--more--><\/p>\n<div>J\u00e1 o cadastramento dos interessados acontece a partir de segunda-feira (24), com dura\u00e7\u00e3o de 30 dias (at\u00e9 24 de junho). O atendimento ser\u00e1 sempre em dias \u00fateis, na Escola Municipal Gilberto Jos\u00e9 Tanus Braz, em dois hor\u00e1rios: das 8h \u00e0s 11h e das 13h30 \u00e0s 16h.<\/div>\n<div>&nbsp;<\/div>\n<div>Vale lembrar que todos os procedimentos para regulariza\u00e7\u00e3o fundi\u00e1ria dos im\u00f3veis s\u00e3o realizados pelo munic\u00edpio, sem custo para os participantes.<\/div>\n<div>&nbsp;<\/div>\n<div>Mais informa\u00e7\u00f5es podem ser obtidas junto \u00e0 Divis\u00e3o de Habita\u00e7\u00e3o de Interesse Social, que funciona na sede da Secretaria Municipal de Desenvolvimento Social (Avenida Silv\u00e9rio Campos, 258, bairro Safira). O telefone de contato \u00e9 o (32) 3696-3350.<\/p>\n<div class=\"yj6qo\">&nbsp;<\/div>\n<div class=\"adL\">&nbsp;<\/div>\n<\/div>\n<div>Fonte: PMM<\/div>\n","protected":false},"excerpt":{"rendered":"<p>&nbsp; Ap\u00f3s anos ou at\u00e9 d\u00e9cadas de espera, chegou a vez dos moradores do Jo\u00e3o XXIII finalmente conseguirem obter a regulariza\u00e7\u00e3o dos seus im\u00f3veis. &nbsp; O programa Legaliza Lar, desenvolvido pela Prefeitura de Muria\u00e9, est\u00e1 chegando ao bairro a partir desta segunda-feira, dia 17 de maio, para levar o sonhado documento de legitima\u00e7\u00e3o fundi\u00e1ria para [&hellip;]<\/p>\n","protected":false},"author":6,"featured_media":0,"comment_status":"open","ping_status":"closed","sticky":false,"template":"","format":"standard","meta":{"_joinchat":[],"footnotes":""},"categories":[1],"tags":[],"class_list":["post-74678","post","type-post","status-publish","format-standard","hentry","category-sem-categoria"],"_links":{"self":[{"href":"https:\/\/folhadosudeste.com\/site\/index.php?rest_route=\/wp\/v2\/posts\/74678","targetHints":{"allow":["GET"]}}],"collection":[{"href":"https:\/\/folhadosudeste.com\/site\/index.php?rest_route=\/wp\/v2\/posts"}],"about":[{"href":"https:\/\/folhadosudeste.com\/site\/index.php?rest_route=\/wp\/v2\/types\/post"}],"author":[{"embeddable":true,"href":"https:\/\/folhadosudeste.com\/site\/index.php?rest_route=\/wp\/v2\/users\/6"}],"replies":[{"embeddable":true,"href":"https:\/\/folhadosudeste.com\/site\/index.php?rest_route=%2Fwp%2Fv2%2Fcomments&post=74678"}],"version-history":[{"count":2,"href":"https:\/\/folhadosudeste.com\/site\/index.php?rest_route=\/wp\/v2\/posts\/74678\/revisions"}],"predecessor-version":[{"id":74681,"href":"https:\/\/folhadosudeste.com\/site\/index.php?rest_route=\/wp\/v2\/posts\/74678\/revisions\/74681"}],"wp:attachment":[{"href":"https:\/\/folhadosudeste.com\/site\/index.php?rest_route=%2Fwp%2Fv2%2Fmedia&parent=74678"}],"wp:term":[{"taxonomy":"category","embeddable":true,"href":"https:\/\/folhadosudeste.com\/site\/index.php?rest_route=%2Fwp%2Fv2%2Fcategories&post=74678"},{"taxonomy":"post_tag","embeddable":true,"href":"https:\/\/folhadosudeste.com\/site\/index.php?rest_route=%2Fwp%2Fv2%2Ftags&post=74678"}],"curies":[{"name":"wp","href":"https:\/\/api.w.org\/{rel}","templated":true}]}}