{"id":74691,"date":"2021-05-18T19:46:25","date_gmt":"2021-05-18T19:46:25","guid":{"rendered":"http:\/\/folhadosudeste.com\/site\/?p=74691"},"modified":"2021-05-18T19:46:25","modified_gmt":"2021-05-18T19:46:25","slug":"dia-de-campo-da-bovinocultura-acontece-amanha-19-13h","status":"publish","type":"post","link":"https:\/\/folhadosudeste.com\/site\/?p=74691","title":{"rendered":"Dia de Campo da Bovinocultura acontece amanh\u00e3 (19) &#8211; 13h"},"content":{"rendered":"<p><a href=\"http:\/\/folhadosudeste.com\/site\/wp-content\/uploads\/2021\/05\/Dia-de-campo-da-Bovinocultura.2.jpg\"><img loading=\"lazy\" decoding=\"async\" class=\"alignnone size-full wp-image-74692\" src=\"http:\/\/folhadosudeste.com\/site\/wp-content\/uploads\/2021\/05\/Dia-de-campo-da-Bovinocultura.2.jpg\" alt=\"\" width=\"1021\" height=\"654\" srcset=\"https:\/\/folhadosudeste.com\/site\/wp-content\/uploads\/2021\/05\/Dia-de-campo-da-Bovinocultura.2.jpg 1021w, https:\/\/folhadosudeste.com\/site\/wp-content\/uploads\/2021\/05\/Dia-de-campo-da-Bovinocultura.2-300x192.jpg 300w, https:\/\/folhadosudeste.com\/site\/wp-content\/uploads\/2021\/05\/Dia-de-campo-da-Bovinocultura.2-768x492.jpg 768w\" sizes=\"auto, (max-width: 1021px) 100vw, 1021px\" \/><\/a><\/p>\n<p align=\"justify\">O Dia de Campo Bovinocultura do Leite ser\u00e1 nesta quarta-feira (19), \u00e0s 13 horas, de forma on-line por meio do Facebook da Prefeitura de Muria\u00e9. A \u2018Live\u2019 levar\u00e1 informa\u00e7\u00f5es t\u00e9cnicas para o homem do campo e pecuaristas em geral. Uma parceria da Secretaria de Agricultura e Meio Ambiente e Emater-MG. A programa\u00e7\u00e3o atender\u00e1 a todos os protocolos da pandemia.<\/p>\n<p align=\"justify\"><!--more--><\/p>\n<p align=\"justify\">Os assuntos discutidos ser\u00e3o \u2018Silagem Capim BRS Capia\u00e7u\u201d, com palestra do engenheiro agr\u00f4nomo da Emater, Rob\u00e9rio Torres, \u2018Programa Nacional de Controle e Erradica\u00e7\u00e3o da Brucelose\u2019, com informa\u00e7\u00f5es oferecidas pelo chefe do IMA-Muria\u00e9, George de Aguiar e \u2018Pastejo Rotacionado\u2019, com novas pr\u00e1ticas transmitidas pelo t\u00e9cnico agropecu\u00e1rio, tamb\u00e9m da Emater, Adenilson Chaves.<\/p>\n<p align=\"justify\">A bovinocultura precisa ser debatida periodicamente para atualiza\u00e7\u00e3o das novas tecnologias. Para que o gado receba uma alimenta\u00e7\u00e3o de qualidade que lhe assegure a farta produ\u00e7\u00e3o leiteira \u00e9 imprescind\u00edvel haver um trabalho pr\u00e9vio.<\/p>\n<p align=\"justify\">A \u2018Live\u2019 permanecer\u00e1 gravada e poder\u00e1 ser distribu\u00edda posteriormente via whatsapp, Facebook e e-mail. Todos poder\u00e3o compartilhar. No momento da apresenta\u00e7\u00e3o, amanh\u00e3 entre 13 e 15 horas, e ap\u00f3s a realiza\u00e7\u00e3o da mesma, os internautas poder\u00e3o tirar as suas d\u00favidas e obterem respostas dos especialistas.<\/p>\n<p align=\"justify\"><a href=\"http:\/\/folhadosudeste.com\/site\/wp-content\/uploads\/2021\/05\/Dia-de-campo-da-Bovinocultura.jpg\"><img loading=\"lazy\" decoding=\"async\" class=\"alignnone size-full wp-image-74693\" src=\"http:\/\/folhadosudeste.com\/site\/wp-content\/uploads\/2021\/05\/Dia-de-campo-da-Bovinocultura.jpg\" alt=\"\" width=\"1024\" height=\"1280\" srcset=\"https:\/\/folhadosudeste.com\/site\/wp-content\/uploads\/2021\/05\/Dia-de-campo-da-Bovinocultura.jpg 1024w, https:\/\/folhadosudeste.com\/site\/wp-content\/uploads\/2021\/05\/Dia-de-campo-da-Bovinocultura-240x300.jpg 240w, https:\/\/folhadosudeste.com\/site\/wp-content\/uploads\/2021\/05\/Dia-de-campo-da-Bovinocultura-768x960.jpg 768w, https:\/\/folhadosudeste.com\/site\/wp-content\/uploads\/2021\/05\/Dia-de-campo-da-Bovinocultura-819x1024.jpg 819w\" sizes=\"auto, (max-width: 1024px) 100vw, 1024px\" \/><\/a><\/p>\n","protected":false},"excerpt":{"rendered":"<p>O Dia de Campo Bovinocultura do Leite ser\u00e1 nesta quarta-feira (19), \u00e0s 13 horas, de forma on-line por meio do Facebook da Prefeitura de Muria\u00e9. A \u2018Live\u2019 levar\u00e1 informa\u00e7\u00f5es t\u00e9cnicas para o homem do campo e pecuaristas em geral. Uma parceria da Secretaria de Agricultura e Meio Ambiente e Emater-MG. A programa\u00e7\u00e3o atender\u00e1 a todos [&hellip;]<\/p>\n","protected":false},"author":6,"featured_media":0,"comment_status":"open","ping_status":"closed","sticky":false,"template":"","format":"standard","meta":{"_joinchat":[],"footnotes":""},"categories":[1],"tags":[],"class_list":["post-74691","post","type-post","status-publish","format-standard","hentry","category-sem-categoria"],"_links":{"self":[{"href":"https:\/\/folhadosudeste.com\/site\/index.php?rest_route=\/wp\/v2\/posts\/74691","targetHints":{"allow":["GET"]}}],"collection":[{"href":"https:\/\/folhadosudeste.com\/site\/index.php?rest_route=\/wp\/v2\/posts"}],"about":[{"href":"https:\/\/folhadosudeste.com\/site\/index.php?rest_route=\/wp\/v2\/types\/post"}],"author":[{"embeddable":true,"href":"https:\/\/folhadosudeste.com\/site\/index.php?rest_route=\/wp\/v2\/users\/6"}],"replies":[{"embeddable":true,"href":"https:\/\/folhadosudeste.com\/site\/index.php?rest_route=%2Fwp%2Fv2%2Fcomments&post=74691"}],"version-history":[{"count":1,"href":"https:\/\/folhadosudeste.com\/site\/index.php?rest_route=\/wp\/v2\/posts\/74691\/revisions"}],"predecessor-version":[{"id":74694,"href":"https:\/\/folhadosudeste.com\/site\/index.php?rest_route=\/wp\/v2\/posts\/74691\/revisions\/74694"}],"wp:attachment":[{"href":"https:\/\/folhadosudeste.com\/site\/index.php?rest_route=%2Fwp%2Fv2%2Fmedia&parent=74691"}],"wp:term":[{"taxonomy":"category","embeddable":true,"href":"https:\/\/folhadosudeste.com\/site\/index.php?rest_route=%2Fwp%2Fv2%2Fcategories&post=74691"},{"taxonomy":"post_tag","embeddable":true,"href":"https:\/\/folhadosudeste.com\/site\/index.php?rest_route=%2Fwp%2Fv2%2Ftags&post=74691"}],"curies":[{"name":"wp","href":"https:\/\/api.w.org\/{rel}","templated":true}]}}