{"id":74695,"date":"2021-05-19T14:04:16","date_gmt":"2021-05-19T14:04:16","guid":{"rendered":"http:\/\/folhadosudeste.com\/site\/?p=74695"},"modified":"2021-05-19T14:04:16","modified_gmt":"2021-05-19T14:04:16","slug":"em-terceira-votacao-camara-autoriza-mais-de-r12-milhao-para-saude","status":"publish","type":"post","link":"https:\/\/folhadosudeste.com\/site\/?p=74695","title":{"rendered":"Em terceira vota\u00e7\u00e3o, C\u00e2mara autoriza mais de R$1,2 milh\u00e3o para Sa\u00fade"},"content":{"rendered":"<p><a href=\"http:\/\/folhadosudeste.com\/site\/wp-content\/uploads\/2021\/05\/DSC_2293.jpg\"><img loading=\"lazy\" decoding=\"async\" class=\"alignnone size-full wp-image-74696\" src=\"http:\/\/folhadosudeste.com\/site\/wp-content\/uploads\/2021\/05\/DSC_2293.jpg\" alt=\"\" width=\"1500\" height=\"1003\" srcset=\"https:\/\/folhadosudeste.com\/site\/wp-content\/uploads\/2021\/05\/DSC_2293.jpg 1500w, https:\/\/folhadosudeste.com\/site\/wp-content\/uploads\/2021\/05\/DSC_2293-300x201.jpg 300w, https:\/\/folhadosudeste.com\/site\/wp-content\/uploads\/2021\/05\/DSC_2293-768x514.jpg 768w, https:\/\/folhadosudeste.com\/site\/wp-content\/uploads\/2021\/05\/DSC_2293-1024x685.jpg 1024w, https:\/\/folhadosudeste.com\/site\/wp-content\/uploads\/2021\/05\/DSC_2293-120x80.jpg 120w, https:\/\/folhadosudeste.com\/site\/wp-content\/uploads\/2021\/05\/DSC_2293-345x230.jpg 345w\" sizes=\"auto, (max-width: 1500px) 100vw, 1500px\" \/><\/a><\/p>\n<p>Em terceira vota\u00e7\u00e3o, a C\u00e2mara de Muria\u00e9 autorizou mais de R$1,2 milh\u00e3o para a Sa\u00fade. Os projetos que disp\u00f5em sobre tais recursos \u2013 PL\u2019s 63, 85 e 95\/2021 &#8211; foram aprovados na sess\u00e3o desta ter\u00e7a-feira, dia 18, por unanimidade. As mat\u00e9rias foram colocadas em pauta por determina\u00e7\u00e3o do presidente da Casa, Afonso da Sa\u00fade (PTB).<\/p>\n<p>O projeto de n\u00famero 63 autoriza o chefe do Executivo a efetivar abertura de cr\u00e9dito adicional na Lei Or\u00e7ament\u00e1ria no valor de R$965.191,15 destinados ao Centro de Distribui\u00e7\u00e3o Log\u00edstica. J\u00e1 o texto do PL 85\/2021 autoriza a abertura de cr\u00e9dito adicional no total de R$180 mil para as a\u00e7\u00f5es de combate ao coronav\u00edrus em Muria\u00e9. E o projeto 95\/2021 autoriza abertura de cr\u00e9dito de R$83.151,44 para a manuten\u00e7\u00e3o das a\u00e7\u00f5es de sa\u00fade prisional.<\/p>\n<p><!--more--><\/p>\n<p>Vale frisar que, de acordo com o artigo 170 do Regimento Interno da C\u00e2mara, os projetos devem ser aprovados em tr\u00eas vota\u00e7\u00f5es subsequentes. Ou seja, todos os PL\u2019s que d\u00e3o entrada na Casa Legislativa devem passar por este procedimento.<\/p>\n<p>&nbsp;<\/p>\n<p><b>Em segunda vota\u00e7\u00e3o, vereadores autorizam recursos para reforma do Aterro Sanit\u00e1rio<\/b><\/p>\n<p>&nbsp;<\/p>\n<p>Os vereadores aprovaram, em segunda vota\u00e7\u00e3o, o projeto que autoriza o chefe do Executivo a efetivar abertura de cr\u00e9dito adicional de R$1.570.000,00 destinados \u00e0 amplia\u00e7\u00e3o e reforma do Aterro Sanit\u00e1rio, a fim de possibilitar o retorno das opera\u00e7\u00f5es do local. De autoria do Executivo, o PL 88 foi aprovado por unanimidade.<\/p>\n<p>A C\u00e2mara tamb\u00e9m aprovou um total de R$1.782.100,00 para a Secretaria Municipal de Educa\u00e7\u00e3o (PL\u2019s 100 e 103), destinados a pagamento de pessoal, encargos sociais e a ajustes de custeio de programas e projetos da Secretaria.<\/p>\n<p>Tamb\u00e9m foram autorizados recursos de R$540 mil para a Secretaria Municipal de Desenvolvimento Social (PL 102).<\/p>\n<p>&nbsp;<\/p>\n<p><b>Confira outros projetos de lei que tamb\u00e9m foram aprovados em terceira vota\u00e7\u00e3o:<\/b><\/p>\n<p>&nbsp;<\/p>\n<p>&nbsp;&#8211; PL 86\/2021: acrescenta dispositivo \u00e0 Lei Municipal 6.002\/2020 &#8211; a\u00e7\u00f5es de enfrentamento da emerg\u00eancia de sa\u00fade nacional covid-19;<\/p>\n<p>&nbsp;&#8211; PL 87\/2021: acrescenta a\u00e7\u00e3o \u00e0s Metas F\u00edsicas da Lei Municipal 5.571\/2017 &#8211; Plano Plurianual de Muria\u00e9. Programa 0038: a\u00e7\u00f5es de enfrentamento da emerg\u00eancia de sa\u00fade nacional covid-19;<\/p>\n<p>&nbsp;&#8211; PL 93\/2021: acrescenta a\u00e7\u00e3o \u00e0s Metas F\u00edsicas da Lei Municipal 5.571\/2017 \u2013 Plano Plurianual de Muria\u00e9. Programa 0039: manuten\u00e7\u00e3o das a\u00e7\u00f5es de sa\u00fade prisional.<\/p>\n<p>&#8211; PL 94\/2021: acrescenta dispositivo \u00e0 Lei Municipal 6.002\/2020: manuten\u00e7\u00e3o das a\u00e7\u00f5es de sa\u00fade prisional.<\/p>\n<p>Todas as mat\u00e9rias s\u00e3o de autoria do Executivo municipal.<\/p>\n<p><a href=\"http:\/\/folhadosudeste.com\/site\/wp-content\/uploads\/2021\/05\/DSC_2305.jpg\"><img loading=\"lazy\" decoding=\"async\" class=\"alignnone size-full wp-image-74697\" src=\"http:\/\/folhadosudeste.com\/site\/wp-content\/uploads\/2021\/05\/DSC_2305.jpg\" alt=\"\" width=\"1500\" height=\"1001\" srcset=\"https:\/\/folhadosudeste.com\/site\/wp-content\/uploads\/2021\/05\/DSC_2305.jpg 1500w, https:\/\/folhadosudeste.com\/site\/wp-content\/uploads\/2021\/05\/DSC_2305-300x200.jpg 300w, https:\/\/folhadosudeste.com\/site\/wp-content\/uploads\/2021\/05\/DSC_2305-768x513.jpg 768w, https:\/\/folhadosudeste.com\/site\/wp-content\/uploads\/2021\/05\/DSC_2305-1024x683.jpg 1024w, https:\/\/folhadosudeste.com\/site\/wp-content\/uploads\/2021\/05\/DSC_2305-120x80.jpg 120w, https:\/\/folhadosudeste.com\/site\/wp-content\/uploads\/2021\/05\/DSC_2305-345x230.jpg 345w\" sizes=\"auto, (max-width: 1500px) 100vw, 1500px\" \/><\/a> <a href=\"http:\/\/folhadosudeste.com\/site\/wp-content\/uploads\/2021\/05\/DSC_2311.jpg\"><img loading=\"lazy\" decoding=\"async\" class=\"alignnone size-full wp-image-74698\" src=\"http:\/\/folhadosudeste.com\/site\/wp-content\/uploads\/2021\/05\/DSC_2311.jpg\" alt=\"\" width=\"1500\" height=\"1023\" srcset=\"https:\/\/folhadosudeste.com\/site\/wp-content\/uploads\/2021\/05\/DSC_2311.jpg 1500w, https:\/\/folhadosudeste.com\/site\/wp-content\/uploads\/2021\/05\/DSC_2311-300x205.jpg 300w, https:\/\/folhadosudeste.com\/site\/wp-content\/uploads\/2021\/05\/DSC_2311-768x524.jpg 768w, https:\/\/folhadosudeste.com\/site\/wp-content\/uploads\/2021\/05\/DSC_2311-1024x698.jpg 1024w, https:\/\/folhadosudeste.com\/site\/wp-content\/uploads\/2021\/05\/DSC_2311-220x150.jpg 220w\" sizes=\"auto, (max-width: 1500px) 100vw, 1500px\" \/><\/a> <a href=\"http:\/\/folhadosudeste.com\/site\/wp-content\/uploads\/2021\/05\/DSC_2339.jpg\"><img loading=\"lazy\" decoding=\"async\" class=\"alignnone size-full wp-image-74699\" src=\"http:\/\/folhadosudeste.com\/site\/wp-content\/uploads\/2021\/05\/DSC_2339.jpg\" alt=\"\" width=\"1500\" height=\"919\" srcset=\"https:\/\/folhadosudeste.com\/site\/wp-content\/uploads\/2021\/05\/DSC_2339.jpg 1500w, https:\/\/folhadosudeste.com\/site\/wp-content\/uploads\/2021\/05\/DSC_2339-300x184.jpg 300w, https:\/\/folhadosudeste.com\/site\/wp-content\/uploads\/2021\/05\/DSC_2339-768x471.jpg 768w, https:\/\/folhadosudeste.com\/site\/wp-content\/uploads\/2021\/05\/DSC_2339-1024x627.jpg 1024w\" sizes=\"auto, (max-width: 1500px) 100vw, 1500px\" \/><\/a> <a href=\"http:\/\/folhadosudeste.com\/site\/wp-content\/uploads\/2021\/05\/DSC_2291.jpg\"><img loading=\"lazy\" decoding=\"async\" class=\"alignnone size-full wp-image-74700\" src=\"http:\/\/folhadosudeste.com\/site\/wp-content\/uploads\/2021\/05\/DSC_2291.jpg\" alt=\"\" width=\"1500\" height=\"933\" srcset=\"https:\/\/folhadosudeste.com\/site\/wp-content\/uploads\/2021\/05\/DSC_2291.jpg 1500w, https:\/\/folhadosudeste.com\/site\/wp-content\/uploads\/2021\/05\/DSC_2291-300x187.jpg 300w, https:\/\/folhadosudeste.com\/site\/wp-content\/uploads\/2021\/05\/DSC_2291-768x478.jpg 768w, https:\/\/folhadosudeste.com\/site\/wp-content\/uploads\/2021\/05\/DSC_2291-1024x637.jpg 1024w\" sizes=\"auto, (max-width: 1500px) 100vw, 1500px\" \/><\/a><\/p>\n<p>Fonte: CMM<\/p>\n","protected":false},"excerpt":{"rendered":"<p>Em terceira vota\u00e7\u00e3o, a C\u00e2mara de Muria\u00e9 autorizou mais de R$1,2 milh\u00e3o para a Sa\u00fade. Os projetos que disp\u00f5em sobre tais recursos \u2013 PL\u2019s 63, 85 e 95\/2021 &#8211; foram aprovados na sess\u00e3o desta ter\u00e7a-feira, dia 18, por unanimidade. As mat\u00e9rias foram colocadas em pauta por determina\u00e7\u00e3o do presidente da Casa, Afonso da Sa\u00fade (PTB). [&hellip;]<\/p>\n","protected":false},"author":6,"featured_media":0,"comment_status":"open","ping_status":"closed","sticky":false,"template":"","format":"standard","meta":{"_joinchat":[],"footnotes":""},"categories":[1],"tags":[],"class_list":["post-74695","post","type-post","status-publish","format-standard","hentry","category-sem-categoria"],"_links":{"self":[{"href":"https:\/\/folhadosudeste.com\/site\/index.php?rest_route=\/wp\/v2\/posts\/74695","targetHints":{"allow":["GET"]}}],"collection":[{"href":"https:\/\/folhadosudeste.com\/site\/index.php?rest_route=\/wp\/v2\/posts"}],"about":[{"href":"https:\/\/folhadosudeste.com\/site\/index.php?rest_route=\/wp\/v2\/types\/post"}],"author":[{"embeddable":true,"href":"https:\/\/folhadosudeste.com\/site\/index.php?rest_route=\/wp\/v2\/users\/6"}],"replies":[{"embeddable":true,"href":"https:\/\/folhadosudeste.com\/site\/index.php?rest_route=%2Fwp%2Fv2%2Fcomments&post=74695"}],"version-history":[{"count":1,"href":"https:\/\/folhadosudeste.com\/site\/index.php?rest_route=\/wp\/v2\/posts\/74695\/revisions"}],"predecessor-version":[{"id":74701,"href":"https:\/\/folhadosudeste.com\/site\/index.php?rest_route=\/wp\/v2\/posts\/74695\/revisions\/74701"}],"wp:attachment":[{"href":"https:\/\/folhadosudeste.com\/site\/index.php?rest_route=%2Fwp%2Fv2%2Fmedia&parent=74695"}],"wp:term":[{"taxonomy":"category","embeddable":true,"href":"https:\/\/folhadosudeste.com\/site\/index.php?rest_route=%2Fwp%2Fv2%2Fcategories&post=74695"},{"taxonomy":"post_tag","embeddable":true,"href":"https:\/\/folhadosudeste.com\/site\/index.php?rest_route=%2Fwp%2Fv2%2Ftags&post=74695"}],"curies":[{"name":"wp","href":"https:\/\/api.w.org\/{rel}","templated":true}]}}