{"id":74702,"date":"2021-05-19T14:17:24","date_gmt":"2021-05-19T14:17:24","guid":{"rendered":"http:\/\/folhadosudeste.com\/site\/?p=74702"},"modified":"2021-05-19T14:17:24","modified_gmt":"2021-05-19T14:17:24","slug":"carreata-marca-dia-nacional-de-combate-ao-abuso-e-exploracao-sexual-de-criancas-e-adolescentes","status":"publish","type":"post","link":"https:\/\/folhadosudeste.com\/site\/?p=74702","title":{"rendered":"Carreata marca Dia Nacional de Combate ao Abuso e Explora\u00e7\u00e3o Sexual de Crian\u00e7as e Adolescentes"},"content":{"rendered":"<p><a href=\"http:\/\/folhadosudeste.com\/site\/wp-content\/uploads\/2021\/05\/carreata01.jpeg\"><img loading=\"lazy\" decoding=\"async\" class=\"alignnone size-full wp-image-74703\" src=\"http:\/\/folhadosudeste.com\/site\/wp-content\/uploads\/2021\/05\/carreata01.jpeg\" alt=\"\" width=\"1024\" height=\"768\" srcset=\"https:\/\/folhadosudeste.com\/site\/wp-content\/uploads\/2021\/05\/carreata01.jpeg 1024w, https:\/\/folhadosudeste.com\/site\/wp-content\/uploads\/2021\/05\/carreata01-300x225.jpeg 300w, https:\/\/folhadosudeste.com\/site\/wp-content\/uploads\/2021\/05\/carreata01-768x576.jpeg 768w\" sizes=\"auto, (max-width: 1024px) 100vw, 1024px\" \/><\/a><\/p>\n<div>Durante todo o m\u00eas de maio a campanha de enfrentamento ao abuso e \u00e0 explora\u00e7\u00e3o infantil \u00e9 vinculada em meios de comunica\u00e7\u00e3o e realizada por \u00f3rg\u00e3os p\u00fablicos e n\u00e3o governamentais, com panfletos informativos, passeatas e palestras, para alertar a sociedade e mobilizar no combate desse problema.<\/div>\n<div>&nbsp;<\/div>\n<div>Uma carreata organizada pela Secretaria Municipal de Desenvolvimento Social percorreu diversos bairros e a regi\u00e3o Central de Muria\u00e9, neste dia 18 de maio, data em que se comemora, nacionalmente, o Dia Nacional de Combate ao Abuso e \u00e0 Explora\u00e7\u00e3o Sexual de Crian\u00e7as e Adolescentes.<\/div>\n<div>&nbsp;<\/div>\n<div>A secret\u00e1ria da pasta, Eveline Castro Amaral, lembrou que \u00e9 preciso que todos os cidad\u00e3os se conscientizem em proteger nossas crian\u00e7as e adolescentes de abusos e explora\u00e7\u00e3o sexual.<\/div>\n<div>&nbsp;<\/div>\n<p><!--more--><\/p>\n<div>&nbsp;<\/div>\n<div>\u201c\u00c9 um trabalho permanente e vigilante. Milhares de crian\u00e7as e de adolescentes s\u00e3o abusados todos os dias e, somente denunciando e apurando \u00e9 que ajudaremos a proteger nossas crian\u00e7as\u201d, explicou.<\/div>\n<div>&nbsp;<\/div>\n<div>De acordo com o boletim epidemiol\u00f3gico do Minist\u00e9rio da Sa\u00fade, no per\u00edodo de 2011 a 2017 as ocorr\u00eancias de viol\u00eancia sexual corresponderam a 31,5% contra crian\u00e7as (58.037 notifica\u00e7\u00f5es) e 45,0% contra adolescentes (83.068 notifica\u00e7\u00f5es).<\/div>\n<div>&nbsp;<\/div>\n<div>Eveline lembrou ainda que o prefeito Jos\u00e9 Braz e as secretarias de Desenvolvimento Econ\u00f4mico, Governo, Sa\u00fade, Educa\u00e7\u00e3o, assim como Fundarte e Demsur est\u00e3o engajadas na divulga\u00e7\u00e3o desta campanha.<\/div>\n<div>&nbsp;<\/div>\n<div>\u201cColorimos a cidade da cor laranja que \u00e9 a adotada pela campanha nacional e, tamb\u00e9m, instalamos diversas margaridinhas em pontos da cidade para que todos possam ver e entender este trabalho que \u00e9 de todos\u201d, destacou.<\/div>\n<div>&nbsp;<\/div>\n<div><strong>Diferen\u00e7a entre abuso sexual e explora\u00e7\u00e3o sexual \u2013<\/strong>&nbsp;Embora abuso sexual e explora\u00e7\u00e3o sexual sejam crimes de viol\u00eancia sexual combatidos nesta data, eles possuem significados diferentes.<\/div>\n<div>&nbsp;<\/div>\n<div>O abuso sexual acontece quando um adulto pratica ato libidinoso com uma crian\u00e7a ou adolescente, o que normalmente acontece por parentes ou pessoas pr\u00f3ximas \u00e0 fam\u00edlia.<\/div>\n<div>&nbsp;<\/div>\n<div>A explora\u00e7\u00e3o sexual consiste em usar a crian\u00e7a ou o adolescente como meio de faturar dinheiro, oferecendo o menor de 18 anos como \u201cferramenta\u201d de satisfa\u00e7\u00e3o sexual.<\/div>\n<div>&nbsp;<\/div>\n<div><strong>Disque 100: denuncie e ajude a combater a viol\u00eancia contra crian\u00e7as e adolescentes \u2013<\/strong>&nbsp;No Brasil, o Disque 100 \u00e9 um servi\u00e7o gratuito disponibilizado pela Secretaria dos Direitos Humanos da Presid\u00eancia da Rep\u00fablica que registra den\u00fancias de jovens que se sintam amea\u00e7ados ou que sofreram qualquer tipo de abuso ou explora\u00e7\u00e3o sexual. Vale destacar que as den\u00fancias s\u00e3o an\u00f4nimas e o servi\u00e7o est\u00e1 no ar 24h, incluindo fins de semana e feriados.<\/div>\n<div>&nbsp;<\/div>\n<div>Segundo o Estatuto da Crian\u00e7a e do Adolescente (ECA), outra forma de comunicar a viol\u00eancia \u00e9 entrar em contato com o Conselho Tutelar da sua cidade.<\/div>\n<div>&nbsp;<\/div>\n<div><a href=\"http:\/\/folhadosudeste.com\/site\/wp-content\/uploads\/2021\/05\/fa\u00e7a-bonito.jpeg\"><img loading=\"lazy\" decoding=\"async\" class=\"alignnone size-full wp-image-74704\" src=\"http:\/\/folhadosudeste.com\/site\/wp-content\/uploads\/2021\/05\/fa\u00e7a-bonito.jpeg\" alt=\"\" width=\"766\" height=\"511\" srcset=\"https:\/\/folhadosudeste.com\/site\/wp-content\/uploads\/2021\/05\/fa\u00e7a-bonito.jpeg 766w, https:\/\/folhadosudeste.com\/site\/wp-content\/uploads\/2021\/05\/fa\u00e7a-bonito-300x200.jpeg 300w, https:\/\/folhadosudeste.com\/site\/wp-content\/uploads\/2021\/05\/fa\u00e7a-bonito-120x80.jpeg 120w, https:\/\/folhadosudeste.com\/site\/wp-content\/uploads\/2021\/05\/fa\u00e7a-bonito-345x230.jpeg 345w\" sizes=\"auto, (max-width: 766px) 100vw, 766px\" \/><\/a><\/div>\n<div>&nbsp;<\/div>\n<div>Fonte: PMM<\/div>\n","protected":false},"excerpt":{"rendered":"<p>Durante todo o m\u00eas de maio a campanha de enfrentamento ao abuso e \u00e0 explora\u00e7\u00e3o infantil \u00e9 vinculada em meios de comunica\u00e7\u00e3o e realizada por \u00f3rg\u00e3os p\u00fablicos e n\u00e3o governamentais, com panfletos informativos, passeatas e palestras, para alertar a sociedade e mobilizar no combate desse problema. &nbsp; Uma carreata organizada pela Secretaria Municipal de Desenvolvimento [&hellip;]<\/p>\n","protected":false},"author":6,"featured_media":0,"comment_status":"open","ping_status":"closed","sticky":false,"template":"","format":"standard","meta":{"_joinchat":[],"footnotes":""},"categories":[1],"tags":[],"class_list":["post-74702","post","type-post","status-publish","format-standard","hentry","category-sem-categoria"],"_links":{"self":[{"href":"https:\/\/folhadosudeste.com\/site\/index.php?rest_route=\/wp\/v2\/posts\/74702","targetHints":{"allow":["GET"]}}],"collection":[{"href":"https:\/\/folhadosudeste.com\/site\/index.php?rest_route=\/wp\/v2\/posts"}],"about":[{"href":"https:\/\/folhadosudeste.com\/site\/index.php?rest_route=\/wp\/v2\/types\/post"}],"author":[{"embeddable":true,"href":"https:\/\/folhadosudeste.com\/site\/index.php?rest_route=\/wp\/v2\/users\/6"}],"replies":[{"embeddable":true,"href":"https:\/\/folhadosudeste.com\/site\/index.php?rest_route=%2Fwp%2Fv2%2Fcomments&post=74702"}],"version-history":[{"count":1,"href":"https:\/\/folhadosudeste.com\/site\/index.php?rest_route=\/wp\/v2\/posts\/74702\/revisions"}],"predecessor-version":[{"id":74705,"href":"https:\/\/folhadosudeste.com\/site\/index.php?rest_route=\/wp\/v2\/posts\/74702\/revisions\/74705"}],"wp:attachment":[{"href":"https:\/\/folhadosudeste.com\/site\/index.php?rest_route=%2Fwp%2Fv2%2Fmedia&parent=74702"}],"wp:term":[{"taxonomy":"category","embeddable":true,"href":"https:\/\/folhadosudeste.com\/site\/index.php?rest_route=%2Fwp%2Fv2%2Fcategories&post=74702"},{"taxonomy":"post_tag","embeddable":true,"href":"https:\/\/folhadosudeste.com\/site\/index.php?rest_route=%2Fwp%2Fv2%2Ftags&post=74702"}],"curies":[{"name":"wp","href":"https:\/\/api.w.org\/{rel}","templated":true}]}}