{"id":74710,"date":"2021-05-19T20:55:17","date_gmt":"2021-05-19T20:55:17","guid":{"rendered":"http:\/\/folhadosudeste.com\/site\/?p=74710"},"modified":"2021-05-19T20:55:17","modified_gmt":"2021-05-19T20:55:17","slug":"cpi-da-covid-comissao-define-novos-membros-e-plano-detrabalho","status":"publish","type":"post","link":"https:\/\/folhadosudeste.com\/site\/?p=74710","title":{"rendered":"CPI da Covid: comiss\u00e3o define novos membros e plano detrabalho"},"content":{"rendered":"<p><a href=\"http:\/\/folhadosudeste.com\/site\/wp-content\/uploads\/2021\/05\/DSC_2258.jpg\"><img loading=\"lazy\" decoding=\"async\" class=\"alignnone size-full wp-image-74711\" src=\"http:\/\/folhadosudeste.com\/site\/wp-content\/uploads\/2021\/05\/DSC_2258.jpg\" alt=\"\" width=\"1500\" height=\"959\" srcset=\"https:\/\/folhadosudeste.com\/site\/wp-content\/uploads\/2021\/05\/DSC_2258.jpg 1500w, https:\/\/folhadosudeste.com\/site\/wp-content\/uploads\/2021\/05\/DSC_2258-300x192.jpg 300w, https:\/\/folhadosudeste.com\/site\/wp-content\/uploads\/2021\/05\/DSC_2258-768x491.jpg 768w, https:\/\/folhadosudeste.com\/site\/wp-content\/uploads\/2021\/05\/DSC_2258-1024x655.jpg 1024w\" sizes=\"auto, (max-width: 1500px) 100vw, 1500px\" \/><\/a><\/p>\n<p>Em reuni\u00f5es iniciais da Comiss\u00e3o Parlamentar de Inqu\u00e9rito (CPI) da Covid, foram definidos seus novos membros conforme as indica\u00e7\u00f5es das bancadas na C\u00e2mara. Ap\u00f3s delibera\u00e7\u00e3o, a requerimento dos partidos PSD e Solidariedade, o vereador Celso Ricardo de Oliveira (PSD) foi eleito para ser o presidente da comiss\u00e3o \u2013 a fun\u00e7\u00e3o estava sendo ocupada at\u00e9 ent\u00e3o pelo vereador Valdinei Lacerda da Silva, do mesmo partido.<\/p>\n<p>A relatoria tamb\u00e9m sofreu altera\u00e7\u00f5es. O vereador Wellington Forim Francisco de Assis Silva (Solidariedade) passa a exercer o cargo, substituindo a vereadora Miriam Facchini (PP).<\/p>\n<p><!--more--><\/p>\n<p>&nbsp;<\/p>\n<p><b>Com isso, a CPI ficou assim formada:<\/b><\/p>\n<p>&nbsp;&#8211; Presidente: Celso Ricardo de Oliveira (PSD)<\/p>\n<p>Suplente: Anderson Oliveira da Silva (PSD)<\/p>\n<p>&nbsp;<\/p>\n<p>&nbsp;&#8211; Relator: Wellington Forim Francisco de Assis Silva (Solidariedade)<\/p>\n<p>Suplente: Delson L\u00facio Amaro de Andrade (Solidariedade)<\/p>\n<p>&nbsp;<\/p>\n<p>&nbsp;&#8211; Membros:<\/p>\n<p>\u00b7&nbsp;&nbsp;&nbsp;&nbsp;&nbsp;&nbsp;&nbsp;&nbsp;&nbsp;Valdinei Lacerda da Silva (PSD)<\/p>\n<p>Suplente: Vanderlei Luiz Lopes (PSD)<\/p>\n<p>&nbsp;<\/p>\n<p>\u00b7&nbsp;&nbsp;&nbsp;&nbsp;&nbsp;&nbsp;&nbsp;&nbsp;&nbsp;Gerson Varella Ferreira Neto (PSL)<\/p>\n<p>Suplente: Rangel Martino de Oliveira Paiva (PSB)<\/p>\n<p>&nbsp;<\/p>\n<p>\u00b7&nbsp;&nbsp;&nbsp;&nbsp;&nbsp;&nbsp;&nbsp;&nbsp;&nbsp;Miriam Facchini Barbosa (PP)<\/p>\n<p>Suplente: Devail Gomes Correa (PP)<\/p>\n<p>&nbsp;<\/p>\n<p><b>Plano de trabalho \u2013<\/b>&nbsp;Al\u00e9m da defini\u00e7\u00e3o de seus novos membros, foram deliberadas as a\u00e7\u00f5es que v\u00e3o nortear o trabalho da CPI e os dados a serem solicitados para an\u00e1lise de gastos p\u00fablicos.<\/p>\n<p>Ser\u00e3o requisitados documentos \u00e0s secretarias Municipal e Estadual de Sa\u00fade, Desenvolvimento Social e de Finan\u00e7as; Comit\u00ea Gestor Covid-19 municipal e estadual; conselhos Municipal e Estadual de Sa\u00fade; e hospitais da cidade &#8211; Hospital S\u00e3o Paulo, Prontocor e Funda\u00e7\u00e3o Cristiano Varella.<\/p>\n<p>A CPI tamb\u00e9m analisar\u00e1 a legalidade na cria\u00e7\u00e3o da rubrica autorizativa de gastos na sa\u00fade referentes \u00e0s verbas destinadas ao combate \u00e0 pandemia em Muria\u00e9. Al\u00e9m disso, v\u00e3o solicitar dados sobre o encaminhamento direto de recursos \u00e0s institui\u00e7\u00f5es de sa\u00fade do munic\u00edpio e informa\u00e7\u00f5es das fontes destas verbas. Os membros solicitar\u00e3o urg\u00eancia no fornecimento das informa\u00e7\u00f5es.<\/p>\n<p>Ser\u00e3o ouvidos, de forma pr\u00e9-definida, diretores das institui\u00e7\u00f5es de sa\u00fade, das secretarias de governo mencionadas, membros do Comit\u00ea Gestor e chefes do Executivo. Caso necess\u00e1rio, outras testemunhas ser\u00e3o convocadas no decorrer das investiga\u00e7\u00f5es.<\/p>\n<p>&nbsp;Ao final, ser\u00e1 feito relat\u00f3rio e, caso constatada alguma irregularidade, o documento ser\u00e1 encaminhado ao Minist\u00e9rio P\u00fablico.<\/p>\n<p>A CPI vai analisar recursos utilizados tanto em 2020, ano de in\u00edcio da pandemia, quanto em 2021, e ter\u00e1 prazo de 120 dias para o t\u00e9rmino dos trabalhos. Este prazo pode ser prorrogado a requerimento da comiss\u00e3o ou a crit\u00e9rio do presidente.<\/p>\n<p><a href=\"http:\/\/folhadosudeste.com\/site\/wp-content\/uploads\/2021\/05\/DSC_2261.jpg\"><img loading=\"lazy\" decoding=\"async\" class=\"alignnone size-full wp-image-74712\" src=\"http:\/\/folhadosudeste.com\/site\/wp-content\/uploads\/2021\/05\/DSC_2261.jpg\" alt=\"\" width=\"1500\" height=\"972\" srcset=\"https:\/\/folhadosudeste.com\/site\/wp-content\/uploads\/2021\/05\/DSC_2261.jpg 1500w, https:\/\/folhadosudeste.com\/site\/wp-content\/uploads\/2021\/05\/DSC_2261-300x194.jpg 300w, https:\/\/folhadosudeste.com\/site\/wp-content\/uploads\/2021\/05\/DSC_2261-768x498.jpg 768w, https:\/\/folhadosudeste.com\/site\/wp-content\/uploads\/2021\/05\/DSC_2261-1024x664.jpg 1024w\" sizes=\"auto, (max-width: 1500px) 100vw, 1500px\" \/><\/a> <a href=\"http:\/\/folhadosudeste.com\/site\/wp-content\/uploads\/2021\/05\/DSC_2262.jpg\"><img loading=\"lazy\" decoding=\"async\" class=\"alignnone size-full wp-image-74713\" src=\"http:\/\/folhadosudeste.com\/site\/wp-content\/uploads\/2021\/05\/DSC_2262.jpg\" alt=\"\" width=\"1500\" height=\"1049\" srcset=\"https:\/\/folhadosudeste.com\/site\/wp-content\/uploads\/2021\/05\/DSC_2262.jpg 1500w, https:\/\/folhadosudeste.com\/site\/wp-content\/uploads\/2021\/05\/DSC_2262-300x210.jpg 300w, https:\/\/folhadosudeste.com\/site\/wp-content\/uploads\/2021\/05\/DSC_2262-768x537.jpg 768w, https:\/\/folhadosudeste.com\/site\/wp-content\/uploads\/2021\/05\/DSC_2262-1024x716.jpg 1024w\" sizes=\"auto, (max-width: 1500px) 100vw, 1500px\" \/><\/a> <a href=\"http:\/\/folhadosudeste.com\/site\/wp-content\/uploads\/2021\/05\/DSC_2267.jpg\"><img loading=\"lazy\" decoding=\"async\" class=\"alignnone size-full wp-image-74714\" src=\"http:\/\/folhadosudeste.com\/site\/wp-content\/uploads\/2021\/05\/DSC_2267.jpg\" alt=\"\" width=\"1500\" height=\"1001\" srcset=\"https:\/\/folhadosudeste.com\/site\/wp-content\/uploads\/2021\/05\/DSC_2267.jpg 1500w, https:\/\/folhadosudeste.com\/site\/wp-content\/uploads\/2021\/05\/DSC_2267-300x200.jpg 300w, https:\/\/folhadosudeste.com\/site\/wp-content\/uploads\/2021\/05\/DSC_2267-768x513.jpg 768w, https:\/\/folhadosudeste.com\/site\/wp-content\/uploads\/2021\/05\/DSC_2267-1024x683.jpg 1024w, https:\/\/folhadosudeste.com\/site\/wp-content\/uploads\/2021\/05\/DSC_2267-120x80.jpg 120w, https:\/\/folhadosudeste.com\/site\/wp-content\/uploads\/2021\/05\/DSC_2267-345x230.jpg 345w\" sizes=\"auto, (max-width: 1500px) 100vw, 1500px\" \/><\/a><\/p>\n<p>Fonte: CMM<\/p>\n","protected":false},"excerpt":{"rendered":"<p>Em reuni\u00f5es iniciais da Comiss\u00e3o Parlamentar de Inqu\u00e9rito (CPI) da Covid, foram definidos seus novos membros conforme as indica\u00e7\u00f5es das bancadas na C\u00e2mara. Ap\u00f3s delibera\u00e7\u00e3o, a requerimento dos partidos PSD e Solidariedade, o vereador Celso Ricardo de Oliveira (PSD) foi eleito para ser o presidente da comiss\u00e3o \u2013 a fun\u00e7\u00e3o estava sendo ocupada at\u00e9 ent\u00e3o [&hellip;]<\/p>\n","protected":false},"author":6,"featured_media":0,"comment_status":"open","ping_status":"closed","sticky":false,"template":"","format":"standard","meta":{"_joinchat":[],"footnotes":""},"categories":[1],"tags":[],"class_list":["post-74710","post","type-post","status-publish","format-standard","hentry","category-sem-categoria"],"_links":{"self":[{"href":"https:\/\/folhadosudeste.com\/site\/index.php?rest_route=\/wp\/v2\/posts\/74710","targetHints":{"allow":["GET"]}}],"collection":[{"href":"https:\/\/folhadosudeste.com\/site\/index.php?rest_route=\/wp\/v2\/posts"}],"about":[{"href":"https:\/\/folhadosudeste.com\/site\/index.php?rest_route=\/wp\/v2\/types\/post"}],"author":[{"embeddable":true,"href":"https:\/\/folhadosudeste.com\/site\/index.php?rest_route=\/wp\/v2\/users\/6"}],"replies":[{"embeddable":true,"href":"https:\/\/folhadosudeste.com\/site\/index.php?rest_route=%2Fwp%2Fv2%2Fcomments&post=74710"}],"version-history":[{"count":1,"href":"https:\/\/folhadosudeste.com\/site\/index.php?rest_route=\/wp\/v2\/posts\/74710\/revisions"}],"predecessor-version":[{"id":74715,"href":"https:\/\/folhadosudeste.com\/site\/index.php?rest_route=\/wp\/v2\/posts\/74710\/revisions\/74715"}],"wp:attachment":[{"href":"https:\/\/folhadosudeste.com\/site\/index.php?rest_route=%2Fwp%2Fv2%2Fmedia&parent=74710"}],"wp:term":[{"taxonomy":"category","embeddable":true,"href":"https:\/\/folhadosudeste.com\/site\/index.php?rest_route=%2Fwp%2Fv2%2Fcategories&post=74710"},{"taxonomy":"post_tag","embeddable":true,"href":"https:\/\/folhadosudeste.com\/site\/index.php?rest_route=%2Fwp%2Fv2%2Ftags&post=74710"}],"curies":[{"name":"wp","href":"https:\/\/api.w.org\/{rel}","templated":true}]}}